{"id":364,"date":"2024-11-18T02:44:30","date_gmt":"2024-11-18T01:44:30","guid":{"rendered":"https:\/\/monde25.info\/index.php\/2024\/11\/18\/faire-travailler-gratuitement-ceux-qui-travaillent-deja-lidee-hallucinante-du-gouvernement-les-moutons-enrages\/"},"modified":"2024-11-18T02:44:30","modified_gmt":"2024-11-18T01:44:30","slug":"faire-travailler-gratuitement-ceux-qui-travaillent-deja-lidee-hallucinante-du-gouvernement-les-moutons-enrages","status":"publish","type":"post","link":"https:\/\/monde25.info\/index.php\/2024\/11\/18\/faire-travailler-gratuitement-ceux-qui-travaillent-deja-lidee-hallucinante-du-gouvernement-les-moutons-enrages\/","title":{"rendered":"Faire travailler gratuitement ceux qui travaillent d\u00e9j\u00e0\u2026 L\u2019id\u00e9e hallucinante du gouvernement. \u2013 Les moutons enrag\u00e9s"},"content":{"rendered":"<p> <br \/>\n<\/p>\n<div>\n<p>Source <a target=\"_blank\" href=\"https:\/\/insolentiae.com\/faire-travailler-gratuitement-ceux-qui-travaillent-deja-lidee-hallucinante-du-gouvernement\/\" data-type=\"link\" data-id=\"https:\/\/insolentiae.com\/faire-travailler-gratuitement-ceux-qui-travaillent-deja-lidee-hallucinante-du-gouvernement\/\">Insolentiae<\/a><\/p>\n<div class=\"wp-block-image\">\n<figure class=\"aligncenter size-large is-resized\"><img fetchpriority=\"high\" decoding=\"async\" width=\"472\" height=\"330\" src=\"https:\/\/lesmoutonsenrages.fr\/wp-content\/uploads\/2024\/11\/image-66-472x330.png\" alt=\"\" class=\"wp-image-163562\" style=\"width:410px;height:auto\" srcset=\"https:\/\/lesmoutonsenrages.fr\/wp-content\/uploads\/2024\/11\/image-66-472x330.png 472w, https:\/\/lesmoutonsenrages.fr\/wp-content\/uploads\/2024\/11\/image-66-250x175.png 250w, https:\/\/lesmoutonsenrages.fr\/wp-content\/uploads\/2024\/11\/image-66-150x105.png 150w, https:\/\/lesmoutonsenrages.fr\/wp-content\/uploads\/2024\/11\/image-66.png 502w\" sizes=\"(max-width: 472px) 100vw, 472px\"\/><\/figure>\n<\/div>\n<p>Je ne sais pas ce qu\u2019il peut passer dans la t\u00eate ou dans l\u2019esprit tordu, c\u2019est le moins que l\u2019on puisse dire de ceux qui nous dirigent.<\/p>\n<p>Leur dernier concept g\u00e9nial ?<\/p>\n<p>Travailler \u00ab gratuitement \u00bb 7 heures par an !<\/p>\n<p>Parlons d\u2019abord s\u00e9mantique.<\/p>\n<p>Travailler gratuitement c\u2019est, moins les coups de fouet, la d\u00e9finition non pas du salariat mais de l\u2019esclavagisme ou du servage.<\/p>\n<p><span id=\"more-163561\"\/><\/p>\n<p>Penser imposer du travail \u201cgratuit\u201d \u00e0 ceux qui travaillent d\u00e9j\u00e0 qui plus est, est une \u00e9vidente insulte sociale et morale jet\u00e9e \u00e0 la face du peuple.<\/p>\n<p>Je suis plut\u00f4t lib\u00e9ral dans le sens de libert\u00e9 des individus, de libert\u00e9 de choix, de libert\u00e9 de contractualiser etc\u2026<\/p>\n<p>Me dire que je dois travailler gratuitement est aussi une aberration lib\u00e9rale.<\/p>\n<p>Dans le lib\u00e9ralisme, dans le capitalisme rien n\u2019est gratuit et certainement pas le travail des gens !<\/p>\n<p>Autrefois on parlait de supprimer un jour f\u00e9ri\u00e9, d\u2019une journ\u00e9e de \u201csolidarit\u00e9\u201d. Evidemment le r\u00e9sultat est identique. Vous travaillez plus sans augmentation de salaire, mais le syst\u00e8me avait la d\u00e9cence de vous \u00e9pargner la provocation consistant \u00e0 dire qu\u2019il fallait travailler \u201cgratuitement\u201d.<\/p>\n<p><strong>Voici ce que nous rapporte le Figaro (<a target=\"_blank\" href=\"https:\/\/www.lefigaro.fr\/social\/travailler-gratuitement-7-heures-par-an-cette-piste-qui-interesse-le-ministre-de-l-economie-pour-renflouer-la-securite-sociale-20241114\" target=\"_blank\" rel=\"noreferrer noopener\">source ici<\/a>)<\/strong><\/p>\n<p>\u201cLes s\u00e9nateurs ont d\u00e9pos\u00e9 mercredi un amendement au budget de la S\u00e9curit\u00e9 sociale visant \u00e0 augmenter la dur\u00e9e de travail annuelle de sept heures, afin de d\u00e9gager 2,5 milliards d\u2019euros pour la branche autonomie.<\/p>\n<p>Plut\u00f4t que la suppression d\u2019un jour f\u00e9ri\u00e9, les s\u00e9nateurs ont eu une autre id\u00e9e pour trouver des recettes suppl\u00e9mentaires. Dans le cade du d\u00e9bat sur le budget 2025 de la S\u00e9curit\u00e9 sociale, la commission des affaires sociales de la chambre haute a d\u00e9pos\u00e9 mercredi un amendement visant \u00e0 faire travailler \u00abgratuitement\u00bb les Fran\u00e7ais sept heures par an. Le texte, d\u00e9pos\u00e9 par la rapporteure g\u00e9n\u00e9rale de la commission, la centriste \u00c9lisabeth Doineau, dit vouloir renforcer \u00ab le financement de la branche autonomie au moyen d\u2019une augmentation de sept heures de la dur\u00e9e annuelle de travail, pour un temps plein, des personnes en emploi, dans le secteur priv\u00e9 comme dans les fonctions publiques \u00bb.<\/p>\n<p>\u00ab Ce n\u2019est pas une journ\u00e9e f\u00e9ri\u00e9e, ce n\u2019est pas le 11 novembre que l\u2019on r\u00e9duit, on est bien en temps de travail \u00bb, a pr\u00e9cis\u00e9 le s\u00e9nateur LR Philippe Mouiller et pr\u00e9sident de la commission des affaires sociales au cours d\u2019une conf\u00e9rence de presse organis\u00e9e mercredi, consacr\u00e9e \u00e0 la pr\u00e9sentation des amendements au projet de loi de financement de la S\u00e9curit\u00e9 sociale (PLFSS) pour l\u2019ann\u00e9e 2025. Interrog\u00e9 \u00e0 ce sujet jeudi matin sur Sud Radio, le ministre de l\u2019\u00c9conomie Antoine Armand a jug\u00e9 la proposition \u00ab int\u00e9ressante \u00bb et \u00ab judicieuse \u00bb. \u00ab On va avoir le d\u00e9bat, il faut regarder le d\u00e9tail \u00bb, a-t-il ajout\u00e9, assurant que le gouvernement allait \u00ab \u00e9tudier \u00bb cette piste qui va dans le sens de \u00ab travailler davantage \u00bb.<\/p>\n<p>La mise en application de cette mesure serait laiss\u00e9e \u00e0 l\u2019appr\u00e9ciation des entreprises ou des branches, insistent les s\u00e9nateurs. \u00ab \u00c7a peut se traduire par une journ\u00e9e par an, \u00e7a peut se traduire par 1h40 par mois \u00bb, a indiqu\u00e9 Philippe Mouiller. \u00ab L\u2019id\u00e9e, c\u2019est qu\u2019il y ait un d\u00e9bat avec les partenaires sociaux sur la mise en application du principe \u00bb, a pr\u00e9cis\u00e9 le s\u00e9nateur. \u00ab Une totale souplesse sera laiss\u00e9e aux acteurs de terrain pour d\u00e9finir (ses modalit\u00e9s d\u2019accomplissement) en fonction de leurs besoins et de leur organisation \u00bb, soutient l\u2019amendement, qui \u00e9voque une \u00ab contribution de solidarit\u00e9 par le travail \u00bb.<\/p>\n<p>En \u00e9change du b\u00e9n\u00e9fice de ce travail \u00ab gratuit \u00bb, les employeurs verraient leur contribution de solidarit\u00e9 pour l\u2019autonomie vers\u00e9e \u00e0 la S\u00e9cu passer de 0,3 % \u00e0 0,6 %. De quoi permettre \u00e0 la S\u00e9curit\u00e9 sociale de d\u00e9gager environ 2,5 milliards d\u2019euros suppl\u00e9mentaires, chiffrent les s\u00e9nateurs, qui souhaitent voir ces ressources \u00eatre affect\u00e9es exclusivement \u00e0 la branche autonomie. Et ce, \u00ab afin de l\u2019aider \u00e0 faire face \u00e0 ses d\u00e9penses croissantes en mati\u00e8re d\u2019aide aux personnes \u00e2g\u00e9es d\u00e9pendantes ou aux personnes en situation de handicap, dans un contexte de vieillissement in\u00e9luctable de la population fran\u00e7aise \u00bb.\u201d<\/p>\n<p>Mettre au travail ceux qui ne travaillent pas !<\/p>\n<p>Voil\u00e0 le message \u00e0 faire passer \u00e0 nos aimables s\u00e9nateurs, \u00e0 nos aimables d\u00e9put\u00e9s. Ecrivez-leur ou faites leur copie de cet article.<\/p>\n<p>Il faut mettre au travail ceux qui, par millions, ne travaillent pas, parce que pour beaucoup, les conditions de l\u2019inactivit\u00e9 sont identiques aux conditions du travail, la fatigue du travail et le patron en moins\u2026 Alors il ne faut pas s\u2019\u00e9tonner de l\u2019effondrement \u00e9conomique de notre pays.<\/p>\n<p>Nous ne redresserons jamais, je dis bien JAMAIS la France, en faisant travailler plus chaque ann\u00e9e (temps de travail), et toujours plus longtemps (d\u00e9part \u00e0 la retraite) ceux qui bossent d\u00e9j\u00e0 et qui payent tout.<\/p>\n<p>Nous redresserons ce pays en mettant au boulot les 6 millions de personnes qui n\u2019y sont pas.<\/p>\n<p>Nous allons juste \u00e9puiser ceux qui travaillent d\u00e9j\u00e0 et qui finiront par jeter l\u2019\u00e9ponge pour rejoindre le rang des assist\u00e9s.<\/p>\n<p>Nous marchons sur la t\u00eate, et c\u2019est pour \u00e7a que nous marchons sur la dette.<\/p>\n<p>Charles SANNAT<\/p>\n<p>Tous les articles, la tribune libre et commentaires sont sous la responsabilit\u00e9 de leurs auteurs. Les Moutons Enrag\u00e9s ne sauraient \u00eatre tenus responsables de leur contenu ou orientation.<\/p>\n<\/p><\/div>\n<p><br \/>\n<br \/><a href=\"https:\/\/lesmoutonsenrages.fr\/2024\/11\/17\/faire-travailler-gratuitement-ceux-qui-travaillent-deja-lidee-hallucinante-du-gouvernement\/\" target=\"_blank\"\">Source link <\/a><\/p>\n","protected":false},"excerpt":{"rendered":"<p>Source Insolentiae Je ne sais pas ce qu\u2019il peut passer dans la t\u00eate ou dans l\u2019esprit tordu, c\u2019est le moins que l\u2019on puisse dire de ceux qui nous dirigent. Leur&hellip; <\/p>\n","protected":false},"author":1,"featured_media":365,"comment_status":"open","ping_status":"open","sticky":false,"template":"","format":"standard","meta":{"footnotes":""},"categories":[1],"tags":[],"class_list":["post-364","post","type-post","status-publish","format-standard","has-post-thumbnail","hentry","category-non-classe"],"_links":{"self":[{"href":"https:\/\/monde25.info\/index.php\/wp-json\/wp\/v2\/posts\/364","targetHints":{"allow":["GET"]}}],"collection":[{"href":"https:\/\/monde25.info\/index.php\/wp-json\/wp\/v2\/posts"}],"about":[{"href":"https:\/\/monde25.info\/index.php\/wp-json\/wp\/v2\/types\/post"}],"author":[{"embeddable":true,"href":"https:\/\/monde25.info\/index.php\/wp-json\/wp\/v2\/users\/1"}],"replies":[{"embeddable":true,"href":"https:\/\/monde25.info\/index.php\/wp-json\/wp\/v2\/comments?post=364"}],"version-history":[{"count":0,"href":"https:\/\/monde25.info\/index.php\/wp-json\/wp\/v2\/posts\/364\/revisions"}],"wp:featuredmedia":[{"embeddable":true,"href":"https:\/\/monde25.info\/index.php\/wp-json\/wp\/v2\/media\/365"}],"wp:attachment":[{"href":"https:\/\/monde25.info\/index.php\/wp-json\/wp\/v2\/media?parent=364"}],"wp:term":[{"taxonomy":"category","embeddable":true,"href":"https:\/\/monde25.info\/index.php\/wp-json\/wp\/v2\/categories?post=364"},{"taxonomy":"post_tag","embeddable":true,"href":"https:\/\/monde25.info\/index.php\/wp-json\/wp\/v2\/tags?post=364"}],"curies":[{"name":"wp","href":"https:\/\/api.w.org\/{rel}","templated":true}]}}