{"id":3645,"date":"2025-03-02T15:26:03","date_gmt":"2025-03-02T14:26:03","guid":{"rendered":"https:\/\/monde25.info\/index.php\/2025\/03\/02\/cyclone-garance-a-la-reunion-deux-morts-et-deux-disparus\/"},"modified":"2025-03-02T15:26:03","modified_gmt":"2025-03-02T14:26:03","slug":"cyclone-garance-a-la-reunion-deux-morts-et-deux-disparus","status":"publish","type":"post","link":"https:\/\/monde25.info\/index.php\/2025\/03\/02\/cyclone-garance-a-la-reunion-deux-morts-et-deux-disparus\/","title":{"rendered":"Cyclone Garance \u00e0 La R\u00e9union\u00a0: deux morts et deux disparus"},"content":{"rendered":"<p> <br \/>\n<br \/><img loading=\"lazy\" decoding=\"async\" src=\"https:\/\/reporterre.net\/local\/cache-vignettes\/L700xH467\/garanceattaquetornade-73b3e.jpg?1740752637\" class=\"spip_logo\" width=\"700\" height=\"467\" alt=\"\" \/><\/p>\n<p>L&rsquo;\u00eele de La R\u00e9union est plac\u00e9e en alerte rouge vendredi 28\u00a0f\u00e9vrier au passage du cyclone Garance. Des vents violents allant jusqu&rsquo;\u00e0 234\u00a0km\/h ont \u00e9t\u00e9 enregistr\u00e9s selon M\u00e9t\u00e9o France. <br class=\"autobr\" \/><br \/>\nPatrice Latron, le pr\u00e9fet de l&rsquo;\u00eele, a annonc\u00e9 sur France Info qu&rsquo;une femme d&rsquo;une cinquantaine d&rsquo;ann\u00e9es \u00e9tait d\u00e9c\u00e9d\u00e9e. Une seconde personne a \u00e9galement \u00e9t\u00e9 retrouv\u00e9e morte suite \u00e0 un incendie d&rsquo;origine \u00e9lectrique selon la pr\u00e9fecture. Deux autres personnes sont port\u00e9es disparues. <br class=\"autobr\" \/><br \/>\n180 000 personnes priv\u00e9es\u00a0(\u2026)<\/p>\n<p>                    <a target=\"_blank\" href=\"https:\/\/reporterre.net\/Cyclone-Garance-a-La-Reunion-une-morte-et-deux-disparus?utm_source=RSS&amp;utm_medium=RSS\">Lire la suite<\/a><\/p>\n<p>                    &#8211;<br \/>\n                        <a target=\"_blank\" href=\"https:\/\/reporterre.net\/Breves-20\" rel=\"directory\">En bref<\/a><\/p>\n<p>                    \/<br \/>\n                        <a target=\"_blank\" href=\"https:\/\/reporterre.net\/Climat-18\" rel=\"tag\">Climat <\/a><br \/>\n<br \/><br \/>\n<br \/><a href=\"https:\/\/reporterre.net\/Cyclone-Garance-a-La-Reunion-une-morte-et-deux-disparus\" target=\"_blank\"\">Source link <\/a><\/p>\n","protected":false},"excerpt":{"rendered":"<p>L&rsquo;\u00eele de La R\u00e9union est plac\u00e9e en alerte rouge vendredi 28\u00a0f\u00e9vrier au passage du cyclone Garance. Des vents violents allant jusqu&rsquo;\u00e0 234\u00a0km\/h ont \u00e9t\u00e9 enregistr\u00e9s selon M\u00e9t\u00e9o France. Patrice Latron,&hellip; <\/p>\n","protected":false},"author":1,"featured_media":3646,"comment_status":"open","ping_status":"open","sticky":false,"template":"","format":"standard","meta":{"footnotes":""},"categories":[1],"tags":[],"class_list":["post-3645","post","type-post","status-publish","format-standard","has-post-thumbnail","hentry","category-non-classe"],"_links":{"self":[{"href":"https:\/\/monde25.info\/index.php\/wp-json\/wp\/v2\/posts\/3645","targetHints":{"allow":["GET"]}}],"collection":[{"href":"https:\/\/monde25.info\/index.php\/wp-json\/wp\/v2\/posts"}],"about":[{"href":"https:\/\/monde25.info\/index.php\/wp-json\/wp\/v2\/types\/post"}],"author":[{"embeddable":true,"href":"https:\/\/monde25.info\/index.php\/wp-json\/wp\/v2\/users\/1"}],"replies":[{"embeddable":true,"href":"https:\/\/monde25.info\/index.php\/wp-json\/wp\/v2\/comments?post=3645"}],"version-history":[{"count":0,"href":"https:\/\/monde25.info\/index.php\/wp-json\/wp\/v2\/posts\/3645\/revisions"}],"wp:featuredmedia":[{"embeddable":true,"href":"https:\/\/monde25.info\/index.php\/wp-json\/wp\/v2\/media\/3646"}],"wp:attachment":[{"href":"https:\/\/monde25.info\/index.php\/wp-json\/wp\/v2\/media?parent=3645"}],"wp:term":[{"taxonomy":"category","embeddable":true,"href":"https:\/\/monde25.info\/index.php\/wp-json\/wp\/v2\/categories?post=3645"},{"taxonomy":"post_tag","embeddable":true,"href":"https:\/\/monde25.info\/index.php\/wp-json\/wp\/v2\/tags?post=3645"}],"curies":[{"name":"wp","href":"https:\/\/api.w.org\/{rel}","templated":true}]}}