{"id":3653,"date":"2025-03-02T17:44:34","date_gmt":"2025-03-02T16:44:34","guid":{"rendered":"https:\/\/monde25.info\/index.php\/2025\/03\/02\/le-plan-de-riposte-de-retailleau-revele-dans-une-note-fuitee-rt-en-francais\/"},"modified":"2025-03-02T17:44:34","modified_gmt":"2025-03-02T16:44:34","slug":"le-plan-de-riposte-de-retailleau-revele-dans-une-note-fuitee-rt-en-francais","status":"publish","type":"post","link":"https:\/\/monde25.info\/index.php\/2025\/03\/02\/le-plan-de-riposte-de-retailleau-revele-dans-une-note-fuitee-rt-en-francais\/","title":{"rendered":"le plan de riposte de Retailleau r\u00e9v\u00e9l\u00e9 dans une note fuit\u00e9e \u2014 RT en fran\u00e7ais"},"content":{"rendered":"<p> <br \/>\n<br \/><img decoding=\"async\" src=\"https:\/\/mf.b37mrtl.ru\/french\/images\/2025.03\/thumbnail\/67c4816c6f7ccc541b3a2a65.jpg\" \/><\/p>\n<div>\n<p class=\"text__summary\">\n                                        L\u2019hebdomadaire fran\u00e7ais La Tribune dimanche a publi\u00e9 sur son site internet, ce 2 mars, une note interne \u00e9manant du minist\u00e8re fran\u00e7ais de l\u2019Int\u00e9rieur dans laquelle figurent les d\u00e9tails de la strat\u00e9gie visant \u00e0 mettre en place un rapport de force avec l\u2019Alg\u00e9rie.\n                                    <\/p>\n<p>Un document portant le titre \u00ab<a target=\"_blank\" href=\"https:\/\/www.latribune.fr\/la-tribune-dimanche\/dans-le-monde\/exclusif-france-algerie-la-note-secrete-qui-fixe-la-ligne-retailleau-1019536.html\" target=\"_blank\" rel=\"noopener noreferrer\">Crise politique avec l\u2019Alg\u00e9rie\u00a0: de la n\u00e9cessit\u00e9 d\u2019engager un rapport de force<\/a>\u00bb vient d\u2019\u00eatre publi\u00e9 en exclusivit\u00e9 par<em> La Tribune dimanche<\/em>. Il s\u2019agit d\u2019un document hautement confidentiel pr\u00e9par\u00e9 par les fonctionnaires du minist\u00e8re de l\u2019Int\u00e9rieur relevant de la responsabilit\u00e9 du ministre, Bruno Retailleau.<\/p>\n<p>Cette note, suppos\u00e9e confidentielle, dresse\u00a0le constat de la d\u00e9gradation des relations franco-alg\u00e9riennes et d\u00e9voile un plan visant \u00e0 \u00abaccentuer la pression\u00bb sur Alger. Il s\u2019agit d\u2019une feuille de route pour l\u2019\u00e9tablissement d\u2019un <a target=\"_blank\" href=\"https:\/\/francais.rt.com\/france\/117168-attaque-couteau-mulhouse-retailleau-algerie\">rapport de force avec l\u2019Alg\u00e9rie<\/a> pour lequel avait plaid\u00e9 Bruno Retailleau apr\u00e8s l\u2019attaque au couteau de Mulhouse.<\/p>\n<h2>Les mesures pr\u00e9conis\u00e9es par Retailleau pour mettre la pression sur Alger<\/h2>\n<p>La m\u00eame source rapporte que la note interne du minist\u00e8re fran\u00e7ais pr\u00e9conise la mise en place de \u00abrestrictions massives\u00bb des visas ciblant l\u2019ensemble de la population alg\u00e9rienne, y compris les responsables militaires et \u00e9conomiques, ainsi que la suspension de l\u2019activit\u00e9 \u00abdes compagnies a\u00e9riennes et maritimes alg\u00e9riennes\u00bb et la convocation de la vingtaine de consuls alg\u00e9riens en France pour \u00ableur rappeler les termes de l\u2019arrangement de 1994 entre la France et l\u2019Alg\u00e9rie sur la r\u00e9admission de leurs nationaux\u00bb.<\/p>\n<p>Les services du minist\u00e8re fran\u00e7ais de l\u2019Int\u00e9rieur r\u00e9v\u00e8lent dans ce document que durant l\u2019ann\u00e9e 2024, la France a d\u00e9livr\u00e9 245 000 visas court et long s\u00e9jour alors que sur les 25 000 individus faisant l\u2019objet d\u2019OQTF, 2 999 seulement ont pu \u00eatre renvoy\u00e9s en Alg\u00e9rie.<\/p>\n<p>Ultime suggestion de la note fuit\u00e9e pour accentuer la pression sur Alger, \u00able ralentissement des proc\u00e9dures d\u2019indemnisation\u00bb des victimes \u2013 \u00e9valu\u00e9es \u00e0 quelques dizaines de milliers selon les m\u00e9dias alg\u00e9riens \u2013 des 17 essais nucl\u00e9aires que la France avait effectu\u00e9s sur le territoire alg\u00e9rien entre 1960 et 1966.<\/p>\n<h2>Des restrictions d\u00e9j\u00e0 en application<\/h2>\n<p>Dans une d\u00e9claration \u00e0 la presse ce 2 mars, Bruno Retailleau affirme que des ressortissants alg\u00e9riens ont d\u00e9j\u00e0 \u00e9t\u00e9 expuls\u00e9s du territoire fran\u00e7ais \u00e0 leur arriv\u00e9e \u00e0 l\u2019a\u00e9roport de Roissy. \u00abNous avons d\u00e9j\u00e0 mis en \u0153uvre une riposte \u00e0 nos fronti\u00e8res, \u00e0 Roissy notamment, o\u00f9 l\u2019on exige d\u00e9sormais un ordre de mission pour les Alg\u00e9riens pr\u00e9sentant un passeport diplomatique \u00e0 nos postes-fronti\u00e8res\u00bb, a d\u00e9clar\u00e9 le ministre fran\u00e7ais de l\u2019int\u00e9rieur.<\/p>\n<p>Ce m\u00eame jour, le m\u00e9dia alg\u00e9rien AL24News a r\u00e9v\u00e9l\u00e9 que la femme de l\u2019ambassadeur alg\u00e9rien au Mali, Kamel Retieb, avait \u00e9t\u00e9 <a target=\"_blank\" href=\"https:\/\/francais.rt.com\/news\/117444-police-frontieres-francaise-refoule-femme-diplomate-alg%C3%A9rien\">refoul\u00e9e\u00a0\u00e0 la fronti\u00e8re<\/a>\u00a0alors qu\u2019elle avait en sa possession son certificat d\u2019h\u00e9bergement, une assurance et la carte de cr\u00e9dit de son \u00e9poux.<\/p>\n<h2>Une fuite qui met \u00e0 mal le discours de Macron<\/h2>\n<p>Ces r\u00e9v\u00e9lations de la note interne du minist\u00e8re de l\u2019Int\u00e9rieur interviennent deux jours apr\u00e8s l&rsquo;annonce d&rsquo;une d\u00e9sescalade par Emmanuel Macron. Le chef de l\u2019\u00c9tat fran\u00e7ais avait appel\u00e9 \u00e0 la reprise du travail avec Alger pour sauvegarder l\u2019int\u00e9r\u00eat des deux pays.<\/p>\n<p>Il avait alors temp\u00e9r\u00e9 les d\u00e9clarations de ses ministres \u00e0 propos des accords de 1968, pr\u00e9cisant\u00a0que c&rsquo;\u00e9tait des accords de 1994\u00a0dont il \u00e9tait question et qu\u2019il avait entam\u00e9 avec son homologue alg\u00e9rien un mouvement visant \u00e0 les moderniser.<\/p>\n<\/div>\n<p><br \/>\n<br \/><a href=\"https:\/\/francais.rt.com\/france\/117457-crise-avec-algerie-plan-riposte-france-retailleau-note-fuite-beauvau\" target=\"_blank\"\">Source link <\/a><\/p>\n","protected":false},"excerpt":{"rendered":"<p>L\u2019hebdomadaire fran\u00e7ais La Tribune dimanche a publi\u00e9 sur son site internet, ce 2 mars, une note interne \u00e9manant du minist\u00e8re fran\u00e7ais de l\u2019Int\u00e9rieur dans laquelle figurent les d\u00e9tails de la&hellip; <\/p>\n","protected":false},"author":1,"featured_media":3654,"comment_status":"open","ping_status":"open","sticky":false,"template":"","format":"standard","meta":{"footnotes":""},"categories":[1],"tags":[],"class_list":["post-3653","post","type-post","status-publish","format-standard","has-post-thumbnail","hentry","category-non-classe"],"_links":{"self":[{"href":"https:\/\/monde25.info\/index.php\/wp-json\/wp\/v2\/posts\/3653","targetHints":{"allow":["GET"]}}],"collection":[{"href":"https:\/\/monde25.info\/index.php\/wp-json\/wp\/v2\/posts"}],"about":[{"href":"https:\/\/monde25.info\/index.php\/wp-json\/wp\/v2\/types\/post"}],"author":[{"embeddable":true,"href":"https:\/\/monde25.info\/index.php\/wp-json\/wp\/v2\/users\/1"}],"replies":[{"embeddable":true,"href":"https:\/\/monde25.info\/index.php\/wp-json\/wp\/v2\/comments?post=3653"}],"version-history":[{"count":0,"href":"https:\/\/monde25.info\/index.php\/wp-json\/wp\/v2\/posts\/3653\/revisions"}],"wp:featuredmedia":[{"embeddable":true,"href":"https:\/\/monde25.info\/index.php\/wp-json\/wp\/v2\/media\/3654"}],"wp:attachment":[{"href":"https:\/\/monde25.info\/index.php\/wp-json\/wp\/v2\/media?parent=3653"}],"wp:term":[{"taxonomy":"category","embeddable":true,"href":"https:\/\/monde25.info\/index.php\/wp-json\/wp\/v2\/categories?post=3653"},{"taxonomy":"post_tag","embeddable":true,"href":"https:\/\/monde25.info\/index.php\/wp-json\/wp\/v2\/tags?post=3653"}],"curies":[{"name":"wp","href":"https:\/\/api.w.org\/{rel}","templated":true}]}}