{"id":3655,"date":"2025-03-02T18:21:46","date_gmt":"2025-03-02T17:21:46","guid":{"rendered":"https:\/\/monde25.info\/index.php\/2025\/03\/02\/extreme-droite-comment-le-fpo-est-devenu-le-premier-parti-dautriche\/"},"modified":"2025-03-02T18:21:46","modified_gmt":"2025-03-02T17:21:46","slug":"extreme-droite-comment-le-fpo-est-devenu-le-premier-parti-dautriche","status":"publish","type":"post","link":"https:\/\/monde25.info\/index.php\/2025\/03\/02\/extreme-droite-comment-le-fpo-est-devenu-le-premier-parti-dautriche\/","title":{"rendered":"Extr\u00eame droite: comment le FP\u00d6 est devenu le premier parti d\u2019Autriche"},"content":{"rendered":"<p> <br \/>\n<br \/>Vainqueur des \u00e9lections l\u00e9gislatives, le parti n\u2019est pas parvenu \u00e0 s\u2019accorder avec les conservateurs pour former une coalition. Il reste toutefois la premi\u00e8re force politique du pays. Retour sur l\u2019histoire de ce parti fond\u00e9 par d\u2019anciens nazis et pr\u00e9curseur de la mont\u00e9e des extr\u00eames droites en Europe.<br \/>\n<br \/><br \/>\n<br \/><a href=\"https:\/\/www.mediapart.fr\/journal\/international\/020325\/extreme-droite-comment-le-fpoe-est-devenu-le-premier-parti-d-autriche\" target=\"_blank\"\">Source link <\/a><\/p>\n","protected":false},"excerpt":{"rendered":"<p>Vainqueur des \u00e9lections l\u00e9gislatives, le parti n\u2019est pas parvenu \u00e0 s\u2019accorder avec les conservateurs pour former une coalition. Il reste toutefois la premi\u00e8re force politique du pays. Retour sur l\u2019histoire&hellip; <\/p>\n","protected":false},"author":1,"featured_media":3656,"comment_status":"open","ping_status":"open","sticky":false,"template":"","format":"standard","meta":{"footnotes":""},"categories":[1],"tags":[],"class_list":["post-3655","post","type-post","status-publish","format-standard","has-post-thumbnail","hentry","category-non-classe"],"_links":{"self":[{"href":"https:\/\/monde25.info\/index.php\/wp-json\/wp\/v2\/posts\/3655","targetHints":{"allow":["GET"]}}],"collection":[{"href":"https:\/\/monde25.info\/index.php\/wp-json\/wp\/v2\/posts"}],"about":[{"href":"https:\/\/monde25.info\/index.php\/wp-json\/wp\/v2\/types\/post"}],"author":[{"embeddable":true,"href":"https:\/\/monde25.info\/index.php\/wp-json\/wp\/v2\/users\/1"}],"replies":[{"embeddable":true,"href":"https:\/\/monde25.info\/index.php\/wp-json\/wp\/v2\/comments?post=3655"}],"version-history":[{"count":0,"href":"https:\/\/monde25.info\/index.php\/wp-json\/wp\/v2\/posts\/3655\/revisions"}],"wp:featuredmedia":[{"embeddable":true,"href":"https:\/\/monde25.info\/index.php\/wp-json\/wp\/v2\/media\/3656"}],"wp:attachment":[{"href":"https:\/\/monde25.info\/index.php\/wp-json\/wp\/v2\/media?parent=3655"}],"wp:term":[{"taxonomy":"category","embeddable":true,"href":"https:\/\/monde25.info\/index.php\/wp-json\/wp\/v2\/categories?post=3655"},{"taxonomy":"post_tag","embeddable":true,"href":"https:\/\/monde25.info\/index.php\/wp-json\/wp\/v2\/tags?post=3655"}],"curies":[{"name":"wp","href":"https:\/\/api.w.org\/{rel}","templated":true}]}}