{"id":3667,"date":"2025-03-02T23:35:50","date_gmt":"2025-03-02T22:35:50","guid":{"rendered":"https:\/\/monde25.info\/index.php\/2025\/03\/02\/les-malfaiteurs-accusent-des-ukrainiens-dy-preparer-un-attentat-rt-en-francais\/"},"modified":"2025-03-02T23:35:50","modified_gmt":"2025-03-02T22:35:50","slug":"les-malfaiteurs-accusent-des-ukrainiens-dy-preparer-un-attentat-rt-en-francais","status":"publish","type":"post","link":"https:\/\/monde25.info\/index.php\/2025\/03\/02\/les-malfaiteurs-accusent-des-ukrainiens-dy-preparer-un-attentat-rt-en-francais\/","title":{"rendered":"les malfaiteurs accusent des Ukrainiens d&rsquo;y pr\u00e9parer un attentat \u2014 RT en fran\u00e7ais"},"content":{"rendered":"<p> <br \/>\n<br \/><img decoding=\"async\" src=\"https:\/\/mf.b37mrtl.ru\/french\/images\/2025.03\/thumbnail\/67c47cc487f3ec1422271830.jpg\" \/><\/p>\n<div>\n<p class=\"text__summary\">\n                                        Le ch\u00e2teau de Versailles a de nouveau \u00e9t\u00e9 la cible d&rsquo;une fausse alerte \u00e0 la bombe le 1er mars. Contrairement \u00e0 un incident similaire survenu en 2023, o\u00f9 le message provenait d&rsquo;une personne souffrant de schizophr\u00e9nie, cette fois-ci la cause serait le conflit en Ukraine.\n                                    <\/p>\n<p>Le 1er mars, le ch\u00e2teau de Versailles a\u00a0encore\u00a0<a target=\"_blank\" href=\"https:\/\/www.lefigaro.fr\/faits-divers\/nous-organisons-des-attentats-pour-reveiller-les-francais-nouvelle-fausse-alerte-a-la-bombe-au-chateau-de-versailles-20250302\" target=\"_blank\" rel=\"noopener noreferrer\">fait l&rsquo;objet<\/a> d&rsquo;une alerte \u00e0 la bombe, fausse une nouvelle fois. Cependant, la situation internationale tendue\u00a0pourrait \u00eatre \u00e0 l&rsquo;origine du\u00a0canular.<\/p>\n<p>\u00abDes r\u00e9sistants ukrainiens ont mis en place des bombes aujourd\u2019hui au ch\u00e2teau de Versailles, la France n\u2019en fait pas assez pour soutenir l\u2019Ukraine, nous organisons des attentats pour r\u00e9veiller les Fran\u00e7ais sur la n\u00e9cessit\u00e9 d\u2019envoyer des troupes europ\u00e9ennes combattre la Russie en Ukraine, notre pays est agress\u00e9 et Macron ne fait rien\u00bb, a-t-on pu lire dans le message publi\u00e9 sur le portail \u00ab<a target=\"_blank\" href=\"https:\/\/moncommissariat.fr\/\" target=\"_blank\" rel=\"noopener noreferrer\">moncommissariat.fr<\/a>\u00bb, qui permet de communiquer en temps r\u00e9el avec la police.<\/p>\n<p>Il a \u00e9t\u00e9 d\u00e9cid\u00e9 de ne pas \u00e9vacuer le palais car une v\u00e9rification des points strat\u00e9giques n&rsquo;a pas confirm\u00e9 la pr\u00e9sence d&rsquo;une bombe.<\/p>\n<p>En 2023, suite \u00e0 <a target=\"_blank\" href=\"https:\/\/www.leparisien.fr\/yvelines-78\/lauteur-dune-alerte-a-la-bombe-au-chateau-de-versailles-condamne-a-verser-60-000-euros-18-11-2024-5JA7Q7ZJJFB7TPFU3BL5LLX4CE.php\" target=\"_blank\" rel=\"noopener noreferrer\">l&rsquo;appel<\/a> d&rsquo;un homme de 37 ans, 11 000 personnes avaient \u00e9t\u00e9 \u00e9vacu\u00e9es du ch\u00e2teau de Versailles. L&rsquo;individu avait \u00e9t\u00e9 condamn\u00e9 \u00e0 payer 60 500 euros d&rsquo;amende.<\/p>\n<\/div>\n<p><br \/>\n<br \/><a href=\"https:\/\/francais.rt.com\/france\/117456-fausse-alerte-bombe-versailles-malfaiteurs-accusent-ukrainiens\" target=\"_blank\"\">Source link <\/a><\/p>\n","protected":false},"excerpt":{"rendered":"<p>Le ch\u00e2teau de Versailles a de nouveau \u00e9t\u00e9 la cible d&rsquo;une fausse alerte \u00e0 la bombe le 1er mars. Contrairement \u00e0 un incident similaire survenu en 2023, o\u00f9 le message&hellip; <\/p>\n","protected":false},"author":1,"featured_media":3668,"comment_status":"open","ping_status":"open","sticky":false,"template":"","format":"standard","meta":{"footnotes":""},"categories":[1],"tags":[],"class_list":["post-3667","post","type-post","status-publish","format-standard","has-post-thumbnail","hentry","category-non-classe"],"_links":{"self":[{"href":"https:\/\/monde25.info\/index.php\/wp-json\/wp\/v2\/posts\/3667","targetHints":{"allow":["GET"]}}],"collection":[{"href":"https:\/\/monde25.info\/index.php\/wp-json\/wp\/v2\/posts"}],"about":[{"href":"https:\/\/monde25.info\/index.php\/wp-json\/wp\/v2\/types\/post"}],"author":[{"embeddable":true,"href":"https:\/\/monde25.info\/index.php\/wp-json\/wp\/v2\/users\/1"}],"replies":[{"embeddable":true,"href":"https:\/\/monde25.info\/index.php\/wp-json\/wp\/v2\/comments?post=3667"}],"version-history":[{"count":0,"href":"https:\/\/monde25.info\/index.php\/wp-json\/wp\/v2\/posts\/3667\/revisions"}],"wp:featuredmedia":[{"embeddable":true,"href":"https:\/\/monde25.info\/index.php\/wp-json\/wp\/v2\/media\/3668"}],"wp:attachment":[{"href":"https:\/\/monde25.info\/index.php\/wp-json\/wp\/v2\/media?parent=3667"}],"wp:term":[{"taxonomy":"category","embeddable":true,"href":"https:\/\/monde25.info\/index.php\/wp-json\/wp\/v2\/categories?post=3667"},{"taxonomy":"post_tag","embeddable":true,"href":"https:\/\/monde25.info\/index.php\/wp-json\/wp\/v2\/tags?post=3667"}],"curies":[{"name":"wp","href":"https:\/\/api.w.org\/{rel}","templated":true}]}}