{"id":3714,"date":"2025-03-03T19:56:27","date_gmt":"2025-03-03T18:56:27","guid":{"rendered":"https:\/\/monde25.info\/index.php\/2025\/03\/03\/la-science-ne-doit-pas-valoriser-la-demesure\/"},"modified":"2025-03-03T19:56:27","modified_gmt":"2025-03-03T18:56:27","slug":"la-science-ne-doit-pas-valoriser-la-demesure","status":"publish","type":"post","link":"https:\/\/monde25.info\/index.php\/2025\/03\/03\/la-science-ne-doit-pas-valoriser-la-demesure\/","title":{"rendered":"\u00ab\u00a0La science ne doit pas valoriser la d\u00e9mesure\u00a0\u00bb"},"content":{"rendered":"<p> <br \/>\n<\/p>\n<div>\n<p>Pr\u00e8s de 400 scientifiques <a target=\"_blank\" href=\"https:\/\/www.liberation.fr\/idees-et-debats\/tribunes\/il-faut-renoncer-au-futur-mega-collisionneur-de-particules-du-cern-par-400-scientifiques-20250225_5XHFW4JKRNFPDJTH52UF3B5PR4\/\" class=\"spip_out\" rel=\"external\">signaient une tribune dans <i>Lib\u00e9ration<\/i><\/a>, le 25\u00a0f\u00e9vrier, appelant \u00e0 renoncer au projet de m\u00e9gacollisionneur de particules du Cern, l\u2019Organisation europ\u00e9enne pour la recherche nucl\u00e9aire. Celle-ci veut construire \u00e0 la fronti\u00e8re franco-suisse, pr\u00e8s de Gen\u00e8ve, un gigantesque tunnel souterrain, de 90,7\u00a0km de circonf\u00e9rence.<\/p>\n<p><a target=\"_blank\" href=\"https:\/\/reporterre.net\/Le-chantier-de-la-demesure-des-physiciens-veulent-creuser-un-tunnel-de-91-km-en-Haute\" class=\"lien_lireaussi\"><strong>Lire aussi : <\/strong> <span>\u00ab<small class=\"fine d-inline\">\u00a0<\/small>Le chantier de la d\u00e9mesure<small class=\"fine d-inline\">\u00a0<\/small>\u00bb\u00a0: des physiciens veulent creuser un tunnel de 91\u00a0km en Haute-Savoie<\/span><\/a><\/p>\n<p>Ce <a target=\"_blank\" href=\"https:\/\/home.cern\/fr\/science\/accelerators\/future-circular-collider\" class=\"spip_out\" rel=\"external\">futur collisionneur circulaire, ou <span class=\"caps\">FCC<\/span><\/a>, doit aider \u00e0 percer certains myst\u00e8res de physique fondamentale, \u00e0 propos des particules \u00e9l\u00e9mentaires, dans l\u2019infiniment petit, ou de mieux comprendre le Big Bang. Mais sans aucune certitude quant \u00e0 la pertinence de cet outil pharaonique, d\u00e9noncent les signataires, et au prix d\u2019\u00e9normes cons\u00e9quences \u00e9cologiques potentielles, <a target=\"_blank\" href=\"https:\/\/reporterre.net\/Le-chantier-de-la-demesure-des-physiciens-veulent-creuser-un-tunnel-de-91-km-sous-les\">comme l\u2019expliquait r\u00e9cemment <i>Reporterre<\/i><\/a>.<\/p>\n<p>Il est urgent pour la recherche scientifique de mieux prendre en compte le d\u00e9sastre \u00e9cologique en cours, affirme Fabienne Barataud, chercheuse en g\u00e9ographie sociale \u00e0 l\u2019Inrae, membre du collectif <a target=\"_blank\" href=\"https:\/\/reporterre.net\/Face-a-la-crise-ecologique-les-scientifiques-passent-a-l-action\">Scientifiques en r\u00e9bellion<\/a> et coautrice de la tribune. Elle appelle \u00e0 sortir d\u2019une forme d\u2019hubris symbolis\u00e9e par ce <span class=\"caps\">FCC<\/span>.<\/p>\n<hr class=\"spip\"\/>\n<p><strong>Reporterre \u2014 Ce nouveau projet du Cern est-il le symbole d\u2019un angle mort de la science fondamentale, qui n\u2019aurait toujours pas int\u00e9gr\u00e9 les enjeux \u00e9cologiques dans son logiciel<small class=\"fine d-inline\">\u00a0<\/small>?<\/strong><\/p>\n<p><strong>Fabienne Barataud \u2014<\/strong> C\u2019est une culture que doivent davantage d\u00e9velopper les diverses communaut\u00e9s scientifiques. Elles doivent comprendre que certaines formes de recherche fondamentale, qui pouvaient para\u00eetre l\u00e9gitimes par le pass\u00e9, sont aujourd\u2019hui contraintes par l\u2019urgence \u00e9cologique qui est sans commune mesure avec ce que l\u2019on a connu. Le co\u00fbt climatique, environnemental et \u00e9conomique du <span class=\"caps\">FCC<\/span> est monstrueux et doit \u00eatre mis en regard avec ses b\u00e9n\u00e9fices potentiels.<\/p>\n<div class=\"spip_document_89121 spip_document spip_documents spip_document_image spip_documents_center spip_document_center spip_document_avec_legende\" data-legende-len=\"73\" data-legende-lenx=\"xx\">\n<figure class=\"spip_doc_inner\">\n      <picture><source type=\"image\/webp\" srcset=\"https:\/\/reporterre.net\/local\/cache-vignettes\/L1050xH1356\/2025_01_cern_geneve_v2_1__1_-e5b81.jpg@.webp?1740995749\"><img decoding=\"async\" src=\"https:\/\/reporterre.net\/IMG\/jpg\/2025_01_cern_geneve_v2_1__1_.jpg\" width=\"1317\" height=\"1701\" loading=\"lazy\" alt=\"\"\/><br \/>\n    <\/source><\/picture><figcaption class=\"spip_doc_legende\">\n<p>Le futur collisionneur circulaire du Cern.<br \/>\n<i>\u00a9 Louise Allain \/ Reporterre<br \/>\n<\/i><\/p>\n<\/figcaption><\/figure>\n<\/p><\/div>\n<p><strong>Le projet de <span class=\"caps\">FCC<\/span> est en effet estim\u00e9 \u00e0 16 milliards d\u2019euros\u00a0: comment expliquez-vous que cette branche de la physique s\u2019attire \u00e0 ce point les faveurs des pouvoirs publics, alors m\u00eame qu\u2019elle est pr\u00e9sent\u00e9e comme de la science \u00ab<small class=\"fine d-inline\">\u00a0<\/small>fondamentale<small class=\"fine d-inline\">\u00a0<\/small>\u00bb, sans retour sur investissement imm\u00e9diat pour les \u00e9lites politiques\u00a0et \u00e9conomiques<small class=\"fine d-inline\">\u00a0<\/small>?<\/strong><\/p>\n<p>Si la science th\u00e9orique du Cern n\u2019a pas d\u2019applications imm\u00e9diates, ses installations n\u00e9cessitent le d\u00e9veloppement de sciences appliqu\u00e9es (\u00e9lectronique, alliages, superconducteurs, etc.) qui pourront, elles, avoir des applications \u00e0 court terme dans les domaines industriels et militaires.<\/p>\n<p>Certaines sciences b\u00e9n\u00e9ficient, en outre, d\u2019une aura de l\u00e9gitimit\u00e9 construite historiquement. En France, les sciences reli\u00e9es directement aux math\u00e9matiques ont toujours \u00e9t\u00e9 per\u00e7ues comme <i>\u00ab<small class=\"fine d-inline\">\u00a0<\/small>plus nobles<small class=\"fine d-inline\">\u00a0<\/small>\u00bb<\/i> que les autres. Un imaginaire commun sur la science, v\u00e9hicul\u00e9 par les images et r\u00e9cits, de science-fiction notamment, s\u2019est aussi construit autour de domaines comme la conqu\u00eate spatiale, l\u2019informatique ou la g\u00e9n\u00e9tique.<\/p>\n<blockquote class=\"spip\">\n<p>\u00ab<small class=\"fine d-inline\">\u00a0<\/small>Une sorte de passe-droit<small class=\"fine d-inline\">\u00a0<\/small>\u00bb<\/p>\n<\/blockquote>\n<p>Mais surtout, ce projet gigantesque fait \u00e9cho \u00e0 un imaginaire de la d\u00e9mesure et de la puissance qui est celui de nos \u00e9lites. Dans une soci\u00e9t\u00e9 qui a fait de la croissance et de la domination (sur la nature, les minorit\u00e9s, les femmes, etc.) ses piliers, les grands instruments scientifiques sont des machines \u00e0 faire tourner le syst\u00e8me et le r\u00e9cit qui l\u2019accompagne\u00a0: on cr\u00e9e de la croissance \u00e9conomique, de l\u2019emploi, de l\u2019investissement.<\/p>\n<p>Il est d\u2019ailleurs curieux de noter que les projets hors normes (en astrophysique, recherche spatiale, physique des particules, qui se chiffrent en milliards d\u2019euros) b\u00e9n\u00e9ficient d\u2019une sorte de passe-droit, compar\u00e9 \u00e0 la difficult\u00e9 de financer d\u2019autres domaines de recherche, alors m\u00eame que les r\u00e9sultats attendus sont hautement incertains.<\/p>\n<p>Tout se passe alors comme si la port\u00e9e scientifique devenait un enjeu mineur au regard des enjeux g\u00e9opolitiques. Autrement dit, dans le cas pr\u00e9cis, les financeurs semblent au moins autant attentifs au <i>soft power<\/i> induit qu\u2019\u00e0 la science r\u00e9ellement produite.<\/p>\n<p><strong>La production de connaissance scientifique participe \u00e0 forger la vision du monde d\u2019une soci\u00e9t\u00e9. Orienter diff\u00e9remment les efforts de recherche pourrait-il avoir un effet vertueux sur le degr\u00e9 de conscience \u00e9cologique de notre civilisation<small class=\"fine d-inline\">\u00a0<\/small>?<\/strong><\/p>\n<p>On valorise aujourd\u2019hui la d\u00e9mesure, le <i>\u00ab<small class=\"fine d-inline\">\u00a0<\/small>grand<small class=\"fine d-inline\">\u00a0<\/small>\u00bb<\/i>, la puissance et le projet du Cern s\u2019inscrit dans cette hubris. C\u2019est ce qui peut expliquer aussi, avec toutes les raisons \u00e9voqu\u00e9es pr\u00e9c\u00e9demment, que la physique est mieux financ\u00e9e que la litt\u00e9rature m\u00e9di\u00e9vale anglaise, la compr\u00e9hension des invert\u00e9br\u00e9s ou les travaux sur le genre.<\/p>\n<p>La science a pourtant un potentiel pour g\u00e9n\u00e9rer de nouveaux imaginaires et de l\u2019\u00e9merveillement. D\u00e9velopper une connaissance fine de certains \u00e9cosyst\u00e8mes, des interactions entre le lichen et les arbres, par exemple, a de quoi rendre admiratif de la complexit\u00e9 et de la beaut\u00e9 de ces m\u00e9canismes. La science peut renforcer notre lien au vivant, elle n\u2019est pas condamn\u00e9e \u00e0 \u00eatre une mise \u00e0 distance du monde. Mais elle doit pour cela arr\u00eater de nous faire r\u00eaver de d\u00e9mesure prom\u00e9th\u00e9enne et nous ramener vers une proximit\u00e9 et un respect du vivant.<\/p>\n<p><strong>Ne craignez-vous pas que vos critiques contre une exp\u00e9rience de science dite \u00ab<small class=\"fine d-inline\">\u00a0<\/small>fondamentale<small class=\"fine d-inline\">\u00a0<\/small>\u00bb soient mal comprises, au moment o\u00f9 la science et la libert\u00e9 acad\u00e9mique <a target=\"_blank\" href=\"https:\/\/reporterre.net\/Femme-climat-Trump-interdit-des-mots-dans-les-articles-scientifiques\">sont violemment attaqu\u00e9es aux \u00c9tats-Unis<\/a>, et o\u00f9 la qu\u00eate de connaissance pour la connaissance, d\u00e9nu\u00e9e d\u2019utilitarisme \u00e9conomique, est de plus en plus affaiblie<small class=\"fine d-inline\">\u00a0<\/small>?<\/strong><\/p>\n<p>Il faut r\u00e9ussir \u00e0 tenir sur une ligne de cr\u00eate. D\u00e9noncer, d\u2019un c\u00f4t\u00e9, les attaques de Donald Trump contre la science, ou plut\u00f4t contre toute forme de pens\u00e9e critique et autonome, qu\u2019elle soit scientifique, artistique, journalistique, syndicaliste, etc.<\/p>\n<p>De l\u2019autre, lutter contre les int\u00e9r\u00eats \u00e9conomiques, que ce soit ceux des milliardaires de la tech, du secteur fossile, de l\u2019agro-industrie ou du luxe, qui orientent massivement la recherche scientifique, en pratiquant l\u2019entrisme, en multipliant les partenariats public-priv\u00e9 avec des laboratoires <a target=\"_blank\" href=\"https:\/\/reporterre.net\/TotalEnergies-abandonne-son-projet-de-batiment-a-Polytechnique\">ou des universit\u00e9s<\/a>, voire en montant leurs propres campus, drainant des sommes colossales.<\/p>\n<p><a target=\"_blank\" href=\"https:\/\/reporterre.net\/Femme-climat-Trump-interdit-des-mots-dans-les-articles-scientifiques\" class=\"lien_lireaussi\"><strong>Lire aussi : <\/strong> <span>\u00ab<small class=\"fine d-inline\">\u00a0<\/small>Femme<small class=\"fine d-inline\">\u00a0<\/small>\u00bb, \u00ab<small class=\"fine d-inline\">\u00a0<\/small>climat<small class=\"fine d-inline\">\u00a0<\/small>\u00bb&#8230; Trump interdit des mots dans les articles scientifiques<\/span><\/a><\/p>\n<p>La recherche <i>\u00ab<small class=\"fine d-inline\">\u00a0<\/small>pure<small class=\"fine d-inline\">\u00a0<\/small>\u00bb<\/i> n\u2019a jamais exist\u00e9. Et les ressources \u00e9tant limit\u00e9es, il est l\u00e9gitime de questionner quelle recherche on souhaite prioriser, au service de la soci\u00e9t\u00e9. La m\u00e9thode scientifique est l\u2019exercice d\u2019une pens\u00e9e critique. Il serait paradoxal que le champ de la recherche refuse d\u2019appliquer \u00e0 soi-m\u00eame ce regard critique et de discuter du bien-fond\u00e9 scientifique de certains projets, d\u2019autant plus lorsqu\u2019ils ont l\u2019envergure de ceux du Cern.<\/p>\n<p><strong>Comment d\u00e9mocratiser la science, pour garantir son ind\u00e9pendance, \u00e0 la fois vis-\u00e0-vis des pouvoirs autoritaires et contre la puissance des int\u00e9r\u00eats capitalistes<small class=\"fine d-inline\">\u00a0<\/small>?<\/strong><\/p>\n<p>Une des pistes pourrait \u00eatre de multiplier les exp\u00e9riences de Conventions citoyennes et les forums citoyens, pour associer la soci\u00e9t\u00e9 civile aux grandes orientations de la recherche scientifique. Il est bien s\u00fbr important que les chercheurs gardent leur libert\u00e9, leurs intuitions pour faire avancer leurs recherches de mani\u00e8re autonome.<\/p>\n<p>Il ne peut pas y avoir de planification citoyenne absolue, mais certains chercheurs doivent comprendre que la situation actuelle doit \u00e9voluer\u00a0: alors que la recherche est massivement orient\u00e9e par des int\u00e9r\u00eats priv\u00e9s et que la science pourrait apporter beaucoup plus de r\u00e9ponses face au d\u00e9sastre \u00e9cologique en cours, ne pas prendre position aujourd\u2019hui, c\u2019est favoriser le statu quo.<\/p>\n<aside class=\"boite_encarts\">\n<div class=\"encart encart_gris noprint\">\n<p><strong>Puisque vous \u00eates l\u00e0&#8230;<\/strong><\/p>\n<p>&#8230; nous avons un petit service \u00e0 vous demander.<br class=\"autobr\"\/><br \/>\nEntre la pr\u00e9sence d\u2019un climatosceptique \u00e0 la t\u00eate de la premi\u00e8re puissance mondiale, un gouvernement fran\u00e7ais qui flirte avec l\u2019extr\u00eame-droite, et les catastrophes climatiques qui s\u2019enchainent&#8230; Faire vivre l\u2019\u00e9cologie dans le d\u00e9bat public est un enjeu crucial.<\/p>\n<p>Personne ne modifie ce que nous publions. Nous n\u2019avons ni actionnaire, ni propri\u00e9taire milliardaire \u2014 seulement une \u00e9quipe d\u2019irr\u00e9ductibles journalistes, pleine de d\u00e9termination.<\/p>\n<p>Nous avons la conviction que l\u2019urgence \u00e9cologique est l\u2019enjeu majeur de notre \u00e9poque. Et comme plus de 2 millions de lectrices et lecteurs chaque mois, vous partagez sans doute cette conviction&#8230;<\/p>\n<p><strong>Depuis 12 ans, nous publions des articles de qualit\u00e9 sur l\u2019\u00e9cologie, en acc\u00e8s libre et sans publicit\u00e9, pour tous.<\/strong><br class=\"autobr\"\/><br \/>\nMais ce travail demande beaucoup de temps et de ressources.<\/p>\n<p>Alors, si vous en avez les moyens, sachez qu\u2019un don, m\u00eame d\u20191\u20ac, est un acte de soutien fort pour l\u2019\u00e9cologie et le journalisme ind\u00e9pendant.<br class=\"autobr\"\/><br \/>\n(Et \u00e7a vous prendra moins de temps que la lecture de ce texte).<\/p>\n<p><strong>Si vous le pouvez, choisissez un soutien mensuel. Merci.<\/strong><\/p>\n<p><a target=\"_blank\" href=\"https:\/\/reporterre.net\/dons\" class=\"bt_soutenir\">Je soutiens <i>Reporterre<\/i><\/a><\/p>\n<\/p><\/div>\n<div class=\"encart encart_vert noprint montre_1023\">\n<div class=\"infolettre-form-container noprint\">\n<p>Abonnez-vous \u00e0 la lettre d\u2019info de Reporterre<\/p>\n<\/div><\/div>\n<\/aside>\n<aside class=\"boite_apresarticle encart_note\">\n<h4>Apr\u00e8s cet article<\/h4>\n<p>      <a target=\"_blank\" href=\"https:\/\/reporterre.net\/Le-chantier-de-la-demesure-des-physiciens-veulent-creuser-un-tunnel-de-91-km-en-Haute\" class=\"lien_article\">\n      <picture class=\"vignette_gauche\"><source type=\"image\/webp\" srcset=\"https:\/\/reporterre.net\/https:\/\/reporterre.net\/local\/cache-vignettes\/L450xH300\/illustration_sans_titre_2_-70b7f.jpg@.webp?1739380212\"><img decoding=\"async\" src=\"https:\/\/reporterre.net\/local\/cache-vignettes\/L450xH300\/illustration_sans_titre_2_-70b7f.jpg?1739380212\" width=\"450\" height=\"300\" alt=\"\" class=\"marge12\" loading=\"lazy\"\/><br \/>\n<\/source><\/picture>\n<p class=\"libelle\">\n<p>          Reportage \u2014<\/p>\n<p>      Sciences\n    <\/p>\n<p class=\"titre pol20\">\u00ab<small class=\"fine d-inline\">\u00a0<\/small>Le chantier de la d\u00e9mesure<small class=\"fine d-inline\">\u00a0<\/small>\u00bb\u00a0: des physiciens veulent creuser un tunnel de 91\u00a0km en Haute-Savoie<\/p>\n<p>      <\/a><br \/>\n    <\/aside>\n<aside class=\"boite_complement texte\">\n<p>      <!-- zone_forum --><br \/>\n          <\/aside>\n<aside class=\"boite_lireaussi noprint\">\n<\/aside>\n<aside class=\"colonne\">\n<div class=\"article_info cache_1023 noprint\">\n<p>    <span class=\"date\">3 mars 2025  \u00e0 17h40<\/span><\/p>\n<p class=\"duree_lecture\">\n        Dur\u00e9e de lecture : 6 minutes\n      <\/p>\n<\/p><\/div>\n<div class=\"bloc_infolettre\">\n<div class=\"infolettre-form-container noprint\">\n<p>Abonnez-vous \u00e0 la lettre d\u2019info de Reporterre<\/p>\n<\/div><\/div>\n<\/aside>\n<div id=\"galerie\">\n  <img decoding=\"async\" src=\"\" class=\"principale\" id=\"principale\"\/><\/p>\n<p id=\"legende\">legende<\/p>\n<\/div>\n<footer class=\"noprint\">\n<\/footer>\n<\/div>\n<p><br \/>\n<br \/><a href=\"https:\/\/reporterre.net\/Projet-geant-d-accelerateur-de-particules-La-science-ne-doit-pas-valoriser-la-demesure\" target=\"_blank\"\">Source link <\/a><\/p>\n","protected":false},"excerpt":{"rendered":"<p>Pr\u00e8s de 400 scientifiques signaient une tribune dans Lib\u00e9ration, le 25\u00a0f\u00e9vrier, appelant \u00e0 renoncer au projet de m\u00e9gacollisionneur de particules du Cern, l\u2019Organisation europ\u00e9enne pour la recherche nucl\u00e9aire. Celle-ci veut&hellip; <\/p>\n","protected":false},"author":1,"featured_media":3715,"comment_status":"open","ping_status":"open","sticky":false,"template":"","format":"standard","meta":{"footnotes":""},"categories":[1],"tags":[],"class_list":["post-3714","post","type-post","status-publish","format-standard","has-post-thumbnail","hentry","category-non-classe"],"_links":{"self":[{"href":"https:\/\/monde25.info\/index.php\/wp-json\/wp\/v2\/posts\/3714","targetHints":{"allow":["GET"]}}],"collection":[{"href":"https:\/\/monde25.info\/index.php\/wp-json\/wp\/v2\/posts"}],"about":[{"href":"https:\/\/monde25.info\/index.php\/wp-json\/wp\/v2\/types\/post"}],"author":[{"embeddable":true,"href":"https:\/\/monde25.info\/index.php\/wp-json\/wp\/v2\/users\/1"}],"replies":[{"embeddable":true,"href":"https:\/\/monde25.info\/index.php\/wp-json\/wp\/v2\/comments?post=3714"}],"version-history":[{"count":0,"href":"https:\/\/monde25.info\/index.php\/wp-json\/wp\/v2\/posts\/3714\/revisions"}],"wp:featuredmedia":[{"embeddable":true,"href":"https:\/\/monde25.info\/index.php\/wp-json\/wp\/v2\/media\/3715"}],"wp:attachment":[{"href":"https:\/\/monde25.info\/index.php\/wp-json\/wp\/v2\/media?parent=3714"}],"wp:term":[{"taxonomy":"category","embeddable":true,"href":"https:\/\/monde25.info\/index.php\/wp-json\/wp\/v2\/categories?post=3714"},{"taxonomy":"post_tag","embeddable":true,"href":"https:\/\/monde25.info\/index.php\/wp-json\/wp\/v2\/tags?post=3714"}],"curies":[{"name":"wp","href":"https:\/\/api.w.org\/{rel}","templated":true}]}}