{"id":3730,"date":"2025-03-04T02:00:38","date_gmt":"2025-03-04T01:00:38","guid":{"rendered":"https:\/\/monde25.info\/index.php\/2025\/03\/04\/un-pari-risque-pour-lecologie\/"},"modified":"2025-03-04T02:00:38","modified_gmt":"2025-03-04T01:00:38","slug":"un-pari-risque-pour-lecologie","status":"publish","type":"post","link":"https:\/\/monde25.info\/index.php\/2025\/03\/04\/un-pari-risque-pour-lecologie\/","title":{"rendered":"un pari risqu\u00e9 pour l\u2019\u00e9cologie"},"content":{"rendered":"<p> <br \/>\n<\/p>\n<div>\n<p>Le symbole est de taille. Le p\u00e9riph\u00e9rique parisien, axe strat\u00e9gique au <a target=\"_blank\" href=\"https:\/\/www.lesechos.fr\/industrie-services\/tourisme-transport\/les-vrais-chiffres-du-peripherique-parisien-1181341\" class=\"spip_out\" rel=\"external\">1,1\u00a0million<\/a> de v\u00e9hicules quotidiens et point noir de pollution atmosph\u00e9rique en \u00cele-de-France, a depuis le 3\u00a0mars sa voie de gauche r\u00e9serv\u00e9e durant les heures de pointe aux transports en commun, taxis et v\u00e9hicules en covoiturage.<\/p>\n<p>Deux autres axes routiers strat\u00e9giques, les autoroutes A1 et A13 desservant le Nord et l\u2019Ouest de la capitale, pr\u00e9voient <a target=\"_blank\" href=\"https:\/\/www.dir.ile-de-france.developpement-durable.gouv.fr\/mise-en-place-des-voies-reservees-heritage-jop-sur-a1802.html\" class=\"spip_out\" rel=\"external\">\u00e9galement de mettre en place le dispositif<\/a> en cas d\u2019embouteillages.<\/p>\n<p>Les panneaux lumineux install\u00e9s pour la signalisation de la voie olympique, r\u00e9serv\u00e9e aux personnes accr\u00e9dit\u00e9es <a target=\"_blank\" href=\"https:\/\/reporterre.net\/JO-2024-20-000-personnes-expulsees-en-Ile-de-France\" class=\"spip_in\">durant les <span class=\"caps\">JO<\/span> 2024<\/a>, vont \u00eatre r\u00e9utilis\u00e9s pour l\u2019op\u00e9ration. Le losange noir symbolique de ces voies r\u00e9serv\u00e9es est apparu pour la premi\u00e8re fois \u00e0 Grenoble et Lyon en 2020. Il a ensuite fleuri sur des grands axes proches de Rennes, Strasbourg et Bordeaux.<\/p>\n<h2 class=\"spip\">Amendes \u00e0 venir<\/h2>\n<p>Il a jusqu\u2019alors montr\u00e9 des r\u00e9sultats quasi nuls, en raison de l\u2019absence de contr\u00f4le. <i>\u00ab<small class=\"fine d-inline\">\u00a0<\/small>Les usagers, au bout d\u2019un moment, se rendent compte qu\u2019il n\u2019y a pas de sanction. Cela conf\u00e8re une certaine impunit\u00e9<small class=\"fine d-inline\">\u00a0<\/small>\u00bb<\/i>, constate Bruno Levilly, sp\u00e9cialiste du sujet pour le Cerema, \u00e9tablissement public d\u2019expertise dans le domaine de l\u2019am\u00e9nagement et des transports.<\/p>\n<p>Mais les choses devraient \u00e9voluer, car, depuis l\u2019\u00e9t\u00e9 2024, des radars automatiques commencent \u00e0 \u00eatre install\u00e9s aux abords des voies r\u00e9serv\u00e9es. <a target=\"_blank\" href=\"https:\/\/reporterre.net\/Des-grandes-villes-testent-des-voies-de-covoiturage-et-leurs-radars-dedies\">Comme <i>Reporterre<\/i> l\u2019\u00e9crivait en 2023<\/a>, des cam\u00e9ras infrarouges sont capables de d\u00e9tecter la pr\u00e9sence de passagers, m\u00eame \u00e0 l\u2019arri\u00e8re du v\u00e9hicule, et de transmettre les clich\u00e9s suspects \u00e0 un agent de police. Des amendes de 135\u00a0euros seront envoy\u00e9es aux contrevenants \u00e0 partir du mois de mai.<\/p>\n<h2 class=\"spip\">L\u2019espace le plus pollu\u00e9 de la capitale<\/h2>\n<p>Chez Les R\u00e9publicains, on combat de longue date ce dispositif, estimant qu\u2019il repr\u00e9sente un <i>\u00ab<small class=\"fine d-inline\">\u00a0<\/small>risque d\u2019embouteillages massifs<small class=\"fine d-inline\">\u00a0<\/small>\u00bb<\/i> et qu\u2019il pourrait entra\u00eener une <i>\u00ab<small class=\"fine d-inline\">\u00a0<\/small>hausse de la pollution de l\u2019air et son d\u00e9placement sur les itin\u00e9raires de report<small class=\"fine d-inline\">\u00a0<\/small>\u00bb<\/i>, selon les mots prononc\u00e9s en f\u00e9vrier par Val\u00e9rie P\u00e9cresse, pr\u00e9sidente de la r\u00e9gion \u00cele-de-France.<\/p>\n<p>En face, la Ville de Paris lui oppose des arguments \u00e9cologiques\u00a0: la voiture individuelle repr\u00e9sente \u00e0 elle seule plus de 15<small class=\"fine d-inline\">\u00a0<\/small>% des \u00e9missions de gaz \u00e0 effet de serre en France et le p\u00e9riph\u00e9rique est l\u2019espace le plus pollu\u00e9 de la capitale, avec un nombre de particules ultrafines 2 \u00e0 2,5\u00a0fois sup\u00e9rieur aux taux observ\u00e9s sur les sites urbains parisiens. Le covoiturage est identifi\u00e9 comme un levier d\u2019action majeur car 80<small class=\"fine d-inline\">\u00a0<\/small>% des v\u00e9hicules qui circulent sur le p\u00e9riph\u00e9rique ne transportent pas de passager, d\u2019apr\u00e8s la mairie socialiste.<\/p>\n<div class=\"spip_document_89125 spip_document spip_documents spip_document_image spip_documents_center spip_document_center spip_document_avec_legende\" data-legende-len=\"166\" data-legende-lenx=\"xxx\">\n<figure class=\"spip_doc_inner\">\n      <picture><source type=\"image\/webp\" srcset=\"https:\/\/reporterre.net\/local\/cache-vignettes\/L1050xH688\/autoroute_a1_c-79721.jpg@.webp?1740998961\"><img decoding=\"async\" src=\"https:\/\/reporterre.net\/IMG\/jpg\/autoroute_a1_c.jpg\" width=\"1200\" height=\"786\" loading=\"lazy\" alt=\"\"\/><br \/>\n    <\/source><\/picture><figcaption class=\"spip_doc_legende\">\n<p>Les autoroutes A1 et A13 qui desservent le Nord et l\u2019Ouest de la capitale pr\u00e9voient aussi de recourir \u00e0 ce dispositif en cas d\u2019embouteillages.<br \/>\n<i>\u00a9 P-<span class=\"caps\">O. C.<\/span>\/ Reporterre<br \/>\n<\/i><\/p>\n<\/figcaption><\/figure>\n<\/p><\/div>\n<p>Au-del\u00e0 des symboles, et de la bataille politique, les voies r\u00e9serv\u00e9es doivent encore faire la preuve de leur efficacit\u00e9. Dans un premier temps, l\u2019effet sur le trafic ne devrait pas \u00eatre spectaculaire, estime la Direction des routes d\u2019\u00cele-de-France, car le nombre de voitures sur les routes, et donc la quantit\u00e9 globale de bouchons, devrait rester le m\u00eame.<\/p>\n<p>Mais ce nouveau <i>\u00ab<small class=\"fine d-inline\">\u00a0<\/small>coupe-file<small class=\"fine d-inline\">\u00a0<\/small>\u00bb<\/i> offrira n\u00e9anmoins un gain de temps aux covoitureurs <i>\u00ab<small class=\"fine d-inline\">\u00a0<\/small>de dix minutes en moyenne, sans g\u00e9n\u00e9rer d\u2019allongement significatif pour les autres usagers<small class=\"fine d-inline\">\u00a0<\/small>\u00bb<\/i>, \u00e9crit le service \u00e9tatique <a target=\"_blank\" href=\"https:\/\/www.dir.ile-de-france.developpement-durable.gouv.fr\/mise-en-place-des-voies-reservees-heritage-jop-sur-a1802.html\" class=\"spip_out\" rel=\"external\">sur son site<\/a>.<\/p>\n<h2 class=\"spip\">Le paradoxe du trafic induit<\/h2>\n<p>\u00c0 plus long terme, Paris esp\u00e8re que des automobilistes d\u00e9laisseront leur auto pour le covoiturage. Mais qui dit moins de voitures, dit moins d\u2019embouteillages. Ce qui pourrait inciter d\u2019autres conducteurs \u00e0 prendre le volant. Notamment si l\u2019offre de transports en commun n\u2019est pas au rendez-vous. Cela pourrait paradoxalement induire une hausse du trafic, d\u2019un volume difficile \u00e0 quantifier.<\/p>\n<p>La municipalit\u00e9 con\u00e7oit donc cette mesure comme une pi\u00e8ce d\u2019un dispositif global visant \u00e0 r\u00e9duire la place de la voiture. L\u2019automne dernier, l\u2019\u00e9quipe municipale a ainsi act\u00e9 la r\u00e9duction de <a target=\"_blank\" href=\"https:\/\/reporterre.net\/Peripherique-a-50-km-h-Et-pourquoi-pas-y-rouler-un-jour-a-velo\">la vitesse \u00e0 50\u00a0km\/h sur le p\u00e9riph\u00e9rique<\/a> et le d\u00e9ploiement d\u2019une <a target=\"_blank\" href=\"https:\/\/www.paris.fr\/pages\/paris-cree-une-zone-apaisee-dans-le-centre-de-la-capitale-20426\" class=\"spip_out\" rel=\"external\"><i>\u00ab<small class=\"fine d-inline\">\u00a0<\/small>zone \u00e0 trafic limit\u00e9<small class=\"fine d-inline\">\u00a0<\/small>\u00bb<\/i><\/a> en centre-ville.<\/p>\n<blockquote class=\"spip\">\n<p>\u00ab<small class=\"fine d-inline\">\u00a0<\/small>\u00c0 Rennes, la voie r\u00e9serv\u00e9e a \u00e9t\u00e9 install\u00e9e sur une bande d\u2019arr\u00eat d\u2019urgence<small class=\"fine d-inline\">\u00a0<\/small>\u00bb<\/p>\n<\/blockquote>\n<p>En 2022, l\u2019Atelier du boulevard p\u00e9riph\u00e9rique, instance r\u00e9unissant Paris, des collectivit\u00e9s franciliennes et des associations a rendu <a target=\"_blank\" href=\"https:\/\/www.apur.org\/fr\/nos-travaux\/ateliers-boulevard-peripherique\" class=\"spip_out\" rel=\"external\">un livre blanc<\/a> dessinant un sc\u00e9nario d\u2019\u00e9volution radicale du p\u00e9riph\u00e9rique en boulevard urbain, avec des feux de circulation pour limiter le nombre de voitures et des milliers d\u2019arbres constituant une <i>\u00ab<small class=\"fine d-inline\">\u00a0<\/small>ceinture verte<small class=\"fine d-inline\">\u00a0<\/small>\u00bb<\/i>.<\/p>\n<p>Une telle perspective ne fait pas l\u2019unanimit\u00e9. Ailleurs, les voies r\u00e9serv\u00e9es ne sont pas toutes con\u00e7ues comme un outil de recul de la place de la voiture. <i>\u00ab<small class=\"fine d-inline\">\u00a0<\/small>\u00c0 Rennes, la voie r\u00e9serv\u00e9e a \u00e9t\u00e9 install\u00e9e sur une bande d\u2019arr\u00eat d\u2019urgence, ce qui contribue \u00e0 donner encore plus de place \u00e0 la voiture. Cela ne va pas dans le bon sens \u00e9cologiquement<small class=\"fine d-inline\">\u00a0<\/small>\u00bb<\/i>, dit Matthieu Bloch, urbaniste pour l\u2019association Forum vies mobiles.<\/p>\n<p>En Gironde, une voie r\u00e9serv\u00e9e a \u00e9t\u00e9 int\u00e9gr\u00e9e \u00e0 la cr\u00e9ation d\u2019un contournement routier de 3\u00a0kilom\u00e8tres autour de Fargues-Saint-Hilaire. <a target=\"_blank\" href=\"https:\/\/www.gironde.fr\/sites\/default\/files\/2021-12\/Plaquette%20sur%20le%20contournement%20de%20Fargues.pdf\" class=\"spip_out\" rel=\"external\">Argument utilis\u00e9 \u00e0 l\u2019\u00e9poque<\/a> de son inauguration par le pr\u00e9sident du D\u00e9partement, Jean-Luc Gleyze, pour vanter les <i>\u00ab<small class=\"fine d-inline\">\u00a0<\/small>solutions plus \u00e9cologiques<small class=\"fine d-inline\">\u00a0<\/small>\u00bb<\/i> et la <i>\u00ab<small class=\"fine d-inline\">\u00a0<\/small>r\u00e9ponse au d\u00e9fi environnemental<small class=\"fine d-inline\">\u00a0<\/small>\u00bb<\/i> dont cette route nouvelle serait un symbole.<\/p>\n<h2 class=\"spip\">Crispations sur la voiture individuelle<\/h2>\n<p>\u00c0 ce risque de <i>greenwashing<\/i> s\u2019ajoute un d\u00e9bat sur les cons\u00e9quences sociales du dispositif\u00a0: la m\u00e9tropole grenobloise a fait le choix d\u2019autoriser les voitures \u00e9lectriques, m\u00eame avec un seul passager, \u00e0 emprunter la voie r\u00e9serv\u00e9e, contrairement aux r\u00e8gles retenues sur le p\u00e9riph\u00e9rique parisien. <i>\u00ab<small class=\"fine d-inline\">\u00a0<\/small>Cela profite indirectement aux plus riches, qui ont pu se payer une voiture \u00e9lectrique<small class=\"fine d-inline\">\u00a0<\/small>\u00bb<\/i>, dit Matthieu Bloch.<\/p>\n<p>Les voies r\u00e9serv\u00e9es sont donc \u00e0 piloter avec doigt\u00e9 et leur effet restera de toute fa\u00e7on limit\u00e9, car les routes qui peuvent en faire l\u2019objet \u2014\u00a0comprenant plusieurs voies et expos\u00e9es aux embouteillages\u00a0\u2014 ne sont pas nombreuses en France. Leur d\u00e9ploiement rev\u00eat en revanche un caract\u00e8re symbolique important et risque de r\u00e9veiller les crispations autour de la voiture individuelle, qui ont accompagn\u00e9 le retour de b\u00e2ton anti-\u00e9cologique instrumentalis\u00e9 par la droite et l\u2019extr\u00eame droite depuis plusieurs mois.<\/p>\n<p>L\u2019acceptabilit\u00e9 du dispositif sera donc un des \u00e9l\u00e9ments cl\u00e9s \u00e0 prendre en compte \u00e0 l\u2019heure du bilan de ce d\u00e9ploiement exp\u00e9rimental. L\u2019\u00c9tat en \u00e9valuera les cons\u00e9quences sur l\u2019A1 et l\u2019A13 en septembre. La ville de Paris se donne, elle, cinq ans pour tirer les conclusions de cette voie r\u00e9serv\u00e9e sur le p\u00e9riph\u00e9rique.<\/p>\n<aside class=\"boite_encarts\">\n<div class=\"encart encart_gris noprint\">\n<p><strong>Puisque vous \u00eates l\u00e0&#8230;<\/strong><\/p>\n<p>&#8230; nous avons un petit service \u00e0 vous demander.<br class=\"autobr\"\/><br \/>\nEntre la pr\u00e9sence d\u2019un climatosceptique \u00e0 la t\u00eate de la premi\u00e8re puissance mondiale, un gouvernement fran\u00e7ais qui flirte avec l\u2019extr\u00eame-droite, et les catastrophes climatiques qui s\u2019enchainent&#8230; Faire vivre l\u2019\u00e9cologie dans le d\u00e9bat public est un enjeu crucial.<\/p>\n<p>Personne ne modifie ce que nous publions. Nous n\u2019avons ni actionnaire, ni propri\u00e9taire milliardaire \u2014 seulement une \u00e9quipe d\u2019irr\u00e9ductibles journalistes, pleine de d\u00e9termination.<\/p>\n<p>Nous avons la conviction que l\u2019urgence \u00e9cologique est l\u2019enjeu majeur de notre \u00e9poque. Et comme plus de 2 millions de lectrices et lecteurs chaque mois, vous partagez sans doute cette conviction&#8230;<\/p>\n<p><strong>Depuis 12 ans, nous publions des articles de qualit\u00e9 sur l\u2019\u00e9cologie, en acc\u00e8s libre et sans publicit\u00e9, pour tous.<\/strong><br class=\"autobr\"\/><br \/>\nMais ce travail demande beaucoup de temps et de ressources.<\/p>\n<p>Alors, si vous en avez les moyens, sachez qu\u2019un don, m\u00eame d\u20191\u20ac, est un acte de soutien fort pour l\u2019\u00e9cologie et le journalisme ind\u00e9pendant.<br class=\"autobr\"\/><br \/>\n(Et \u00e7a vous prendra moins de temps que la lecture de ce texte).<\/p>\n<p><strong>Si vous le pouvez, choisissez un soutien mensuel. Merci.<\/strong><\/p>\n<p><a target=\"_blank\" href=\"https:\/\/reporterre.net\/dons\" class=\"bt_soutenir\">Je soutiens <i>Reporterre<\/i><\/a><\/p>\n<\/p><\/div>\n<div class=\"encart encart_vert noprint montre_1023\">\n<div class=\"infolettre-form-container noprint\">\n<p>Abonnez-vous \u00e0 la lettre d\u2019info de Reporterre<\/p>\n<\/div><\/div>\n<\/aside>\n<aside class=\"boite_apresarticle encart_note\">\n<h4>Apr\u00e8s cet article<\/h4>\n<p>      <a target=\"_blank\" href=\"https:\/\/reporterre.net\/Chez-Blablacar-la-degringolade-apres-l-arret-des-primes-covoiturage\" class=\"lien_article\">\n      <picture class=\"vignette_gauche\"><source type=\"image\/webp\" srcset=\"https:\/\/reporterre.net\/https:\/\/reporterre.net\/local\/cache-vignettes\/L450xH300\/blabla-21111.jpg@.webp?1739370369\"><img decoding=\"async\" src=\"https:\/\/reporterre.net\/local\/cache-vignettes\/L450xH300\/blabla-21111.jpg?1739370369\" width=\"450\" height=\"300\" alt=\"\" class=\"marge12\" loading=\"lazy\"\/><br \/>\n<\/source><\/picture>\n<p class=\"libelle\">\n<p>          Enqu\u00eate \u2014<\/p>\n<p>      \u00c9conomie\n    <\/p>\n<p class=\"titre pol20\">Chez Blablacar, la d\u00e9gringolade apr\u00e8s l\u2019arr\u00eat des primes covoiturage<\/p>\n<p>      <\/a><br \/>\n    <\/aside>\n<aside class=\"boite_complement texte\">\n<p>      <!-- zone_forum --><br \/>\n          <\/aside>\n<aside class=\"boite_lireaussi noprint\">\n<\/aside>\n<aside class=\"colonne\">\n<div class=\"article_info cache_1023 noprint\">\n<p>    <span class=\"date\">3 mars 2025  \u00e0 16h31<\/span><\/p>\n<p class=\"duree_lecture\">\n        Dur\u00e9e de lecture : 6 minutes\n      <\/p>\n<\/p><\/div>\n<div class=\"bloc_infolettre\">\n<div class=\"infolettre-form-container noprint\">\n<p>Abonnez-vous \u00e0 la lettre d\u2019info de Reporterre<\/p>\n<\/div><\/div>\n<\/aside>\n<div id=\"galerie\">\n  <img decoding=\"async\" src=\"\" class=\"principale\" id=\"principale\"\/><\/p>\n<p id=\"legende\">legende<\/p>\n<\/div>\n<footer class=\"noprint\">\n<\/footer>\n<\/div>\n<p><br \/>\n<br \/><a href=\"https:\/\/reporterre.net\/Voie-dediee-au-covoiturage-sur-le-periph-un-pari-risque-pour-l-ecologie\" target=\"_blank\"\">Source link <\/a><\/p>\n","protected":false},"excerpt":{"rendered":"<p>Le symbole est de taille. Le p\u00e9riph\u00e9rique parisien, axe strat\u00e9gique au 1,1\u00a0million de v\u00e9hicules quotidiens et point noir de pollution atmosph\u00e9rique en \u00cele-de-France, a depuis le 3\u00a0mars sa voie de&hellip; <\/p>\n","protected":false},"author":1,"featured_media":3731,"comment_status":"open","ping_status":"open","sticky":false,"template":"","format":"standard","meta":{"footnotes":""},"categories":[1],"tags":[],"class_list":["post-3730","post","type-post","status-publish","format-standard","has-post-thumbnail","hentry","category-non-classe"],"_links":{"self":[{"href":"https:\/\/monde25.info\/index.php\/wp-json\/wp\/v2\/posts\/3730","targetHints":{"allow":["GET"]}}],"collection":[{"href":"https:\/\/monde25.info\/index.php\/wp-json\/wp\/v2\/posts"}],"about":[{"href":"https:\/\/monde25.info\/index.php\/wp-json\/wp\/v2\/types\/post"}],"author":[{"embeddable":true,"href":"https:\/\/monde25.info\/index.php\/wp-json\/wp\/v2\/users\/1"}],"replies":[{"embeddable":true,"href":"https:\/\/monde25.info\/index.php\/wp-json\/wp\/v2\/comments?post=3730"}],"version-history":[{"count":0,"href":"https:\/\/monde25.info\/index.php\/wp-json\/wp\/v2\/posts\/3730\/revisions"}],"wp:featuredmedia":[{"embeddable":true,"href":"https:\/\/monde25.info\/index.php\/wp-json\/wp\/v2\/media\/3731"}],"wp:attachment":[{"href":"https:\/\/monde25.info\/index.php\/wp-json\/wp\/v2\/media?parent=3730"}],"wp:term":[{"taxonomy":"category","embeddable":true,"href":"https:\/\/monde25.info\/index.php\/wp-json\/wp\/v2\/categories?post=3730"},{"taxonomy":"post_tag","embeddable":true,"href":"https:\/\/monde25.info\/index.php\/wp-json\/wp\/v2\/tags?post=3730"}],"curies":[{"name":"wp","href":"https:\/\/api.w.org\/{rel}","templated":true}]}}