{"id":3756,"date":"2025-03-04T12:05:35","date_gmt":"2025-03-04T11:05:35","guid":{"rendered":"https:\/\/monde25.info\/index.php\/2025\/03\/04\/trump-zelensky-la-guerre-secrete-entre-mondialistes-et-souverainistes-pour-le-nouvel-ordre-mondial-les-moutons-enrages\/"},"modified":"2025-03-04T12:05:35","modified_gmt":"2025-03-04T11:05:35","slug":"trump-zelensky-la-guerre-secrete-entre-mondialistes-et-souverainistes-pour-le-nouvel-ordre-mondial-les-moutons-enrages","status":"publish","type":"post","link":"https:\/\/monde25.info\/index.php\/2025\/03\/04\/trump-zelensky-la-guerre-secrete-entre-mondialistes-et-souverainistes-pour-le-nouvel-ordre-mondial-les-moutons-enrages\/","title":{"rendered":"Trump, Zelensky. La guerre secr\u00e8te entre mondialistes et souverainistes pour le Nouvel Ordre Mondial. \u2013 Les moutons enrag\u00e9s"},"content":{"rendered":"<p> <br \/>\n<\/p>\n<div>\n<p>Par Charles Sannat pour <a target=\"_blank\" href=\"https:\/\/insolentiae.com\/trump-zelensky-la-guerre-secrete-entre-mondialistes-et-souverainistes-pour-le-nouvel-ordre-mondial-ledito-de-charles-sannat\/\" data-type=\"link\" data-id=\"https:\/\/insolentiae.com\/trump-zelensky-la-guerre-secrete-entre-mondialistes-et-souverainistes-pour-le-nouvel-ordre-mondial-ledito-de-charles-sannat\/\">INSOLENTIAE<\/a><\/p>\n<div class=\"wp-block-image\">\n<figure class=\"aligncenter size-large is-resized\"><img fetchpriority=\"high\" decoding=\"async\" width=\"528\" height=\"330\" src=\"https:\/\/lesmoutonsenrages.fr\/wp-content\/uploads\/2025\/03\/image-11-528x330.png\" alt=\"\" class=\"wp-image-165721\" style=\"width:444px;height:auto\" srcset=\"https:\/\/lesmoutonsenrages.fr\/wp-content\/uploads\/2025\/03\/image-11-528x330.png 528w, https:\/\/lesmoutonsenrages.fr\/wp-content\/uploads\/2025\/03\/image-11-250x156.png 250w, https:\/\/lesmoutonsenrages.fr\/wp-content\/uploads\/2025\/03\/image-11-768x480.png 768w, https:\/\/lesmoutonsenrages.fr\/wp-content\/uploads\/2025\/03\/image-11-150x94.png 150w, https:\/\/lesmoutonsenrages.fr\/wp-content\/uploads\/2025\/03\/image-11.png 1080w\" sizes=\"(max-width: 528px) 100vw, 528px\"\/><\/figure>\n<\/div>\n<p>Mes ch\u00e8res impertinentes, chers impertinents,<\/p>\n<p>Votre dossier Strat\u00e9gie <strong><a target=\"_blank\" href=\"https:\/\/insolentiae.com\/produit\/abonnement-acces-a-la-lettre-strategie-et-aux-dossiers-speciaux-de-charles-sannat\/?doing_wp_cron=1740952225.2138800621032714843750\" target=\"_blank\" rel=\"noreferrer noopener\">\u201cYalta 2.0 et si Trump d\u00e9clenchait le grand Reset avec la Russie et la Chine \u201c<\/a><\/strong> est en ligne dans <strong><a target=\"_blank\" href=\"https:\/\/insolentiae.com\/espace-lecteur\/?doing_wp_cron=1740952189.4933319091796875000000\" target=\"_blank\" rel=\"noreferrer noopener\">vos espaces lecteurs ici<\/a><\/strong>. 37 pages pour vous analyser et vous expliquer la diff\u00e9rence entre le Nouvel Ordre Mondial Mondialiste et le Nouvel Ordre Mondial Souverainiste et les cons\u00e9quences tr\u00e8s diff\u00e9rentes.<strong> <a target=\"_blank\" href=\"https:\/\/insolentiae.com\/produit\/abonnement-acces-a-la-lettre-strategie-et-aux-dossiers-speciaux-de-charles-sannat\/?doing_wp_cron=1740952225.2138800621032714843750\" target=\"_blank\" rel=\"noreferrer noopener\">Pour vous abonner<\/a> <\/strong>et acc\u00e9der directement \u00e0 ce dossiers et aux 120 dossiers d\u00e9j\u00e0 publi\u00e9s<strong><a target=\"_blank\" href=\"https:\/\/insolentiae.com\/produit\/abonnement-acces-a-la-lettre-strategie-et-aux-dossiers-speciaux-de-charles-sannat\/?doing_wp_cron=1740952225.2138800621032714843750\" target=\"_blank\" rel=\"noreferrer noopener\"> tous les renseignements se trouvent ici.\u00a0<\/a><\/strong><\/p>\n<p>Vous avez forc\u00e9ment vu ou entendu parler de l\u2019\u00e9chec de la n\u00e9gociation entre Trump et Zelensky \u00e0 la Maison Blanche, c\u2019est un \u00e9v\u00e8nement g\u00e9opolitique majeur. Derri\u00e8re ces f\u00e2cheries il se passe de tr\u00e8s nombreuses choses, mais quoi ? Quel est cet affrontement que l\u2019on ressent mais que l\u2019on a parfois tant de mal \u00e0 expliquer ?<\/p>\n<p><span id=\"more-165720\"\/><\/p>\n<p>La clef de lecture nous a \u00e9t\u00e9 confirm\u00e9e officiellement par le maire de Porto lorsqu\u2019il a re\u00e7u samedi dernier le pr\u00e9sident fran\u00e7ais. Prenez quelques secondes pour l\u2019\u00e9couter mais asseyez-vous avant !<\/p>\n<p><strong>C\u2019est une lutte entre mondialistes et souverainistes pour le Nouvel Ordre Mondial que chacun souhaite imposer \u00e0 la plan\u00e8te.<\/strong><\/p>\n<figure class=\"wp-block-embed is-type-rich is-provider-twitter wp-block-embed-twitter\">\n<div class=\"wp-block-embed__wrapper\">\n<blockquote class=\"twitter-tweet\" data-width=\"550\" data-dnt=\"true\">\n<p lang=\"fr\" dir=\"ltr\">\ud83d\udde8\ufe0f \u00ab\u00a0Vous vous \u00eates impos\u00e9 comme le principal leader de l&rsquo;Union europ\u00e9enne dans la r\u00e9ponse \u00e0 l&rsquo;\u00e9mergence d&rsquo;un nouvel ordre mondial qui pose des d\u00e9fis majeurs aux 27 \u00c9tats membres\u00a0\u00bb<\/p>\n<p>Rui Moreira, le maire de Porto, fait l&rsquo;\u00e9loge de la politique europ\u00e9enne d&rsquo;Emmanuel Macron <a target=\"_blank\" href=\"https:\/\/t.co\/w41JJayRZ1\">pic.twitter.com\/w41JJayRZ1<\/a><\/p>\n<p>\u2014 BFMTV (@BFMTV) <a target=\"_blank\" href=\"https:\/\/twitter.com\/BFMTV\/status\/1895463712078651677?ref_src=twsrc%5Etfw\">February 28, 2025<\/a><\/p><\/blockquote>\n<\/div>\n<\/figure>\n<p>Vous n\u2019avez rien demand\u00e9, mais vous en \u00eates tout de m\u00eame les victimes. Vous \u00eates, nous sommes les d\u00e9g\u00e2ts collat\u00e9raux.<\/p>\n<p>Ici tout est en jeu.<\/p>\n<p>Deux visions du monde, de la d\u00e9mocratie, du contr\u00f4le des peuples, des libert\u00e9s, de la diversit\u00e9s, deux visions civilisationnelles.<\/p>\n<p>Ce qui se joue est un combat \u00e0 mort qui conditionnera la mani\u00e8re dont nous vivrons dans les 50 prochaines ann\u00e9es.<\/p>\n<p>Les positions, comme vous le voyez, se radicalisent.<\/p>\n<p>Les propos deviennent compl\u00e8tement fous.<\/p>\n<p>Les affrontements autrefois cach\u00e9s dans les alc\u00f4ves discr\u00e8tes du pouvoir et hors cam\u00e9ras se transforment en r\u00e8glement de comptes en place publique t\u00e9l\u00e9vis\u00e9e.<\/p>\n<p>Le monde se d\u00e9chire. Les alliances se brisent sous vos yeux, ce qui faisait l\u2019ordre mondial dans le lequel nous avons v\u00e9cu jusqu\u2019\u00e0 pr\u00e9sent se fissure.<\/p>\n<p>Je vous le redis. C\u2019est la clef de lecture.<\/p>\n<p>Sous vos yeux, un Nouvel Ordre Mondial est en train de s\u2019\u00e9crire et l\u2019on ne sait pas encore, \u00e0 ce stade, celui qui va l\u2019emporter\u2026 en esp\u00e9rant que ce conflit de nous emporte pas tous.<\/p>\n<p>Vous vivez, nous vivons l\u2019Histoire. La Grande Histoire. Et la grande histoire s\u2019accompagne toujours de bo\u00eetes de p\u00e2t\u00e9s et de raviolis parce que la grande histoire est g\u00e9n\u00e9ralement tragique. Violente. Destructrice.<\/p>\n<p>Vous assistez \u00e0 la destruction de l\u2019ordre mondial h\u00e9rit\u00e9 de la Seconde Guerre mondiale et qui a v\u00e9cu.<\/p>\n<p>Le nouveau se construit sous vos yeux, la question \u00e9tant de savoir s\u2019il \u00e9mergera avant une troisi\u00e8me guerre mondiale ou s\u2019il sera la cons\u00e9quence de la troisi\u00e8me guerre mondiale.<\/p>\n<p>Je vous explique tout dans cette nouvelle vid\u00e9o du JT du haut de mon grenier normand.<\/p>\n<p><iframe loading=\"lazy\" title=\"Trump, Zelensky. La guerre secr\u00e8te entre mondialistes et souverainistes pour le Nouvel Ordre Mondial\" width=\"1110\" height=\"624\" src=\"https:\/\/www.youtube.com\/embed\/WIwNSLVNCw0?feature=oembed\" frameborder=\"0\" allow=\"accelerometer; autoplay; clipboard-write; encrypted-media; gyroscope; picture-in-picture; web-share\" referrerpolicy=\"strict-origin-when-cross-origin\" allowfullscreen><\/iframe><\/p>\n<p>Il est d\u00e9j\u00e0 trop tard, mais tout n\u2019est pas perdu.<\/p>\n<p>Pr\u00e9parez-vous !<\/p>\n<p>Charles SANNAT<\/p>\n<p>Tous les articles, la tribune libre et commentaires sont sous la responsabilit\u00e9 de leurs auteurs. Les Moutons Enrag\u00e9s ne sauraient \u00eatre tenus responsables de leur contenu ou orientation.<\/p>\n<\/p><\/div>\n<p><script async src=\"\/\/platform.twitter.com\/widgets.js\" charset=\"utf-8\"><\/script><br \/>\n<br \/><br \/>\n<br \/><a href=\"https:\/\/lesmoutonsenrages.fr\/2025\/03\/04\/trump-zelensky-la-guerre-secrete-entre-mondialistes-et-souverainistes-pour-le-nouvel-ordre-mondial\/\" target=\"_blank\"\">Source link <\/a><\/p>\n","protected":false},"excerpt":{"rendered":"<p>Par Charles Sannat pour INSOLENTIAE Mes ch\u00e8res impertinentes, chers impertinents, Votre dossier Strat\u00e9gie \u201cYalta 2.0 et si Trump d\u00e9clenchait le grand Reset avec la Russie et la Chine \u201c est&hellip; <\/p>\n","protected":false},"author":1,"featured_media":3757,"comment_status":"open","ping_status":"open","sticky":false,"template":"","format":"standard","meta":{"footnotes":""},"categories":[1],"tags":[],"class_list":["post-3756","post","type-post","status-publish","format-standard","has-post-thumbnail","hentry","category-non-classe"],"_links":{"self":[{"href":"https:\/\/monde25.info\/index.php\/wp-json\/wp\/v2\/posts\/3756","targetHints":{"allow":["GET"]}}],"collection":[{"href":"https:\/\/monde25.info\/index.php\/wp-json\/wp\/v2\/posts"}],"about":[{"href":"https:\/\/monde25.info\/index.php\/wp-json\/wp\/v2\/types\/post"}],"author":[{"embeddable":true,"href":"https:\/\/monde25.info\/index.php\/wp-json\/wp\/v2\/users\/1"}],"replies":[{"embeddable":true,"href":"https:\/\/monde25.info\/index.php\/wp-json\/wp\/v2\/comments?post=3756"}],"version-history":[{"count":0,"href":"https:\/\/monde25.info\/index.php\/wp-json\/wp\/v2\/posts\/3756\/revisions"}],"wp:featuredmedia":[{"embeddable":true,"href":"https:\/\/monde25.info\/index.php\/wp-json\/wp\/v2\/media\/3757"}],"wp:attachment":[{"href":"https:\/\/monde25.info\/index.php\/wp-json\/wp\/v2\/media?parent=3756"}],"wp:term":[{"taxonomy":"category","embeddable":true,"href":"https:\/\/monde25.info\/index.php\/wp-json\/wp\/v2\/categories?post=3756"},{"taxonomy":"post_tag","embeddable":true,"href":"https:\/\/monde25.info\/index.php\/wp-json\/wp\/v2\/tags?post=3756"}],"curies":[{"name":"wp","href":"https:\/\/api.w.org\/{rel}","templated":true}]}}