{"id":3758,"date":"2025-03-04T13:12:13","date_gmt":"2025-03-04T12:12:13","guid":{"rendered":"https:\/\/monde25.info\/index.php\/2025\/03\/04\/lagonie-de-loccident-politique-par-thierry-meyssan\/"},"modified":"2025-03-04T13:12:13","modified_gmt":"2025-03-04T12:12:13","slug":"lagonie-de-loccident-politique-par-thierry-meyssan","status":"publish","type":"post","link":"https:\/\/monde25.info\/index.php\/2025\/03\/04\/lagonie-de-loccident-politique-par-thierry-meyssan\/","title":{"rendered":"L&rsquo;agonie de \u00ab l&rsquo;Occident politique \u00bb, par Thierry Meyssan"},"content":{"rendered":"<p> <br \/>\n<\/p>\n<div>\n<div class=\"spip_document_248112 spip_document spip_documents spip_document_image spip_documents_center spip_document_center spip_document_avec_legende\" data-legende-len=\"218\" data-legende-lenx=\"xxx\">\n<figure class=\"spip_doc_inner\">\n<img loading=\"lazy\" decoding=\"async\" src=\"https:\/\/www.voltairenet.org\/local\/cache-vignettes\/L600xH450\/400_-_1_1_-154-62f3d.jpg?1741015110\" width=\"600\" height=\"450\" alt=\"\"\/><figcaption class=\"spip_doc_legende\">\n<p><strong>Christoph Heusgen, ancien repr\u00e9sentant permanent de l\u2019Allemagne aux Nations unies et actuel pr\u00e9sident de la Conf\u00e9rence sur la S\u00e9curit\u00e9 de Munich, pleure en d\u00e9couvrant le divorce entre les \u00c9tats-Unis et les Europ\u00e9ens.<br \/>\n<\/strong><\/p>\n<\/figcaption><\/figure>\n<\/div>\n<p>Les deux derni\u00e8res semaines, nous avons v\u00e9cu une charni\u00e8re dans l\u2019Histoire comparable \u00e0 celle de la bataille de Berlin, en avril-mai 1945, lorsque l\u2019arm\u00e9e rouge a pris Berlin et renvers\u00e9 le III\u00b0 Reich\u00a0: cette fois, c\u2019est l\u2019administration Trump qui a renvoy\u00e9 d\u00e9finitivement l\u2019Union europ\u00e9enne dans les cordes.<\/p>\n<p>Pour le moment, l\u2019UE, le G7 et le G20 n\u2019ont pas encore \u00e9t\u00e9 dissous, mais ces trois structures sont d\u00e9j\u00e0 mortes. La Banque mondiale et les Nations unies pourraient suivre.<\/p>\n<p>Revenons sur ces \u00e9v\u00e8nements, qui se sont d\u00e9roul\u00e9s si vite, que presque aucun d\u2019entre nous ne les a suivi et en a compris les cons\u00e9quences.<\/p>\n<h2 class=\"spip\">Mercredi 12 f\u00e9vrier<\/h2>\n<p>Les principales puissances europ\u00e9ennes (c\u2019est-\u00e0-dire l\u2019Allemagne, l\u2019Espagne, la France, l\u2019Italie, la Pologne, le Royaume-Uni et l\u2019Union europ\u00e9enne), qui craignaient ce que l\u2019administration Trump pourrait d\u00e9cider, se sont r\u00e9unies \u00e0 Paris, le 12 f\u00e9vrier, pour \u00e9laborer une position commune sur le conflit ukrainien. En l\u2019occurrence, elles sont convenues de poursuivre ce qu\u2019elles font depuis trois ans\u00a0:<br \/>\n<br \/><span class=\"spip-puce ltr\"><b>\u2013<\/b><\/span>\u00a0nier avoir viol\u00e9 les engagements pris lors de la r\u00e9unification allemande de ne pas \u00e9tendre l\u2019OTAN \u00e0 l\u2019Est,<br \/>\n<br \/><span class=\"spip-puce ltr\"><b>\u2013<\/b><\/span>\u00a0nier que l\u2019Ukraine soit aux mains des \u00ab\u00a0nationalistes int\u00e9graux\u00a0\u00bb (c\u2019est-\u00e0-dire du parti des collaborateurs des nazis)<br \/>\n<br \/><span class=\"spip-puce ltr\"><b>\u2013<\/b><\/span>\u00a0et poursuivre la Seconde Guerre mondiale, non plus contre les nazis, mais contre les Russes.<\/p>\n<p>Pendant ce temps, \u00e0 Kiev, le secr\u00e9taire au Tr\u00e9sor, Scott Bessent, pr\u00e9sentait la facture de l\u2019aide US\u00a0: 500 milliards de dollars et proposait de la r\u00e9gler en exploitant les terres rares dont le pays s\u2019enorgueillit. J\u2019ai d\u00e9j\u00e0 expliqu\u00e9 que cette proposition n\u2019\u00e9tait qu\u2019une r\u00e9ponse du berger \u00e0 la berg\u00e8re\u00a0: l\u2019Ukraine ayant mensong\u00e8rement pr\u00e9tendu offrir, \u00e0 terme, aux Occidentaux d\u2019exploiter ces richesses qui n\u2019existent pas. Cependant, d\u2019un point de vue europ\u00e9en, ce qui se tramait \u00e9tait effrayant\u00a0: si les \u00c9tats-Unis s\u2019emparaient de ces pr\u00e9tendues richesses, ils excluaient que les Europ\u00e9ens profitent du partage dont ils \u00e9taient convenus. Sans en informer leurs concitoyens, ils s\u2019\u00e9taient partag\u00e9s l\u2019Ukraine lors de sa reconstruction\u00a0: aux Britanniques, les ports, aux Allemands, les mines, etc. Ils avaient d\u00e9j\u00e0 proc\u00e9d\u00e9 ainsi lors des invasions de l\u2019Iraq et de la Libye et lors de la guerre contre la Syrie.<\/p>\n<p>Surtout, alors que Washington et Moscou \u00e9changeaient des prisonniers, les pr\u00e9sidents \u00e9tats-unien, Donald Trump, et russe, Vladimir Poutine, se parlaient par t\u00e9l\u00e9phone, pendant une heure et demi. Ce sommet avait \u00e9t\u00e9 pr\u00e9c\u00e9d\u00e9 d\u2019une conversation, au Kremlin, entre le pr\u00e9sident Poutine et Steve Wilkoff, l\u2019envoy\u00e9 sp\u00e9cial du pr\u00e9sident Trump venu organiser l\u2019\u00e9change de prisonnier. Wilkoff avait donn\u00e9 \u00e0 son pr\u00e9sident un compte-rendu de sa mission qui mettait \u00e0 bas tout ce que l\u2019OTAN pr\u00e9tendait savoir sur l\u2019Ukraine. <br class=\"autobr\"\/><br \/>\nLes deux boss avaient d\u00e9sormais les m\u00eames informations.<br class=\"autobr\"\/><br \/>\n<strong>La ligne directe entre la Maison-Blanche et le Kremlin venait d\u2019\u00eatre r\u00e9tablie.<\/strong><\/p>\n<h2 class=\"spip\">Jeudi 14 f\u00e9vrier<\/h2>\n<p>Le 14 f\u00e9vrier, le vice-pr\u00e9sident des \u00c9tats-Unis, JD Vance, s\u2019adressait au gratin diplomatique et militaire de l\u2019UE, lors de la Conf\u00e9rence sur la s\u00e9curit\u00e9 \u00e0 Munich. Il dressait un r\u00e9quisitoire contre l\u2019autisme des dirigeants europ\u00e9ens\u00a0: Ils refusent de r\u00e9pondre aux pr\u00e9occupations de leurs concitoyens en mati\u00e8re de libert\u00e9 d\u2019expression et d\u2019immigration. Or, s\u2019ils ont peur de leur peuple, les \u00c9tats-Unis ne pourront rien pour eux, affirmait-il, faisant pleurer le pr\u00e9sident de la conf\u00e9rence, l\u2019ambassadeur allemand Christoph Heusgen.<\/p>\n<h2 class=\"spip\">Lundi 17 f\u00e9vrier<\/h2>\n<p>Une seconde r\u00e9union s\u2019est tenue, le 17 f\u00e9vrier, toujours \u00e0 Paris, avec les m\u00eames participants, plus Ursula von der Leyen, pr\u00e9sidente de la Commission europ\u00e9enne, et Mark Rutte, secr\u00e9taire g\u00e9n\u00e9ral de l\u2019OTAN. Ils sont convenus de faire bloc face \u00e0 Donald Trump et de ne pas accepter de remise en cause de la politique occidentale face \u00e0 la Russie.<\/p>\n<p>Olaf Scholz, chancelier allemand sortant, a d\u00e9clar\u00e9 \u00e0 l\u2019issue du sommet\u00a0: \u00ab\u00a0Il ne doit pas y avoir de<br class=\"autobr\"\/><br \/>\ndivision de la s\u00e9curit\u00e9 et de la responsabilit\u00e9 entre l\u2019Europe et les \u00c9tats-Unis. L\u2019OTAN repose sur le fait que nous agissons toujours ensemble et que nous partageons les risques [\u2026]. Cela ne doit pas \u00eatre remis en question.\u00a0\u00bb<\/p>\n<p>Donald Tusk, Premier ministre polonais, a d\u00e9clar\u00e9\u00a0: \u00ab\u00a0Peu importe ce que chacun peut se dire, parfois avec des mots brutaux [\u2026], il n\u2019y a aucune raison pour que les Alli\u00e9s ne trouvent pas un langage commun entre eux sur les questions les plus importantes. [Il est] dans l\u2019int\u00e9r\u00eat de l\u2019Europe et des \u00c9tats-Unis de coop\u00e9rer le plus \u00e9troitement possible.\u00a0\u00bb<\/p>\n<p>Toujours le 17 f\u00e9vrier, l\u2019arm\u00e9e ukrainienne a attaqu\u00e9 des int\u00e9r\u00eats \u00e9tats-uniens, isra\u00e9liens et italiens en Russie. Elle a bombard\u00e9 des installations partiellement d\u00e9tenues par Chevron (15\u00a0%), ExxonMobil (7,5\u00a0%) et ENI (2\u00a0%). Une vingtaine de drones ont caus\u00e9 de graves dommages au Caspian Pipeline Consortium (CPC) qui alimente notamment Isra\u00ebl en p\u00e9trole russe.<br class=\"autobr\"\/><br \/>\nLes Europ\u00e9ens n\u2019ont pas plus r\u00e9agi \u00e0 cette op\u00e9ration que lorsque la CIA a sabot\u00e9 le gazoduc Nord Stream (26 septembre 2022), pourtant propri\u00e9t\u00e9 non seulement du russe Gazprom (50\u00a0%), mais aussi des Allemands BASF\/Wintershall et Uniper, du Fran\u00e7ais Engie, de l\u2019Autrichien OMV et du Britannique Royal Dutch Shell. Ce sabotage a jet\u00e9 l\u2019Allemagne dans une r\u00e9cession \u00e9conomique, qui ne cesse de faire tache d\u2019huile sur le reste de l\u2019UE, sans parler de l\u2019augmentation des prix de l\u2019\u00e9nergie pour tous les m\u00e9nages de l\u2019UE.<br class=\"autobr\"\/><br \/>\nDans les deux cas (le sabotage de Nord Stream et l\u2019attaque du CPC), les Europ\u00e9ens n\u2019ont pas \u00e9t\u00e9 capables de d\u00e9fendre leurs int\u00e9r\u00eats. Ils ont successivement laiss\u00e9 leur alli\u00e9 principal leur faire du mal, puis leurs alli\u00e9s se battre l\u2019un contre l\u2019autre.<\/p>\n<h2 class=\"spip\">Mardi 18 f\u00e9vrier<\/h2>\n<p>Les puissances europ\u00e9ennes ont appris avec stup\u00e9faction que, d\u00e8s leur premi\u00e8re rencontre \u00e0 Riyad (Arabie saoudite), le 18 f\u00e9vrier, les d\u00e9l\u00e9gations \u00e9tats-unienne et russe sont convenues\u00a0:<br \/>\n<br \/><span class=\"spip-puce ltr\"><b>\u2013<\/b><\/span>\u00a0de d\u00e9nazifier et de neutraliser l\u2019Ukraine,<br \/>\n<br \/><span class=\"spip-puce ltr\"><b>\u2013<\/b><\/span>\u00a0de respecter les engagements souscrits lors de la r\u00e9unification allemande et de retirer les troupes de l\u2019OTAN de tous les pays ayant adh\u00e9r\u00e9 \u00e0 l\u2019Alliance atlantique apr\u00e8s 1990.<\/p>\n<p>Le pr\u00e9sident Trump avait soudain abandonn\u00e9 le plan du g\u00e9n\u00e9ral Keith Kellogg, son envoy\u00e9 sp\u00e9cial pour l\u2019Ukraine, tel qu\u2019il avait \u00e9t\u00e9 publi\u00e9 en avril 2024 par l\u2019America First Foundation. Il avait, au contraire, utilis\u00e9 le plan de son ami Steve Witkoff, envoy\u00e9 sp\u00e9cial pour le Moyen-Orient, qui avait rencontr\u00e9 Vladimir Poutine \u00e0 Moscou gr\u00e2ce \u00e0 l\u2019entremise du prince h\u00e9ritier saoudien Mohamed ben Salmane (dit \u00ab\u00a0MBS\u00a0\u00bb), d\u2019o\u00f9 le choix de Riyad pour ces n\u00e9gociations. Kellogg raisonnait avec les id\u00e9es de l\u2019OTAN, tandis que Witkoff a \u00e9cout\u00e9, entendu et v\u00e9rifi\u00e9 le bien-fond\u00e9 de la position russe.<\/p>\n<p>Les puissances europ\u00e9ennes ont rapidement pu v\u00e9rifier que l\u2019ordre de repli avait \u00e9t\u00e9 transmis \u00e0 certaines troupes US, dans les pays baltes et en Pologne. L\u2019architecture de s\u00e9curit\u00e9 en Europe, c\u2019est-\u00e0-dire le syst\u00e8me assurant la paix, \u00e9tait d\u00e9truit. Bien s\u00fbr, il n\u2019y a aucune menace imm\u00e9diate d\u2019invasion, russe ou chinoise, mais \u00e0 terme et compte tenu du temps que demande un r\u00e9armement, chacun doit, tout de suite, se pr\u00e9parer au meilleur ou au pire.<\/p>\n<h2 class=\"spip\">Mercredi 19 f\u00e9vrier<\/h2>\n<p>Les ambassadeurs des \u00c9tats membres aupr\u00e8s de l\u2019UE ont approuv\u00e9, le 19 f\u00e9vrier, le 16e paquet de mesures coercitives unilat\u00e9rales (abusivement qualifi\u00e9es de \u00ab\u00a0sanctions\u00a0\u00bb par la propagande atlantique) \u00e0 l\u2019encontre de la Russie. Il devait \u00eatre officiellement approuv\u00e9, le 24 f\u00e9vrier, par le Conseil des Affaires \u00e9trang\u00e8res \u00e0 l\u2019occasion du troisi\u00e8me anniversaire de l\u2019op\u00e9ration militaire sp\u00e9ciale russe en l\u2019Ukraine. En outre, l\u2019UE a d\u00e9cid\u00e9 de d\u00e9connecter 13 banques du syst\u00e8me Swift et d\u2019interdire de transaction trois institutions financi\u00e8res. De plus, 73 navires de la \u00ab\u00a0flotte fant\u00f4me\u00a0\u00bb russe ont \u00e9t\u00e9 sanctionn\u00e9s, et 11 ports et a\u00e9roports russes contournant le plafond du prix du p\u00e9trole ont fait l\u2019objet d\u2019une interdiction de transactions. Enfin 8 m\u00e9dias russes ont aussi vu leur licence de diffusion dans l\u2019UE suspendue.<\/p>\n<p>Pendant ce temps, le m\u00eame jour, 19 f\u00e9vrier, le pr\u00e9sident Donald Trump laissait exploser sa col\u00e8re contre son homologue non-\u00e9lu ukrainien, en le qualifiant de \u00ab\u00a0com\u00e9dien au succ\u00e8s modeste\u00a0\u00bb et de \u00ab\u00a0dictateur sans \u00e9lection\u00a0\u00bb, puis en l\u2019accusant d\u2019avoir provoqu\u00e9 la guerre. De son c\u00f4t\u00e9, le g\u00e9n\u00e9ral Kellogg, envoy\u00e9 sp\u00e9cial de la Maison-Blanche \u00e0 Kiev, annulait sa conf\u00e9rence de presse avec Volodymyr Zelensky.<br class=\"autobr\"\/><br \/>\n<strong>L\u2019administration Trump avait rompu avec le gouvernement de Kiev que l\u2019administration Biden avait port\u00e9 aux nues.<\/strong><\/p>\n<h2 class=\"spip\">Jeudi 20 f\u00e9vrier<\/h2>\n<p>Le s\u00e9nateur libertarien Mike Lee (Utah) a introduit, le 20 f\u00e9vrier, une proposition de loi au S\u00e9nat sur le retrait complet des \u00c9tats-Unis de l\u2019Organisation des Nations unies. Le repr\u00e9sentant Chip Roy (Texas) a d\u00e9pos\u00e9 le m\u00eame texte \u00e0 la Chambre des repr\u00e9sentants, le lendemain.<\/p>\n<p>Si le pr\u00e9sident Donald Trump est un \u00ab\u00a0jacksonien\u00a0\u00bb (c\u2019est-\u00e0-dire un disciple d\u2019Andrew Jackson, qui voulait remplacer la guerre par le business), Washington est d\u00e9sormais acquis \u00e0 \u00ab\u00a0l\u2019exceptionnalisme am\u00e9ricain\u00a0\u00bb. Il s\u2019agit d\u2019une th\u00e9ologie politique selon laquelle les \u00c9tats-Unis sont un peuple \u00e9lu qui doivent apporter la lumi\u00e8re, qu\u2019ils ont re\u00e7ue, au reste du monde. De ce fait, ils n\u2019ont pas \u00e0 n\u00e9gocier quoi que ce soit avec les autres et surtout pas \u00e0 leur rendre des comptes.<\/p>\n<p>\u00ab\u00a0L\u2019exceptionnalisme am\u00e9ricain\u00a0\u00bb ne doit pas \u00eatre confondu avec \u00ab\u00a0l\u2019isolationnisme\u00a0\u00bb qui a conduit, en 1920, le S\u00e9nat \u00e0 refuser d\u2019adh\u00e9rer \u00e0 la Soci\u00e9t\u00e9 des Nations (SDN). Cette organisation, \u00e0 la diff\u00e9rence de l\u2019ONU qui lui a succ\u00e9d\u00e9, avait pr\u00e9vu une solidarit\u00e9 militaire entre les \u00c9tats qui reconnaissaient le Droit international. Par cons\u00e9quent, les \u00c9tats-Unis auraient d\u00fb entretenir des troupes pour maintenir la paix en Europe et les Europ\u00e9ens auraient pu intervenir en Am\u00e9rique latine (le \u00ab\u00a0pr\u00e9 carr\u00e9\u00a0\u00bb de Washington selon la \u00ab\u00a0Doctrine Monroe\u00a0\u00bb) pour y maintenir la paix.<\/p>\n<h2 class=\"spip\">Samedi 22 f\u00e9vrier<\/h2>\n<p>Sans attendre, le pr\u00e9sident polonais, Andrzej Duda, s\u2019est rendu sans invitation \u00e0 Washington, le 22 f\u00e9vrier. Il est parvenu \u00e0 croiser dix minutes le pr\u00e9sident Donald Trump, non pas \u00e0 la Maison-Blanche, mais en marge de la Conf\u00e9rence d\u2019action politique conservatrice (CPAC). Il lui a demand\u00e9 de ne pas retirer les troupes US de son pays, le temps pour la Pologne de terminer sa restructuration militaire. Comme Varsovie a d\u00e9j\u00e0 enclench\u00e9 une profonde r\u00e9volution int\u00e9rieure en r\u00e9tablissant le service militaire universel et en constituant une arm\u00e9e tr\u00e8s nombreuse, il est parvenu \u00e0 lui faire, non pas annuler, mais reporter son ordre.<\/p>\n<p>Andrzej Duda est pr\u00e9sident polonais, du moins jusqu\u2019aux \u00e9lections de mai. Constitutionnellement, ce n\u2019est pas lui qui exerce le pouvoir ex\u00e9cutif, mais il n\u2019en est pas moins le chef des arm\u00e9es. Son Premier ministre, Donald Tusk, s\u2019\u00e9tait engag\u00e9, \u00e0 Paris, \u00e0 ne pas n\u00e9gocier s\u00e9par\u00e9ment avec les \u00c9tats-Unis. <br class=\"autobr\"\/><br \/>\n<strong>Donc, quoi qu\u2019on en dise, le front uni des Europ\u00e9ens \u00e9tait bris\u00e9. Il n\u2019avait dur\u00e9 que dix jours.<\/strong><\/p>\n<h2 class=\"spip\">Lundi 24 f\u00e9vrier<\/h2>\n<p>Pour le troisi\u00e8me anniversaire de l\u2019op\u00e9ration militaire sp\u00e9ciale russe en Ukraine, le 24 f\u00e9vrier, Roberta Metsola, pr\u00e9sidente du Parlement europ\u00e9en, Ant\u00f3nio Costa, pr\u00e9sident du Conseil europ\u00e9en et Ursula von der Leyen, pr\u00e9sidente de la Commission europ\u00e9enne, ont publi\u00e9 une d\u00e9claration commune totalement d\u00e9cal\u00e9e. Ils s\u2019y pronon\u00e7aient pour \u00ab\u00a0une paix compl\u00e8te, juste et durable fond\u00e9e sur la formule de paix ukrainienne\u00a0\u00bb, c\u2019est-\u00e0-dire qu\u2019ils s\u2019accrochaient au narratif ancien\u00a0: il n\u2019y a pas de nazis en Ukraine et la Russie est l\u2019agresseur. Ce faisant, <strong>ils contredisaient non seulement les faits, mais aussi les r\u00e9centes d\u00e9clarations de leur suzerain \u00e9conomique et militaire, les \u00c9tats-Unis.<\/strong><\/p>\n<p>Le m\u00eame jour, le pr\u00e9sident fran\u00e7ais, Emmanuel Macron, se rendait \u00e0 Washington, au nom de tous les Europ\u00e9ens atlantistes. Avant de le recevoir, le pr\u00e9sident Donald Trump le faisait conduire par sa cheffe de cabinet dans une aile de la Maison-Blanche pour participer \u00e0 une vid\u00e9o-conf\u00e9rence du G7 qu\u2019il pr\u00e9sidait\u2026 depuis une autre pi\u00e8ce.<\/p>\n<p>Durant deux heures, les chefs d\u2019\u00c9tat et de gouvernement du G7, plus le Premier ministre espagnol et le pr\u00e9sident non-\u00e9lu ukrainien, tentaient vainement de faire fl\u00e9chir leur suzerain. Celui-ci n\u2019en d\u00e9mordit pas\u00a0: le conflit ukrainien n\u2019a pas \u00e9t\u00e9 engag\u00e9 par la Russie, mais par les seuls nationalistes int\u00e9graux ukrainiens qui se cachent derri\u00e8re Zelensky. De toute mani\u00e8re, par principe, il n\u2019est pas possible de d\u00e9fendre des gens qui viennent d\u2019attaquer des int\u00e9r\u00eats \u00e9tats-uniens, fussent-ils localis\u00e9s en Russie. Pour bien se faire comprendre, Donald Trump refusa de signer le communiqu\u00e9 final pr\u00e9par\u00e9 par les Europ\u00e9ens et leur annon\u00e7a que, <strong>si ce texte \u00e9tait publi\u00e9 (il avait d\u00e9j\u00e0 \u00e9t\u00e9 distribu\u00e9 sous embargo \u00e0 des journalistes), il le d\u00e9mentirait et son pays quitterait le G7<\/strong>.<\/p>\n<p>Ce n\u2019est qu\u2019apr\u00e8s cet esclandre qu\u2019il re\u00e7ut le pr\u00e9sident Emmanuel Macron. Ce dernier choisit de ne pas l\u2019affronter, mais de c\u00e9l\u00e9brer l\u2019amiti\u00e9 transatlantique. Lors de la conf\u00e9rence de presse commune, il interrompit son h\u00f4te lorsque celui-ci r\u00e9p\u00e9ta que l\u2019Ukraine, et pas la Russie, avait provoqu\u00e9 la guerre, mais, en d\u00e9finitive, il n\u2019osa pas le contredire.<\/p>\n<p>Pendant ce temps, \u00e0 New York, l\u2019Assembl\u00e9e g\u00e9n\u00e9rale de l\u2019ONU d\u00e9battait d\u2019une r\u00e9solution propos\u00e9e par l\u2019Ukraine. Elle d\u00e9non\u00e7ait \u00ab\u00a0l\u2019invasion totale de l\u2019Ukraine par la F\u00e9d\u00e9ration de Russie\u00a0\u00bb et exigeait qu\u2019elle retire \u00ab\u00a0imm\u00e9diatement, compl\u00e8tement et sans condition toutes ses forces militaires du territoire ukrainien \u00e0 l\u2019int\u00e9rieur des fronti\u00e8res internationalement reconnues du pays et que cessent imm\u00e9diatement les hostilit\u00e9s men\u00e9es par la F\u00e9d\u00e9ration de Russie contre l\u2019Ukraine, en particulier toute attaque contre les civils et les biens de caract\u00e8re civil\u00a0\u00bb.<br class=\"autobr\"\/><br \/>\n<strong>Pour la premi\u00e8re fois de l\u2019Histoire depuis la Seconde Guerre mondiale, la d\u00e9l\u00e9gation \u00e9tats-unienne a vot\u00e9 contre un texte, avec celle de la Russie, contre celles du Canada, des Europ\u00e9ens et du Japon qui l\u2019ont approuv\u00e9.<\/strong><\/p>\n<p>Puis, les \u00c9tats-Unis ont pr\u00e9sent\u00e9, eux-m\u00eames, une seconde r\u00e9solution afin qu\u2019il soit \u00ab\u00a0mis fin au conflit dans les plus brefs d\u00e9lais.\u00a0\u00bb Ce texte visait \u00e0 aligner l\u2019Assembl\u00e9e g\u00e9n\u00e9rale sur la position des n\u00e9gociateurs \u00e9tats-uniens de Riyad.  Mais la Russie a vot\u00e9 contre parce que le texte \u00ab\u00a0plaide pour une paix durable entre l\u2019Ukraine et la F\u00e9d\u00e9ration de Russie\u00a0\u00bb et non pas pour une \u00ab\u00a0paix durable \u00e0 l\u2019int\u00e9rieur de l\u2019Ukraine\u00a0\u00bb. Du coup, <strong>les \u00c9tats-Unis, consid\u00e9rant qu\u2019ils avaient mal r\u00e9dig\u00e9 leur proposition, se sont abstenus sur leur propre texte, tandis que le Canada, les Europ\u00e9ens et le Japon le condamnaient.<\/strong><\/p>\n<h2 class=\"spip\">Mardi 25 f\u00e9vrier<\/h2>\n<p>Kaja Kallas, haute repr\u00e9sentante de l\u2019UE pour les Affaires \u00e9trang\u00e8res et la Politique de s\u00e9curit\u00e9, s\u2019est rendue \u00e0 Washington pour rencontrer le secr\u00e9taire d\u2019\u00c9tat, Marco Rubio. L\u2019entretien, qui avait \u00e9t\u00e9 annonc\u00e9 de longue date, a \u00e9t\u00e9 annul\u00e9 en derni\u00e8re minute par le secr\u00e9tariat de M.\u00a0Rubio, officiellement pour des raisons d\u2019agenda surbook\u00e9.<br class=\"autobr\"\/><br \/>\nMme\u00a0Kallas a fait savoir qu\u2019en remplacement, elle rencontrera \u00ab\u00a0des s\u00e9nateurs et des (\u2026) membres du Congr\u00e8s pour discuter de la guerre de la Russie contre l\u2019Ukraine et des relations transatlantiques\u00a0\u00bb.<br class=\"autobr\"\/><br \/>\n<strong>Apr\u00e8s que les membres de l\u2019UE aient vot\u00e9 contre les \u00c9tats-Unis \u00e0 l\u2019ONU, le secr\u00e9taire d\u2019\u00c9tat  refusait de rencontrer son homologue europ\u00e9en.<\/strong><\/p>\n<h2 class=\"spip\">Mercredi 26 f\u00e9vrier<\/h2>\n<p>Lors d\u2019une conf\u00e9rence de presse \u00e0 Kiev, Volodymyr Zelensky assure, le 26 f\u00e9vrier, que sans garanties de s\u00e9curit\u00e9 des \u00c9tats-Unis et de l\u2019OTAN, tout accord de paix sera injuste et il n\u2019y aura pas de vrai cessez-le-feu.<\/p>\n<h2 class=\"spip\">Jeudi 27 f\u00e9vrier<\/h2>\n<p>Avant de quitter Washington, Kaja Kallas, haute repr\u00e9sentante de l\u2019UE pour les Affaires \u00e9trang\u00e8res et la Politique de s\u00e9curit\u00e9, a donn\u00e9 une conf\u00e9rence au Hudson Institute, le 27 f\u00e9vrier. Elle y a d\u00e9clar\u00e9\u00a0: \u00ab\u00a0Il faut faire pression sur la Russie pour qu\u2019elle veuille aussi la paix. Elle est dans une position o\u00f9 elle ne veut pas la paix\u00a0\u00bb<\/p>\n<p>Keir Starmer, Premier ministre britannique, s\u2019est rendu, quant \u00e0 lui, \u00e0 la Maison-Blanche, porteur d\u2019une invitation du roi Charles III \u00e0 une seconde visite d\u2019\u00c9tat au Royaume-Uni. Les diplomates de Sa Majest\u00e9 estiment que le pr\u00e9sident Trump avait grandement appr\u00e9ci\u00e9 la premi\u00e8re et que, vu son orgueil, il serait sensible aux fastes de la Couronne.<\/p>\n<p>Durant la Conf\u00e9rence de presse des deux dirigeant, le pr\u00e9sident Trump a pr\u00e9tendu ne pas se souvenir d\u2019avoir qualifi\u00e9 Volodymyr Zelensky de \u00ab\u00a0dictateur\u00a0\u00bb (\u00ab\u00a0J\u2019ai dit cela\u00a0? Je ne parviens pas \u00e0 croire que je l\u2019ai dit\u00a0!\u00a0\u00bb). En outre, il s\u2019est montr\u00e9 ouvert \u00e0 l\u2019id\u00e9e que la hausse des tarifs douaniers de 25\u00a0% ne concerne pas le Royaume-Uni et \u00e0 la r\u00e9trocession par Londres des \u00eeles Chagos (dont la base de Diego Garcia) \u00e0 Maurice.<\/p>\n<p>Sur le fond, <strong>Keir Starmer est parvenu \u00e0 renouveler la \u00ab\u00a0relations sp\u00e9ciale\u00a0\u00bb de son pays avec les \u00c9tats-Unis<\/strong>. Celle-ci inclue le syst\u00e8me d\u2019interception et d\u2019espionnage global des \u00ab\u00a0Cinq Yeux\u00a0\u00bb et la d\u00e9l\u00e9gation de la force de frappe (Rappelons que la bombe atomique britannique ne pourrait pas fonctionner sans l\u2019appui des scientifiques militaires \u00e9tats-uniens).<\/p>\n<p>Pendant ce temps, des n\u00e9gociateurs \u00e9tats-uniens et russes se sont retrouv\u00e9s durant six heures et demie au consulat g\u00e9n\u00e9ral des \u00c9tats-Unis \u00e0 Istanbul pour un second round de n\u00e9gociations, \u00e0 un \u00ab\u00a0niveau technique\u00a0\u00bb. Il ne s\u2019agissait pas d\u2019avancer sur le fond, mais de r\u00e9gler des probl\u00e8mes qui avaient \u00e9t\u00e9 abord\u00e9s par les ministre \u00e0 Riyad. \u00c0 savoir, les conditions de fonctionnement des ambassades respectives \u00e0 Washington et \u00e0 Moscou, que le pr\u00e9sident Joe Biden avait consid\u00e9rablement encadr\u00e9s et auxquelles Moscou avait r\u00e9pondu \u00e0 l\u2019identique.<\/p>\n<h2 class=\"spip\">Vendredi 28 f\u00e9vrier<\/h2>\n<p>Le pr\u00e9sident ukrainien non-\u00e9lu, Volodymyr Zelensky, s\u2019est rendu \u00e0 la Maison-Blanche, le 28 f\u00e9vrier. Le pr\u00e9sident Trump et le vice-pr\u00e9sident Vance l\u2019ont re\u00e7u, non pas pour \u00e9couter sa version des faits, mais pour signer un accord sur les terres rares que l\u2019Ukraine pr\u00e9tend poss\u00e9der. Bien entendu, il n\u2019a pas pu l\u2019\u00eatre, puisqu\u2019elles n\u2019existent pas, mais c\u2019\u00e9tait un moyen pour l\u2019administration Trump de montrer \u00e0 celui que l\u2019on ne sait plus si elle le consid\u00e8re comme un \u00ab\u00a0d\u00e9mocrate\u00a0\u00bb ou un \u00ab\u00a0dictateur\u00a0\u00bb qu\u2019il n\u2019avait plus aucune carte en main.<\/p>\n<p>Le point de presse d\u2019accueil restera grav\u00e9 dans les m\u00e9moires. La presse occidentale a \u00e9t\u00e9 choqu\u00e9e par l\u2019algarade entre le pr\u00e9sident Trump et son invit\u00e9. Il faut se m\u00e9fier ici des images\u00a0: elles ne disent pas du tout la m\u00eame chose si l\u2019on s\u2019en tient \u00e0 un extrait choisi ou si l\u2019on \u00e9coute la totalit\u00e9 de l\u2019\u00e9change. Dans un extrait, on retient les arguments qui sont \u00e9nonc\u00e9s, tandis que dans l\u2019ensemble, on comprend pourquoi ils sont \u00e9nonc\u00e9s.<\/p>\n<p>Durant les cinquante minutes de ce point de presse, le pr\u00e9sident Donald Trump n\u2019a cess\u00e9 de rappeler qu\u2019il n\u2019\u00e9tait align\u00e9 sur aucune des deux parties, russe ou ukrainienne, mais qu\u2019il n\u00e9gociait avec la Russie pour d\u00e9fendre l\u2019int\u00e9r\u00eat de son pays et, en d\u00e9finitive, pour l\u2019ensemble de l\u2019Humanit\u00e9. En tant que pr\u00e9sident des \u00c9tats-Unis, il parle avec tous, veille \u00e0 n\u2019injurier personne et reconna\u00eet les points positifs de chacun. Au contraire, Volodymyr Zelensky n\u2019a cess\u00e9 d\u2019accuser la Russie d\u2019agression depuis 2014, de meurtres, d\u2019enl\u00e8vements et de tortures. Il a m\u00eame affirm\u00e9 que le pr\u00e9sident Vladimir Poutine avait viol\u00e9 15 fois sa propre signature.<\/p>\n<p>Contrairement \u00e0 ce qu\u2019a vu la presse occidentale, ce point de presse n\u2019a port\u00e9 ni sur l\u2019aide militaire, ni sur les terres rares et encore moins sur un partage de territoires. Il a d\u00e9g\u00e9n\u00e9r\u00e9 lorsque le <strong>vice-pr\u00e9sident Vance a not\u00e9 que la narration de son h\u00f4te \u00e9tait \u00ab\u00a0de la propagande\u00a0\u00bb<\/strong>, puis est revenu \u00e0 la charge en d\u00e9clarant \u00e0 propos des deux versions des faits\u00a0: \u00ab\u00a0Nous savons que vous avez tort\u00a0!\u00a0\u00bb. En d\u00e9finitive le pr\u00e9sident Trump a not\u00e9 que l\u2019Ukraine \u00e9tait en mauvaise posture et que son invit\u00e9, non seulement n\u2019\u00e9tait pas reconnaissant du soutien US, mais ne voulait pas de cessez-le-feu. Exc\u00e9d\u00e9, il a observ\u00e9 que Vladimir Poutine n\u2019avait jamais viol\u00e9 sa signature, ni avec Barack Obama, ni avec lui, mais uniquement avec Joe Biden du fait de ce que ce dernier lui a fait. Il a alors rappel\u00e9 les accusations mensong\u00e8res \u00e0 r\u00e9p\u00e9tition lanc\u00e9es contre la Russie par le pr\u00e9sident Biden.<\/p>\n<p><iframe loading=\"lazy\" title=\"Full Meeting between President Trump, VP Vance and Ukrainian President Zelensky in Oval Office\" width=\"1110\" height=\"624\" src=\"https:\/\/www.youtube.com\/embed\/7pxbGjvcdyY?feature=oembed\" frameborder=\"0\" allow=\"accelerometer; autoplay; clipboard-write; encrypted-media; gyroscope; picture-in-picture; web-share\" referrerpolicy=\"strict-origin-when-cross-origin\" allowfullscreen><\/iframe><\/p>\n<h2 class=\"spip\">Dimanche 2 mars<\/h2>\n<p>Keir Starmer, Premier ministre britannique, a d\u00e9clar\u00e9\u00a0: l\u2019Europe est \u00ab\u00a0\u00e0 la crois\u00e9e des chemins de l\u2019histoire\u00a0\u00bb en accueillant \u00e0 Downing Street les dirigeants de l\u2019Ukraine, de la France, de l\u2019Allemagne, du Danemark, de l\u2019Italie, des Pays-Bas, de la Norv\u00e8ge, de la Pologne, de l\u2019Espagne, du Canada, de la Finlande, de la Su\u00e8de, de la Tch\u00e9quie et de la Roumanie, ainsi que du ministre turc des Affaires \u00e9trang\u00e8res, du secr\u00e9taire g\u00e9n\u00e9ral de l\u2019OTAN et des pr\u00e9sidents de la Commission europ\u00e9enne et du Conseil europ\u00e9en.<\/p>\n<p><strong>Le Royaume-Uni et la France rivalisent pour remplacer les \u00c9tats-Unis et garantir la paix sur le continent europ\u00e9en<\/strong>. Les deux pays seraient pr\u00eats \u00e0 garantir la s\u00e9curit\u00e9 des autres gr\u00e2ce \u00e0 leurs armes nucl\u00e9aires. Cependant, personne ne songe s\u00e9rieusement que celles-ci suffiraient \u00e0 assurer la paix en l\u2019absence de forces conventionnelles s\u00e9rieuses, ce dont ni Londres, ni Paris ne disposent. Tout au plus Varsovie a d\u00e9but\u00e9, il y a plus de deux ans d\u00e9j\u00e0, la r\u00e9organisation de ses arm\u00e9es et la g\u00e9n\u00e9ralisation du service militaires de ses jeunes gens, mais il ne dispose toujours pas d\u2019armes en quantit\u00e9.<\/p>\n<p>\u00c0 l\u2019issue de la r\u00e9union, qui visait \u00e0 cr\u00e9er une \u00ab\u00a0coalition de volontaires\u00a0\u00bb, Keir Starmer a d\u00e9clar\u00e9 au nom de tous les participants\u00a0:<br class=\"autobr\"\/><br \/>\n\u00ab\u00a0Aujourd\u2019hui, j\u2019ai accueilli \u00e0 Londres des homologues de toute l\u2019Europe, y compris de la T\u00fcrkiye, ainsi que le secr\u00e9taire g\u00e9n\u00e9ral de l\u2019OTAN et les pr\u00e9sidents de la Commission europ\u00e9enne, du Conseil de l\u2019UE et du Canada, pour discuter de notre soutien \u00e0 l\u2019Ukraine.<br class=\"autobr\"\/><br \/>\nEnsemble, nous avons r\u00e9affirm\u00e9 notre d\u00e9termination \u00e0 \u0153uvrer en faveur d\u2019une paix permanente en Ukraine, en partenariat avec les \u00c9tats-Unis. La s\u00e9curit\u00e9 de l\u2019Europe est avant tout notre responsabilit\u00e9. Nous nous allons nous atteler \u00e0 cette t\u00e2che historique et nous augmenterons nos investissements dans notre propre d\u00e9fense.<br class=\"autobr\"\/><br \/>\nNous ne devons pas r\u00e9p\u00e9ter les erreurs du pass\u00e9 lorsque des accords faibles ont permis au pr\u00e9sident Poutine d\u2019envahir \u00e0 nouveau. Nous travaillerons avec le pr\u00e9sident Trump pour garantir une paix forte, juste et durable qui garantisse la souverainet\u00e9 et la s\u00e9curit\u00e9 futures de l\u2019Ukraine. L\u2019Ukraine doit \u00eatre en mesure de se d\u00e9fendre contre de futures attaques russes. Il ne doit pas y avoir de pourparlers sur l\u2019Ukraine sans l\u2019Ukraine. Nous sommes convenus que le Royaume-Uni, la France et d\u2019autres travailleront avec l\u2019Ukraine sur un plan visant \u00e0 mettre un terme aux combats dont nous discuterons plus avant avec les \u00c9tats-Unis et que nous avancerons ensemble (\u2026) En outre, beaucoup d\u2019entre nous se sont d\u00e9clar\u00e9s pr\u00eats \u00e0 contribuer \u00e0 la s\u00e9curit\u00e9 de l\u2019Ukraine, y compris par une force compos\u00e9e de partenaires europ\u00e9ens et autres, et intensifieront notre planification.<br class=\"autobr\"\/><br \/>\nNous continuerons de travailler en \u00e9troite collaboration pour faire avancer les prochaines \u00e9tapes et prendre des d\u00e9cisions dans les semaines \u00e0 venir.\u00a0\u00bb<\/p>\n<p>Les participants \u00e0 ce sommet n\u2019ont absolument pas fait \u00e9voluer leurs analyses du conflit ukrainien. Ils restent sourd aux \u00c9tats-Unis et, de ce fait, ne les comprennent plus. <strong>Ils sont parvenus \u00e0 s\u2019unir non pas pour d\u00e9ployer une force de stabilisation de la paix en Ukraine, mais pour prot\u00e9ger les infrastructures critiques dans l\u2019ouest de l\u2019Ukraine ou dans des domaines strat\u00e9giques similaires. Ils sont convenus de ne pas r\u00e9aliser d\u2019efforts nationaux fragment\u00e9s, mais de tirer parti de la puissance \u00e9conomique de l\u2019Union europ\u00e9enne (UE) en r\u00e9orientant ses fonds de relance<\/strong>. Ils ont donc convoqu\u00e9 un Conseil europ\u00e9en sp\u00e9cial, le 6 mars. Or, pour transformer l\u2019UE d\u2019un march\u00e9 commun en une alliance militaire, il leur faudra r\u00e9unir non pas une majorit\u00e9, mais l\u2019unanimit\u00e9 des 27 \u00c9tats-membres, Hongrie et Slovaquie comprises.<\/p>\n<p>Or, d\u2019ores et d\u00e9j\u00e0, Viktor Orb\u00e1n, Premier ministre hongrois, a r\u00e9pondu au projet de d\u00e9claration finale du Conseil europ\u00e9en en soulignant qu\u2019il y a des \u00ab\u00a0diff\u00e9rences strat\u00e9giques\u00a0\u00bb entre les \u00c9tats de l\u2019UE. Il plaide donc pour qu\u2019il n\u2019y ait pas de conclusions \u00e9crites, car \u00ab\u00a0Toute tentative d\u2019y parvenir projetterait l\u2019image d\u2019une Union europ\u00e9enne divis\u00e9e.\u00a0\u00bb<\/p>\n<\/div>\n<p><br \/>\n<br \/><a href=\"https:\/\/www.voltairenet.org\/article221871.html\" target=\"_blank\"\">Source link <\/a><\/p>\n","protected":false},"excerpt":{"rendered":"<p>Christoph Heusgen, ancien repr\u00e9sentant permanent de l\u2019Allemagne aux Nations unies et actuel pr\u00e9sident de la Conf\u00e9rence sur la S\u00e9curit\u00e9 de Munich, pleure en d\u00e9couvrant le divorce entre les \u00c9tats-Unis et&hellip; <\/p>\n","protected":false},"author":1,"featured_media":3759,"comment_status":"open","ping_status":"open","sticky":false,"template":"","format":"standard","meta":{"footnotes":""},"categories":[1],"tags":[],"class_list":["post-3758","post","type-post","status-publish","format-standard","has-post-thumbnail","hentry","category-non-classe"],"_links":{"self":[{"href":"https:\/\/monde25.info\/index.php\/wp-json\/wp\/v2\/posts\/3758","targetHints":{"allow":["GET"]}}],"collection":[{"href":"https:\/\/monde25.info\/index.php\/wp-json\/wp\/v2\/posts"}],"about":[{"href":"https:\/\/monde25.info\/index.php\/wp-json\/wp\/v2\/types\/post"}],"author":[{"embeddable":true,"href":"https:\/\/monde25.info\/index.php\/wp-json\/wp\/v2\/users\/1"}],"replies":[{"embeddable":true,"href":"https:\/\/monde25.info\/index.php\/wp-json\/wp\/v2\/comments?post=3758"}],"version-history":[{"count":0,"href":"https:\/\/monde25.info\/index.php\/wp-json\/wp\/v2\/posts\/3758\/revisions"}],"wp:featuredmedia":[{"embeddable":true,"href":"https:\/\/monde25.info\/index.php\/wp-json\/wp\/v2\/media\/3759"}],"wp:attachment":[{"href":"https:\/\/monde25.info\/index.php\/wp-json\/wp\/v2\/media?parent=3758"}],"wp:term":[{"taxonomy":"category","embeddable":true,"href":"https:\/\/monde25.info\/index.php\/wp-json\/wp\/v2\/categories?post=3758"},{"taxonomy":"post_tag","embeddable":true,"href":"https:\/\/monde25.info\/index.php\/wp-json\/wp\/v2\/tags?post=3758"}],"curies":[{"name":"wp","href":"https:\/\/api.w.org\/{rel}","templated":true}]}}