{"id":3762,"date":"2025-03-04T14:20:15","date_gmt":"2025-03-04T13:20:15","guid":{"rendered":"https:\/\/monde25.info\/index.php\/2025\/03\/04\/une-de-nos-redactrices-temoigne\/"},"modified":"2025-03-04T14:20:15","modified_gmt":"2025-03-04T13:20:15","slug":"une-de-nos-redactrices-temoigne","status":"publish","type":"post","link":"https:\/\/monde25.info\/index.php\/2025\/03\/04\/une-de-nos-redactrices-temoigne\/","title":{"rendered":"une de nos r\u00e9dactrices t\u00e9moigne"},"content":{"rendered":"<p> <br \/>\n<\/p>\n<div>\n<h4><strong>Une de nos r\u00e9dactrices brise le silence sur les violences sexuelles et psychologiques qu\u2019elle a subies. Avec une honn\u00eatet\u00e9 d\u00e9sarmante, elle raconte son parcours, de la culpabilit\u00e9 initiale \u00e0 la prise de conscience f\u00e9ministe. Un r\u00e9cit intime et universel qui d\u00e9nonce la banalisation des violences envers les femmes et appelle \u00e0 une remise en question profonde de notre soci\u00e9t\u00e9. T\u00e9moignage.<br \/><\/strong><\/h4>\n<p>Avec la parole des femmes qui se lib\u00e8re, je me rends compte que de nombreuses situations que j\u2019ai v\u00e9cues plus jeune \u00e9taient inacceptables. \u00c0 l\u2019\u00e9poque, quand je ressentais un profond mal-\u00eatre face \u00e0 certains comportements abusifs, je me disais que c\u2019\u00e9tait de ma faute. Parce que <strong>la soci\u00e9t\u00e9 consid\u00e9rait ces comportements comme \u00ab normaux<\/strong> \u00bb, je pensais que j\u2019\u00e9tais trop sensible, que j\u2019exag\u00e9rais. <strong>Dire \u00ab non \u00bb, c\u2019\u00e9tait risquer de passer pour une folle, une hyst\u00e9rique. <\/strong><\/p>\n<p>Aujourd\u2019hui, en entendant tant d\u2019autres femmes raconter des histoires similaires, je me rends compte que nous avons<strong> \u00e9t\u00e9 nombreuses \u00e0 devoir nous taire, \u00e0 accepter l\u2019inacceptable, souvent pendant des ann\u00e9es. Comme si nos corps et nos individualit\u00e9s ne nous appartenaient pas.<\/strong><\/p>\n<figure id=\"attachment_715920\" aria-describedby=\"caption-attachment-715920\" style=\"width: 1024px\" class=\"wp-caption alignnone\"><img fetchpriority=\"high\" decoding=\"async\" class=\"wp-image-715920 size-medium\" src=\"https:\/\/mrmondialisation.org\/wp-content\/uploads\/2025\/03\/viol1-e1741080579434-1024x673.jpg\" alt=\"\" width=\"1024\" height=\"673\" srcset=\"https:\/\/mrmondialisation.org\/wp-content\/uploads\/2025\/03\/viol1-e1741080579434-1024x673.jpg 1024w, https:\/\/mrmondialisation.org\/wp-content\/uploads\/2025\/03\/viol1-e1741080579434-768x505.jpg 768w, https:\/\/mrmondialisation.org\/wp-content\/uploads\/2025\/03\/viol1-e1741080579434-696x458.jpg 696w, https:\/\/mrmondialisation.org\/wp-content\/uploads\/2025\/03\/viol1-e1741080579434-1068x702.jpg 1068w, https:\/\/mrmondialisation.org\/wp-content\/uploads\/2025\/03\/viol1-e1741080579434-639x420.jpg 639w, https:\/\/mrmondialisation.org\/wp-content\/uploads\/2025\/03\/viol1-e1741080579434-741x486.jpg 741w, https:\/\/mrmondialisation.org\/wp-content\/uploads\/2025\/03\/viol1-e1741080579434.jpg 1080w\" sizes=\"(max-width: 1024px) 100vw, 1024px\"\/><figcaption id=\"caption-attachment-715920\" class=\"wp-caption-text\">Des milliers de personnes r\u00e9unies le samedi 14 septembre pour soutenir Gis\u00e8le Pelicot et toutes les victimes de viol. \u00a9 <a target=\"_blank\" href=\"https:\/\/www.instagram.com\/tiphaine_real\/\">Tiphaine B.<\/a><\/figcaption><\/figure>\n<h2><strong>D\u2019abord prendre conscience de nos blessures invisibles<\/strong><\/h2>\n<p>Alors oui, j\u2019ai mes probl\u00e8mes, comme tout le monde. Mais ce qui me fascine aujourd\u2019hui, c\u2019est de voir \u00e0 quel point <strong>la bienveillance est devenue une priorit\u00e9 pour moi.<\/strong> Dans mes relations, qu\u2019elles soient amicales ou amoureuses, <strong>c\u2019est ce qui m\u2019attire le plus.<\/strong> Pas de chance, <strong>ce n\u2019est pas vraiment ce qui est valoris\u00e9 par la soci\u00e9t\u00e9. <\/strong><\/p>\n<p>En ce qui me concerne, je vois peu \u00e0 peu les bienfaits \u00e0 d\u00e9terrer les vieux traumatismes qui m\u2019ont inconsciemment conduit \u00e0 r\u00e9p\u00e9ter pendant longtemps les m\u00eames sch\u00e9mas destructeurs, jusqu\u2019\u00e0 ce que je d\u00e9cide enfin d\u2019arr\u00eater de fuir et de commencer un travail sur moi-m\u00eame. C\u2019est inconfortable, souvent douloureux, mais \u00e0 terme, c\u2019est lib\u00e9rateur. <strong>Je me rends mieux compte aujourd\u2019hui de ce que peut \u00eatre l\u2019amour, au-del\u00e0 de mon conditionnement, au-del\u00e0 des id\u00e9es qui se sont greff\u00e9es dans mon inconscient d\u2019enfant<\/strong>\u00a0il y a quelques dizaines d\u2019ann\u00e9es, et qui sont rest\u00e9es l\u00e0 pendant tout ce temps, attendant que j\u2019y jette enfin un \u0153il.<\/p>\n<figure id=\"attachment_715921\" aria-describedby=\"caption-attachment-715921\" style=\"width: 1024px\" class=\"wp-caption alignnone\"><img loading=\"lazy\" decoding=\"async\" class=\"wp-image-715921 size-medium\" src=\"https:\/\/mrmondialisation.org\/wp-content\/uploads\/2025\/03\/viol2-e1741080734164-1024x666.jpg\" alt=\"\" width=\"1024\" height=\"666\" srcset=\"https:\/\/mrmondialisation.org\/wp-content\/uploads\/2025\/03\/viol2-e1741080734164-1024x666.jpg 1024w, https:\/\/mrmondialisation.org\/wp-content\/uploads\/2025\/03\/viol2-e1741080734164-768x499.jpg 768w, https:\/\/mrmondialisation.org\/wp-content\/uploads\/2025\/03\/viol2-e1741080734164-696x452.jpg 696w, https:\/\/mrmondialisation.org\/wp-content\/uploads\/2025\/03\/viol2-e1741080734164-1068x694.jpg 1068w, https:\/\/mrmondialisation.org\/wp-content\/uploads\/2025\/03\/viol2-e1741080734164-646x420.jpg 646w, https:\/\/mrmondialisation.org\/wp-content\/uploads\/2025\/03\/viol2-e1741080734164.jpg 1080w\" sizes=\"auto, (max-width: 1024px) 100vw, 1024px\"\/><figcaption id=\"caption-attachment-715921\" class=\"wp-caption-text\">Des milliers de personnes r\u00e9unies le samedi 14 septembre pour soutenir Gis\u00e8le Pelicot et toutes les victimes de viol. \u00a9 Tiphaine B.<\/figcaption><\/figure>\n<p>Aujourd\u2019hui, je ne sais peut-\u00eatre pas exactement ce que je veux (quoi que je m\u2019en rapproche\u2026), mais je suis certaine de ce que je ne veux plus. Et \u00e7a, c\u2019est d\u00e9j\u00e0 \u00e9norme<strong>. Le plus dur, c\u2019est de d\u00e9construire les croyances enfouies au fond de nous, celles qui nous font croire que les comportements toxiques, la culpabilit\u00e9 et l\u2019auto-sabotage, sont la norme<\/strong>. Une fois que l\u2019on commence \u00e0 s\u2019en lib\u00e9rer, on voit une nette diff\u00e9rence, dans tous les domaines de notre vie.<\/p>\n<p>Pour en revenir \u00e0 ces situations inacceptables que j\u2019ai v\u00e9cues, en prendre conscience n\u2019est pas facile non plus. <strong>Se rendre compte de cette extr\u00eame violence, avant tout structurelle, qui fa\u00e7onne les individus, ce n\u2019est pas facile<\/strong>. Il serait plus ais\u00e9 de se dire que tout va bien, qu\u2019il n\u2019y a pas de probl\u00e8me. Par moments, clairement, j\u2019en bave. <strong>Beaucoup de col\u00e8re et d\u2019amertume \u00e0 g\u00e9rer. Parce que c\u2019est injuste, et je ne supporte pas l\u2019injustice.<\/strong> Pourtant, en m\u00eame temps, c\u2019est extr\u00eamement lib\u00e9rateur. Une prise de conscience difficile mais n\u00e9cessaire, et salvatrice. <strong>J\u2019en ressors avec bien plus de force et de courage.<\/strong> Et \u00e7a me donne envie de partager ce cheminement, en esp\u00e9rant qu\u2019il puisse aider d\u2019autres personnes.<\/p>\n<h2><strong>L\u2019exp\u00e9rience directe de la violence\u00a0: une r\u00e9alit\u00e9 bien trop courante<\/strong><\/h2>\n<p>J\u2019ai subi des agressions sexuelles, une tentative de viol (dont j\u2019ai heureusement pu me d\u00e9fendre, m\u00eame si les s\u00e9quelles, physiques et psychologiques, restent bien r\u00e9elles), ainsi que du harc\u00e8lement de rue. La plupart du temps, il s\u2019agissait d\u2019inconnus, ou presque. <strong>Mais dans mes relations amoureuses, j\u2019ai aussi \u00e9t\u00e9 victime de viols conjugaux.<\/strong> \u00c0 l\u2019\u00e9poque, j\u2019\u00e9tais na\u00efve, mal inform\u00e9e sur le consentement. <strong>Je ne savais pas que le terme \u00ab viol \u00bb pouvait s\u2019appliquer au couple.<\/strong> Aujourd\u2019hui, quand j\u2019y repense, \u00e7a me remplit de rage. D\u2019autant plus que je ne suis pas seule. <strong>Nous sommes des milliers, des millions \u00e0 avoir subi ces violences sans avoir pu mettre des mots dessus.<\/strong> Un t\u00e9moignage \u00e9difiant \u00e0 ce sujet :<\/p>\n<p><iframe loading=\"lazy\" title=\"\u00ab J\u2019ai \u00e9t\u00e9 victime de viols conjugaux entre mes 15 et 18 ans \u00bb | Capucine Coudrier t\u00e9moigne.\" width=\"1110\" height=\"624\" src=\"https:\/\/www.youtube.com\/embed\/Me2amjHiOQQ?feature=oembed\" frameborder=\"0\" allow=\"accelerometer; autoplay; clipboard-write; encrypted-media; gyroscope; picture-in-picture; web-share\" referrerpolicy=\"strict-origin-when-cross-origin\" allowfullscreen><\/iframe><\/p>\n<p>Maintenant, je sais. <strong>Dans un couple, comme ailleurs, quand l\u2019un\u00b7e refuse et que l\u2019acte a quand m\u00eame lieu, c\u2019est un viol<\/strong>. Quand l\u2019un\u00b7e n\u2019a pas la possibilit\u00e9 de consentir de fa\u00e7on libre, \u00e9clair\u00e9e et enthousiaste, c\u2019est un viol. M\u00eame quand il n\u2019y a pas de violence physique. Sans m\u00eame parler de la contrainte par du chantage affectif, des menaces d\u00e9guis\u00e9es, de la culpabilisation, de l\u2019emprise, de la manipulation\u2026 Ces m\u00e9canismes sont insidieux, destructeurs, et pourtant si communs.<\/p>\n<p><strong>Une enqu\u00eate r\u00e9v\u00e8le que 9 femmes sur 10 ont d\u00e9j\u00e0 ressenti une pression de leur partenaire pour avoir un rapport sexuel. 9 sur 10.<\/strong> C\u2019est \u00e9norme. Et pourtant, on commence \u00e0 peine \u00e0 en parler, \u00e0 dire que non, ce n\u2019est pas normal.<strong> Le sexe n\u2019est pas un d\u00fb. Le devoir conjugal n\u2019existe pas.<\/strong> \u00c7a peut para\u00eetre \u00e9vident, mais dans une soci\u00e9t\u00e9 qui nous conditionne \u00e0 croire le contraire, il faut parfois des ann\u00e9es pour s\u2019en rendre compte.<\/p>\n<div class=\"td-a-rec td-a-rec-id-content_inline  tdi_1 td_block_template_1\">\n<span class=\"td-adspot-title\">&#8211; Pour une information libre ! &#8211;<\/span><a target=\"_blank\" href=\"https:\/\/fr.tipeee.com\/mr-mondialisation\" class=\"tipeee-project-small\">Soutenir Mr Japanization sur Tipeee<\/a>\n<\/div>\n<p>Et puis, soyons honn\u00eates : <strong>quel plaisir peut-on prendre \u00e0 imposer une relation sexuelle \u00e0 une personne qui n\u2019en a pas envie ?<\/strong> Pour moi, c\u2019est une des facettes les plus abjectes de l\u2019humain. Le sexe devrait \u00eatre un moment de partage, d\u2019abandon en toute s\u00e9curit\u00e9, et non une arme de domination ou une simple validation de l\u2019ego. <strong>Mais dans une soci\u00e9t\u00e9 qui valorise l\u2019\u00e9go\u00efsme et les rapports de force, est-ce si \u00e9tonnant ?<\/strong><\/p>\n<figure id=\"attachment_714801\" aria-describedby=\"caption-attachment-714801\" style=\"width: 1024px\" class=\"wp-caption alignnone\"><img loading=\"lazy\" decoding=\"async\" class=\"wp-image-714801\" src=\"https:\/\/mrmondialisation.org\/wp-content\/uploads\/2025\/01\/capture-decran-du-2025-01-31-15-13-01.png\" alt=\"\" width=\"1024\" height=\"1038\" srcset=\"https:\/\/mrmondialisation.org\/wp-content\/uploads\/2025\/01\/capture-decran-du-2025-01-31-15-13-01.png 731w, https:\/\/mrmondialisation.org\/wp-content\/uploads\/2025\/01\/capture-decran-du-2025-01-31-15-13-01-696x706.png 696w, https:\/\/mrmondialisation.org\/wp-content\/uploads\/2025\/01\/capture-decran-du-2025-01-31-15-13-01-414x420.png 414w\" sizes=\"auto, (max-width: 1024px) 100vw, 1024px\"\/><figcaption id=\"caption-attachment-714801\" class=\"wp-caption-text\"><a target=\"_blank\" href=\"https:\/\/www.noustoutes.org\/ressources\/Dossier_complet_JaiPasDitOui.01.pdf\">Enqu\u00eate #NousToutes<\/a><\/figcaption><\/figure>\n<p>Au-del\u00e0 des violences sexuelles,<strong> je ne compte plus les fois o\u00f9 j\u2019ai ressenti un profond malaise face \u00e0 certains comportements masculins<\/strong>. Des hommes de tous horizons, milieux, nationalit\u00e9s\u2026 <strong>Un seul point commun : cette assurance \u00e9crasante, cette impunit\u00e9, cette fa\u00e7on de consid\u00e9rer leur comportement comme normal parce que la soci\u00e9t\u00e9 l\u2019a toujours l\u00e9gitim\u00e9.<\/strong> \u00c0 force, cette accumulation m\u2019a \u00e9c\u0153ur\u00e9e des relations intimes. J\u2019en suis arriv\u00e9e \u00e0 ne plus supporter qu\u2019on me touche. Aujourd\u2019hui, je r\u00e9apprends, petit \u00e0 petit, \u00e0 faire la paix avec mon corps. Mais c\u2019est un chemin long, sem\u00e9 d\u2019emb\u00fbches.<\/p>\n<p>J\u2019ai aussi connu le harc\u00e8lement, les violences psychologiques, et \u00e0 de rares fois, physiques. <strong>J\u2019ai m\u00eame d\u00e9j\u00e0 craint pour ma vie en quittant un homme, tant il paniquait \u00e0 l\u2019id\u00e9e d\u2019\u00eatre rejet\u00e9<\/strong>. Et pourtant, \u00e0 ce moment-l\u00e0, je me suis dit que <strong>je pr\u00e9f\u00e9rerais mourir plut\u00f4t que de rester avec lui.<\/strong> Quand tu en arrives \u00e0 penser \u00e7a, quand ce genre de situation se r\u00e9p\u00e8te, tu finis par comprendre que ce n\u2019est pas toi le probl\u00e8me. Que c\u2019est <strong>tout un syst\u00e8me qui d\u00e9conne.<\/strong><\/p>\n<blockquote>\n<p><strong>\u00ab Les hommes ont peur que les femmes se moquent d\u2019eux. Les femmes ont peur que les hommes les tuent. \u00bb \u2013 Margaret Atwood<\/strong><\/p>\n<\/blockquote>\n<p>Je n\u2019ai jamais port\u00e9 plainte. Parce que je ne voulais pas revivre ces violences, encore et encore. Parce que je voulais ne plus jamais revoir ces hommes. Parce que<strong> j\u2019ai autant confiance en la justice pour condamner des violences faites aux femmes qu\u2019en Trump pour finir un livre<\/strong>.<\/p>\n<p>J\u2019aurais peut-\u00eatre d\u00fb. Mais j\u2019ai pass\u00e9 suffisamment de temps \u00e0 me sentir coupable pour des choses dont je n\u2019\u00e9tais pas responsable. <strong>J\u2019admire celles qui osent affronter ce parcours du combattant, sachant qu\u2019elles seront forc\u00e9es de revivre leur traumatisme et que les chances de voir leur agresseur condamn\u00e9 restent minces<\/strong>, quelles que soient les horreurs qu\u2019elles ont subies.<\/p>\n<p>Parfois, tout \u00e7a me donne envie de hurler. Mais j\u2019ai horreur des cris. Alors j\u2019\u00e9cris, je compose, je marche. Parce que <strong>la col\u00e8re, aussi l\u00e9gitime soit-elle, ne doit pas devenir un poison. Mais au contraire, peut devenir une force.<\/strong><\/p>\n<figure id=\"attachment_715922\" aria-describedby=\"caption-attachment-715922\" style=\"width: 1024px\" class=\"wp-caption alignnone\"><img loading=\"lazy\" decoding=\"async\" class=\"wp-image-715922 size-medium\" src=\"https:\/\/mrmondialisation.org\/wp-content\/uploads\/2025\/03\/viol4-e1741080777649-1024x669.jpg\" alt=\"Des milliers de personnes r\u00e9unies le samedi 14 septembre pour soutenir Gis\u00e8le Pelicot et toutes les victimes de viol. \u00a9 Tiphaine B.\" width=\"1024\" height=\"669\" srcset=\"https:\/\/mrmondialisation.org\/wp-content\/uploads\/2025\/03\/viol4-e1741080777649-1024x669.jpg 1024w, https:\/\/mrmondialisation.org\/wp-content\/uploads\/2025\/03\/viol4-e1741080777649-768x502.jpg 768w, https:\/\/mrmondialisation.org\/wp-content\/uploads\/2025\/03\/viol4-e1741080777649-696x455.jpg 696w, https:\/\/mrmondialisation.org\/wp-content\/uploads\/2025\/03\/viol4-e1741080777649-1068x698.jpg 1068w, https:\/\/mrmondialisation.org\/wp-content\/uploads\/2025\/03\/viol4-e1741080777649-642x420.jpg 642w, https:\/\/mrmondialisation.org\/wp-content\/uploads\/2025\/03\/viol4-e1741080777649.jpg 1080w\" sizes=\"auto, (max-width: 1024px) 100vw, 1024px\"\/><figcaption id=\"caption-attachment-715922\" class=\"wp-caption-text\">Des milliers de personnes r\u00e9unies le samedi 14 septembre pour soutenir Gis\u00e8le Pelicot et toutes les victimes de viol. \u00a9 Tiphaine B.<\/figcaption><\/figure>\n<h2><strong>Une soci\u00e9t\u00e9 qui excuse et perp\u00e9tue ces violences<\/strong><\/h2>\n<p>Certains me diront peut \u00eatre que je n\u2019ai pas eu de chance, que je me suis dirig\u00e9e moi-m\u00eame vers de \u00ab mauvaises personnes \u00bb. Alors effectivement, plus jeune, je n\u2019avais aucune id\u00e9e de ce que pouvait \u00eatre un amour sain. Mais<strong> notre soci\u00e9t\u00e9 tout enti\u00e8re baigne dans la culture du viol et l\u00e9gitime depuis longtemps les violences faites aux femmes<\/strong>. Et <strong>ces violences ne sont pas le fait de monstres isol\u00e9s mais bel et bien d\u2019hommes ordinaires<\/strong>, int\u00e9gr\u00e9s \u00e0 notre quotidien. Comme l\u2019a montr\u00e9 Hannah Arendt avec le concept de banalit\u00e9 du mal,<strong> les pires horreurs ne viennent pas forc\u00e9ment d\u2019individus sadiques, fous \u00e0 lier, mais simplement de ceux qui perp\u00e9tuent un syst\u00e8me sans m\u00eame le questionner.<\/strong><\/p>\n<figure id=\"attachment_714802\" aria-describedby=\"caption-attachment-714802\" style=\"width: 1024px\" class=\"wp-caption alignnone\"><img loading=\"lazy\" decoding=\"async\" class=\"size-medium wp-image-714802\" src=\"https:\/\/mrmondialisation.org\/wp-content\/uploads\/2025\/01\/1-1024x576.jpg\" alt=\"\" width=\"1024\" height=\"576\" srcset=\"https:\/\/mrmondialisation.org\/wp-content\/uploads\/2025\/01\/1-1024x576.jpg 1024w, https:\/\/mrmondialisation.org\/wp-content\/uploads\/2025\/01\/1-1524x857.jpg 1524w, https:\/\/mrmondialisation.org\/wp-content\/uploads\/2025\/01\/1-768x432.jpg 768w, https:\/\/mrmondialisation.org\/wp-content\/uploads\/2025\/01\/1-1536x864.jpg 1536w, https:\/\/mrmondialisation.org\/wp-content\/uploads\/2025\/01\/1-696x392.jpg 696w, https:\/\/mrmondialisation.org\/wp-content\/uploads\/2025\/01\/1-1068x601.jpg 1068w, https:\/\/mrmondialisation.org\/wp-content\/uploads\/2025\/01\/1-747x420.jpg 747w, https:\/\/mrmondialisation.org\/wp-content\/uploads\/2025\/01\/1.jpg 1920w\" sizes=\"auto, (max-width: 1024px) 100vw, 1024px\"\/><figcaption id=\"caption-attachment-714802\" class=\"wp-caption-text\"><a target=\"_blank\" href=\"https:\/\/fondationdesfemmes.org\/chiffres-des-violences-conjugales\/\">@ Fondation des femmes<\/a><\/figcaption><\/figure>\n<p>En ce qui me concerne, si pendant un temps j\u2019ai accept\u00e9 certaines situations, parce que personne ne m\u2019avait appris \u00e0 dire non, <strong>je suis loin d\u2019\u00eatre une brebis \u00e9gar\u00e9e \u00e0 qui il est arriv\u00e9 quelques malheurs parce qu\u2019elle n\u2019a pas \u00e9t\u00e9 prudente.<\/strong> Les t\u00e9moignages lourds de femmes qui ont subi ces violences se multiplient chaque jour. Dans mon entourage, <strong>presque toutes les femmes que je connais ont v\u00e9cu des situations similaires et doivent \u00e0 ce jour continuer \u00e0 faire face \u00e0 d\u2019ignobles comportements.<\/strong><\/p>\n<p><iframe loading=\"lazy\" title=\"Meilune - Latente\" width=\"1110\" height=\"833\" src=\"https:\/\/www.youtube.com\/embed\/PcoKt36q_F0?feature=oembed\" frameborder=\"0\" allow=\"accelerometer; autoplay; clipboard-write; encrypted-media; gyroscope; picture-in-picture; web-share\" referrerpolicy=\"strict-origin-when-cross-origin\" allowfullscreen><\/iframe><\/p>\n<p>Nous \u00e9voluons toutes et tous dans une soci\u00e9t\u00e9 profond\u00e9ment malade qui nous conditionne, qui a conditionn\u00e9 nos parents et nos grands-parents. Mais heureusement, certaines choses \u00e9voluent.<\/p>\n<p><strong>Aujourd\u2019hui, je suis aussi infiniment reconnaissante d\u2019\u00eatre bien entour\u00e9e. Merci. \u00c0 mes ami\u00b7es, \u00e0 celles et ceux qui m\u2019ont aid\u00e9e \u00e0 me reconstruire.<\/strong> J\u2019ai beaucoup appris de ces exp\u00e9riences. Et m\u00eame si je ne remercierai jamais la violence, je sais qu\u2019elle m\u2019a appris quelque chose d\u2019essentiel : <strong>ma propre capacit\u00e9 de r\u00e9silience.<\/strong><\/p>\n<figure id=\"attachment_715924\" aria-describedby=\"caption-attachment-715924\" style=\"width: 1024px\" class=\"wp-caption alignnone\"><img loading=\"lazy\" decoding=\"async\" class=\"wp-image-715924 size-medium\" src=\"https:\/\/mrmondialisation.org\/wp-content\/uploads\/2025\/03\/viol3-e1741080966163-1024x673.jpg\" alt=\"Des milliers de personnes r\u00e9unies le samedi 14 septembre pour soutenir Gis\u00e8le Pelicot et toutes les victimes de viol. \u00a9 Tiphaine B.\" width=\"1024\" height=\"673\" srcset=\"https:\/\/mrmondialisation.org\/wp-content\/uploads\/2025\/03\/viol3-e1741080966163-1024x673.jpg 1024w, https:\/\/mrmondialisation.org\/wp-content\/uploads\/2025\/03\/viol3-e1741080966163-768x505.jpg 768w, https:\/\/mrmondialisation.org\/wp-content\/uploads\/2025\/03\/viol3-e1741080966163-696x458.jpg 696w, https:\/\/mrmondialisation.org\/wp-content\/uploads\/2025\/03\/viol3-e1741080966163-1068x702.jpg 1068w, https:\/\/mrmondialisation.org\/wp-content\/uploads\/2025\/03\/viol3-e1741080966163-639x420.jpg 639w, https:\/\/mrmondialisation.org\/wp-content\/uploads\/2025\/03\/viol3-e1741080966163-741x486.jpg 741w, https:\/\/mrmondialisation.org\/wp-content\/uploads\/2025\/03\/viol3-e1741080966163.jpg 1080w\" sizes=\"auto, (max-width: 1024px) 100vw, 1024px\"\/><figcaption id=\"caption-attachment-715924\" class=\"wp-caption-text\">Des milliers de personnes r\u00e9unies le samedi 14 septembre pour soutenir Gis\u00e8le Pelicot et toutes les victimes de viol. \u00a9 Tiphaine B.<\/figcaption><\/figure>\n<h2><strong>Le f\u00e9minisme\u00a0: un combat d\u2019hier, d\u2019aujourd\u2019hui et de demain<\/strong><\/h2>\n<p><strong>Longtemps, je n\u2019ai pas compris l\u2019importance du f\u00e9minisme<\/strong>. Je trouvais les f\u00e9ministes \u00ab reloues \u00bb (spoiler : aujourd\u2019hui, c\u2019est moi la reloue\u2026 Et bon ok, je l\u2019\u00e9tais d\u00e9j\u00e0 avant, pour d\u2019autres raisons mais passons). Malgr\u00e9 ce que j\u2019avais subi,<strong> je ne voyais pas (ou ne voulais pas voir) l\u2019ampleur des violences physiques, psychologiques et sexuelles faites aux femmes de mani\u00e8re g\u00e9n\u00e9rale, ni leur banalisation criminelle<\/strong>.<\/p>\n<p>Quand j\u2019ai commenc\u00e9 mon travail de r\u00e9dactrice<a target=\"_blank\" href=\"https:\/\/mrmondialisation.org\/les-femmes-principales-victimes-des-catastrophes-climatiques\/\">, je me suis essentiellement focalis\u00e9e sur l\u2019anticapitalisme, la lutte des classes et l\u2019\u00e9cologie.<\/a> Mais il me manquait donc cette composante essentielle : le f\u00e9minisme. Et la lutte pour les droits des minorit\u00e9s.<\/p>\n<blockquote>\n<p><strong>\u00ab Parce que tout est li\u00e9. Toutes ces probl\u00e9matiques reposent sur des dynamiques de domination et d\u2019oppression qui se nourrissent entre elles<\/strong>. <strong>\u00bb<\/strong><\/p>\n<\/blockquote>\n<p>Par ailleurs, \u00e7a marche aussi dans l\u2019autre sens, <a target=\"_blank\" href=\"https:\/\/mrmondialisation.org\/lutter-vivre-dignite-ecologie-politique\/\"><strong>les personnes qui s\u2019engagent d\u2019abord dans la lutte f\u00e9ministe auront elles aussi souvent tendance, par la suite, \u00e0 s\u2019orienter \u00e9galement vers d\u2019autres combats essentiels tels que l\u2019\u00e9cologie,<\/strong><\/a> parce que toutes ces luttes sont compl\u00e9mentaires.<\/p>\n<p><iframe loading=\"lazy\" title=\"FRAN\u00c7OISE D&#039;EAUBONNE, LA PREMI\u00c8RE \u00c9COFEMINISTE\" width=\"1110\" height=\"624\" src=\"https:\/\/www.youtube.com\/embed\/jSyO8uWJ4_4?feature=oembed\" frameborder=\"0\" allow=\"accelerometer; autoplay; clipboard-write; encrypted-media; gyroscope; picture-in-picture; web-share\" referrerpolicy=\"strict-origin-when-cross-origin\" allowfullscreen><\/iframe><\/p>\n<p><strong>Nos droits sont r\u00e9cents et fragiles.<\/strong> (Je parle ici de f\u00e9minisme mais \u00e7a vaut aussi pour tous les droits sociaux acquis au cours du si\u00e8cle dernier). <strong><a target=\"_blank\" href=\"https:\/\/www.info.gouv.fr\/actualite\/la-femme-mariee-avait-le-statut-de-mineure-au-meme-titre-que-les-enfants\">Avant 1965, une femme en France ne pouvait pas ouvrir un compte en banque sans l\u2019autorisation de son mari<\/a><\/strong>. Elle avait grosso modo le statut d\u2019un enfant.<\/p>\n<p><strong><a target=\"_blank\" href=\"https:\/\/www.radiofrance.fr\/franceculture\/il-y-a-50-ans-la-loi-neuwirth-et-l-acces-a-la-contraception-9058843\">Droit \u00e0 la contraception : 1967<\/a>. <a target=\"_blank\" href=\"https:\/\/sante.gouv.fr\/actualites\/actualites-du-ministere\/article\/loi-relative-a-l-interruption-volontaire-de-grossesse-50-ans-d-heritage\">Droit \u00e0 l\u2019avortement : 1975 (Loi Veil)<\/a>. <\/strong><a target=\"_blank\" href=\"https:\/\/www.radiofrance.fr\/franceinter\/podcasts\/anne-cecile-mailfert-en-toute-subjectivite\/anne-cecile-mailfert-en-toute-subjectivite-du-vendredi-24-janvier-2025-6786589\"><strong>Jusqu\u2019en 1980, le viol conjugal \u00e9tait l\u00e9gal.<\/strong><\/a> Il a fallu attendre 1992 pour qu\u2019une condamnation ait enfin lieu. Ce ne sont donc pas des histoires anciennes, c\u2019\u00e9tait il y a \u00e0 peine une ou deux g\u00e9n\u00e9rations. Donc ces f\u00e9ministes reloues \u00e0 cause desquelles \u00ab on peut plus rien dire \u00bb ont quand m\u00eame permis des avanc\u00e9es majeures qui profitent \u00e0 tout le monde. <strong><a target=\"_blank\" href=\"https:\/\/mrmondialisation.org\/en-italie-des-feministes-occupent-un-planning-familial\/\">Et ces droits fondamentaux ne cessent d\u2019\u00eatre remis en cause<\/a> avec la mont\u00e9e en puissance de l\u2019extr\u00eame droite et des id\u00e9es conservatrices.<\/strong><\/p>\n<h2><strong>Et les arguments pour discr\u00e9diter le f\u00e9minisme sont nombreux<\/strong><\/h2>\n<blockquote>\n<p><strong>\u00ab Elles sont all\u00e9es trop loin et ont pris trop de pouvoir \u00bb<\/strong><\/p>\n<\/blockquote>\n<p>Alors que rien qu\u2019en France, on a <strong><a target=\"_blank\" href=\"https:\/\/www.noustoutes.org\/comprendre-les-chiffres\/\">plus d\u2019une centaine de f\u00e9minicides chaque ann\u00e9e<\/a><\/strong> (ah, ces hommes qui tuent \u00ab par amour \u00bb\u2026) et plus d\u2019un millier de tentatives de f\u00e9minicides. <strong>85 % des violences conjugales sont subies par les femmes. En France, 1 femme sur 2 a d\u00e9j\u00e0 subi des violences sexuelles<\/strong>. Et la plupart ne vont jamais jusqu\u2019\u00e0 porter plainte parce qu\u2019elles savent que la majorit\u00e9 de ces plaintes sont class\u00e9es sans suite.<\/p>\n<p><strong>97 % des auteurs des violences sexuelles sont des hommes et dans 91 % des cas, les femmes connaissent leur agresseur<\/strong> (donc bien loin du mythe de l\u2019\u00e9tranger psychopathe rencontr\u00e9 dans une ruelle sombre). <strong><a target=\"_blank\" href=\"https:\/\/inegalites.fr\/Les-inegalites-de-salaires-entre-les-femmes-et-les-hommes-etat-des-lieux\">L\u2019\u00e9cart de salaire moyen entre les hommes et les femmes est de 24 %, et de 15 % en temps de travail \u00e9quivalent<\/a><\/strong>. En moyenne, <a target=\"_blank\" href=\"https:\/\/inegalites.fr\/L-inegale-repartition-des-taches-domestiques-entre-les-femmes-et-les-hommes\">1h30 de travail domestique en plus pour les femmes par jour<\/a>. Et aux hommes qui diront <em>\u00ab oui mais chez moi \u00e7a se passe pas comme \u00e7a \u00bb<\/em>. Ok, pas de soucis, si c\u2019est le cas, c\u2019est tr\u00e8s bien ! Mais ce n\u2019est pas parce que vous \u00eates une exception que la r\u00e8gle n\u2019existe pas.<strong> Merci \u00e0 celles et ceux qui voient plus loin que leur nombril.<\/strong><\/p>\n<figure id=\"attachment_714804\" aria-describedby=\"caption-attachment-714804\" style=\"width: 1024px\" class=\"wp-caption alignnone\"><img loading=\"lazy\" decoding=\"async\" class=\"wp-image-714804\" src=\"https:\/\/mrmondialisation.org\/wp-content\/uploads\/2025\/01\/capture-decran-du-2025-01-31-15-22-08.png\" alt=\"\" width=\"1024\" height=\"1529\" srcset=\"https:\/\/mrmondialisation.org\/wp-content\/uploads\/2025\/01\/capture-decran-du-2025-01-31-15-22-08.png 552w, https:\/\/mrmondialisation.org\/wp-content\/uploads\/2025\/01\/capture-decran-du-2025-01-31-15-22-08-281x420.png 281w\" sizes=\"auto, (max-width: 1024px) 100vw, 1024px\"\/><figcaption id=\"caption-attachment-714804\" class=\"wp-caption-text\"><a target=\"_blank\" href=\"https:\/\/www.facebook.com\/thomaspietauteur\/posts\/pfbid0nrSch79LgNQwsNvkQ9rkPQ91TDqqkw3FBnZXXvzLcHM5jL4XeepwrxC6v3q81QCul\">Publication de Thomas Piet\u00a0<\/a><\/figcaption><\/figure>\n<blockquote>\n<p><strong>\u00ab <a target=\"_blank\" href=\"https:\/\/www.radiofrance.fr\/franceinter\/aux-origines-du-prejuge-sexiste-de-la-femme-hysterique-5611374\">Elles sont hyst\u00e9riques<\/a> \u00bb<\/strong><\/p>\n<\/blockquote>\n<p>Le sempiternel clich\u00e9 pour d\u00e9cr\u00e9dibiliser les femmes. Parce qu\u2019un homme en col\u00e8re, c\u2019est \u00ab normal \u00bb, mais une femme en col\u00e8re, elle est tar\u00e9e. <strong>On pourrait changer de disque, non ?<\/strong> M\u00eame pas envie d\u2019argumenter.<\/p>\n<blockquote>\n<p><strong>\u00ab <a target=\"_blank\" href=\"https:\/\/www.radiofrance.fr\/franceinter\/podcasts\/zoom-zoom-zen\/zoom-zoom-zen-du-vendredi-08-mars-2024-6542220\">Elles sont misandres<\/a> \u00bb<\/strong><\/p>\n<\/blockquote>\n<p>Fun fact : le mot \u00ab misandrie \u00bb est apparu dans le dictionnaire en 1970, histoire de coller une \u00e9tiquette sur des femmes qui r\u00e9agissaient \u00e0 des si\u00e8cles de misogynie et d\u2019oppression. Souvent <strong>interpr\u00e9t\u00e9 \u00e0 tort comme la haine des hommes en g\u00e9n\u00e9ral, il repr\u00e9sente en r\u00e9alit\u00e9 le rejet de la domination masculine et de toutes les violences que celle-ci engendre<\/strong>. Qui plus est, soyons clairs :<strong> la misandrie d\u00e9range, elle agace. La misogynie tue.<\/strong> Cf. les f\u00e9minicides mentionn\u00e9s plus haut mais aussi les <strong>attentats meurtriers commis notamment par des incels, par pure et simple haine des femmes<\/strong> :<\/p>\n<p><iframe loading=\"lazy\" title=\"COMMENT LE MASCULINISME MENACE LES FEMMES ET TOUTE LA SOCI\u00c9T\u00c9\" width=\"1110\" height=\"624\" src=\"https:\/\/www.youtube.com\/embed\/sIZXTslQuR0?feature=oembed\" frameborder=\"0\" allow=\"accelerometer; autoplay; clipboard-write; encrypted-media; gyroscope; picture-in-picture; web-share\" referrerpolicy=\"strict-origin-when-cross-origin\" allowfullscreen><\/iframe><\/p>\n<blockquote>\n<p><strong>\u00ab Le f\u00e9minisme sert le capitalisme parce maintenant, les femmes travaillent, donc le syst\u00e8me dispose d\u2019une double main d\u2019\u0153uvre \u00bb.<\/strong><\/p>\n<\/blockquote>\n<p>Et bien oui, le capitalisme instrumentalise absolument tout, m\u00eame ton chat et ta grand-m\u00e8re. Mais ce n\u2019est pas une raison pour nier la l\u00e9gitimit\u00e9 d\u2019une cause. <strong>Donc oui, il faut lutter contre ce syst\u00e8me productiviste et consum\u00e9riste mais cela ne signifie pas que l\u2019on doit revenir \u00e0 une soci\u00e9t\u00e9 o\u00f9 les femmes \u00e9taient des usines \u00e0 gosses. <\/strong><\/p>\n<p><strong>Il n\u2019y a rien d\u2019incompatible \u00e0 lutter contre l\u2019exploitation capitaliste et d\u00e9fendre l\u2019\u00e9galit\u00e9 des sexes, bien au contraire : c\u2019est un m\u00eame combat<\/strong>. Personnellement, je ne pense absolument pas que \u00ab c\u2019\u00e9tait mieux avant \u00bb. Par contre, ce qui est certain, c\u2019est qu\u2019<strong>on peut faire immens\u00e9ment mieux<\/strong>.<\/p>\n<blockquote>\n<p><strong>\u00ab\u00a0F\u00e9minisme = s\u00e9curitarisme\u00a0\u00bb<\/strong><\/p>\n<\/blockquote>\n<p>Il est crucial de rappeler que <strong>le but du f\u00e9minisme n\u2019est pas d\u2019imposer plus de contr\u00f4le ou de r\u00e9pression, mais bien de transformer en profondeur les mentalit\u00e9s<\/strong>. La solution ne repose pas sur une surench\u00e8re s\u00e9curitaire ou une d\u00e9fiance syst\u00e9matique, mais sur un changement culturel et \u00e9ducatif profond. Le combat f\u00e9ministe vise \u00e0 d\u00e9construire les rapports de domination, \u00e0 enseigner le respect et l\u2019\u00e9galit\u00e9 d\u00e8s le plus jeune \u00e2ge. <strong>C\u2019est en modifiant les comportements \u00e0 la racine, en \u00e9duquant sur le consentement, l\u2019\u00e9galit\u00e9 et la responsabilit\u00e9, que nous pourrons v\u00e9ritablement pr\u00e9venir les violences et permettre \u00e0 toutes et tous de vivre dans une soci\u00e9t\u00e9 plus juste et s\u00e9curisante.<\/strong><\/p>\n<p><strong>Merci \u00e0 toutes les femmes qui font entendre leur voix. Et merci aux hommes qui savent \u00e9couter, remettre en question ce que la soci\u00e9t\u00e9 attend d\u2019eux, et soutenir cette lutte indispensable<\/strong>. Ce n\u2019est pas facile de prendre conscience d\u2019un probl\u00e8me, encore moins quand on a l\u2019impression que celui-ci ne nous concerne pas.<\/p>\n<p><strong>Libert\u00e9, \u00c9galit\u00e9, Adelphit\u00e9.<\/strong><\/p>\n<p style=\"text-align: right;\"><em><strong>\u2013 Elena Meilune<\/strong><\/em><\/p>\n<hr\/>\n<p>Photo de couverture : Des milliers de personnes r\u00e9unies le samedi 14 septembre pour soutenir Gis\u00e8le Pelicot et toutes les victimes de viol \u00a9 <a target=\"_blank\" href=\"https:\/\/www.instagram.com\/tiphaine_real\/\">Tiphaine B.<\/a><\/p>\n<div class=\"td-a-rec td-a-rec-id-content_bottom  tdi_2 td_block_template_1\">\n<span class=\"td-adspot-title\">&#8211; Cet article gratuit et ind\u00e9pendant existe gr\u00e2ce \u00e0 vous &#8211;<\/span><\/p>\n<div class=\"td-all-devices\">\n    <a target=\"_blank\" href=\"https:\/\/mrmondialisation.org\/donation\/\" title=\"Faire_un_don\"><img decoding=\"async\" class=\"donationArticle\" src=\"https:\/\/mrmondialisation.org\/wp-content\/uploads\/2022\/12\/220405-flikalicious-final.jpg\" alt=\"Donation\"\/><\/a>\n<\/div>\n<\/div><\/div>\n<p><script async defer src=\"https:\/\/platform.instagram.com\/en_US\/embeds.js\"><\/script><br \/>\n<br \/><br \/>\n<br \/><a href=\"https:\/\/mrmondialisation.org\/violences-sexuelles-une-de-nos-redactrices-temoigne\/\" target=\"_blank\"\">Source link <\/a><\/p>\n","protected":false},"excerpt":{"rendered":"<p>Une de nos r\u00e9dactrices brise le silence sur les violences sexuelles et psychologiques qu\u2019elle a subies. Avec une honn\u00eatet\u00e9 d\u00e9sarmante, elle raconte son parcours, de la culpabilit\u00e9 initiale \u00e0 la&hellip; <\/p>\n","protected":false},"author":1,"featured_media":3763,"comment_status":"open","ping_status":"open","sticky":false,"template":"","format":"standard","meta":{"footnotes":""},"categories":[1],"tags":[],"class_list":["post-3762","post","type-post","status-publish","format-standard","has-post-thumbnail","hentry","category-non-classe"],"_links":{"self":[{"href":"https:\/\/monde25.info\/index.php\/wp-json\/wp\/v2\/posts\/3762","targetHints":{"allow":["GET"]}}],"collection":[{"href":"https:\/\/monde25.info\/index.php\/wp-json\/wp\/v2\/posts"}],"about":[{"href":"https:\/\/monde25.info\/index.php\/wp-json\/wp\/v2\/types\/post"}],"author":[{"embeddable":true,"href":"https:\/\/monde25.info\/index.php\/wp-json\/wp\/v2\/users\/1"}],"replies":[{"embeddable":true,"href":"https:\/\/monde25.info\/index.php\/wp-json\/wp\/v2\/comments?post=3762"}],"version-history":[{"count":0,"href":"https:\/\/monde25.info\/index.php\/wp-json\/wp\/v2\/posts\/3762\/revisions"}],"wp:featuredmedia":[{"embeddable":true,"href":"https:\/\/monde25.info\/index.php\/wp-json\/wp\/v2\/media\/3763"}],"wp:attachment":[{"href":"https:\/\/monde25.info\/index.php\/wp-json\/wp\/v2\/media?parent=3762"}],"wp:term":[{"taxonomy":"category","embeddable":true,"href":"https:\/\/monde25.info\/index.php\/wp-json\/wp\/v2\/categories?post=3762"},{"taxonomy":"post_tag","embeddable":true,"href":"https:\/\/monde25.info\/index.php\/wp-json\/wp\/v2\/tags?post=3762"}],"curies":[{"name":"wp","href":"https:\/\/api.w.org\/{rel}","templated":true}]}}