{"id":3770,"date":"2025-03-04T16:33:44","date_gmt":"2025-03-04T15:33:44","guid":{"rendered":"https:\/\/monde25.info\/index.php\/2025\/03\/04\/tajani-en-visite-officielle-a-alger-rt-en-francais\/"},"modified":"2025-03-04T16:33:44","modified_gmt":"2025-03-04T15:33:44","slug":"tajani-en-visite-officielle-a-alger-rt-en-francais","status":"publish","type":"post","link":"https:\/\/monde25.info\/index.php\/2025\/03\/04\/tajani-en-visite-officielle-a-alger-rt-en-francais\/","title":{"rendered":"Tajani en visite officielle \u00e0 Alger \u2014 RT en fran\u00e7ais"},"content":{"rendered":"<p> <br \/>\n<br \/><img decoding=\"async\" src=\"https:\/\/mf.b37mrtl.ru\/french\/images\/2025.03\/thumbnail\/67c6f7916f7ccc541b3a2ab8.jpg\" \/><\/p>\n<div>\n<p class=\"text__summary\">\n                                        En visite en Alg\u00e9rie le 3 mars, le vice-pr\u00e9sident du Conseil des ministres italien et ministre des Affaires \u00e9trang\u00e8res, Antonio Tajani, a rencontr\u00e9 le ministre alg\u00e9rien des Affaires \u00e9trang\u00e8res, de la Communaut\u00e9 nationale \u00e0 l&rsquo;\u00e9tranger et des Affaires africaines, Ahmed Attaf, avant d\u2019\u00eatre re\u00e7u par le pr\u00e9sident Abdelmajid Tebboune.\n                                    <\/p>\n<p>Le chef de la diplomatie alg\u00e9rienne, Ahmed Attaf, a re\u00e7u, le 3 mars, son homologue italien et vice-pr\u00e9sident du Conseil des ministres, Antonio Tajani. Les deux ministres ont pr\u00e9sid\u00e9 une s\u00e9ance de travail \u00e9largie, avec la participation des d\u00e9l\u00e9gations des deux parties, consacr\u00e9e au renforcement des relations bilat\u00e9rales dans ses aspects politique, \u00e9conomique et humain.<\/p>\n<p>Selon le <a target=\"_blank\" href=\"https:\/\/www.facebook.com\/share\/p\/1ADKpar1mC\/\" target=\"_blank\" rel=\"noopener noreferrer\">communiqu\u00e9 de presse<\/a> du minist\u00e8re alg\u00e9rien des Affaires \u00e9trang\u00e8res, les deux responsables ont salu\u00e9 la qualit\u00e9 de la relation entre les deux pays et ont \u00e9voqu\u00e9 les sujets d\u2019int\u00e9r\u00eats communs relatifs \u00e0 la r\u00e9gion m\u00e9diterran\u00e9enne, au Moyen-Orient ainsi qu&rsquo;\u00e0 la r\u00e9gion sahraouie.<\/p>\n<p>Le haut responsable italien et la d\u00e9l\u00e9gation l\u2019accompagnant ont \u00e9t\u00e9 ensuite re\u00e7us par le pr\u00e9sident alg\u00e9rien, Abdelmajid Tebboune, en pr\u00e9sence du directeur de Cabinet\u00a0de la Pr\u00e9sidence de la R\u00e9publique, Boualem Boualem, du ministre d&rsquo;\u00c9tat, ministre des Affaires \u00e9trang\u00e8res, de la Communaut\u00e9 nationale \u00e0 l&rsquo;\u00e9tranger et des Affaires africaines, Ahmed Attaf, du Directeur g\u00e9n\u00e9ral Europe au minist\u00e8re des Affaires \u00e9trang\u00e8res, Toufik Djouama, et de l&rsquo;ambassadeur d&rsquo;Alg\u00e9rie en Italie, Mohamed Khelifi.<\/p>\n<p>Antonio Tajani a remerci\u00e9 son h\u00f4te pour la qualit\u00e9 de son accueil dans\u00a0un message publi\u00e9 sur la page Facebook de la pr\u00e9sidence alg\u00e9rienne.<\/p>\n<h2>Lutte commune avec la Tunisie contre la traite des \u00eatres humains<\/h2>\n<p>Le responsable italien a salu\u00e9 le renforcement de la qualit\u00e9 de la relation de son pays avec l\u2019Alg\u00e9rie et a exprim\u00e9 sa volont\u00e9 de la renforcer sur le plan culturel en introduisant l\u2019apprentissage de la langue italienne et en augmentant le nombre des \u00e9tudiants alg\u00e9riens dans les universit\u00e9s italiennes.<\/p>\n<p><iframe loading=\"lazy\" src=\"https:\/\/www.facebook.com\/plugins\/video.php?height=314&amp;href=https%3A%2F%2Fwww.facebook.com%2FAlgerianPresidency%2Fvideos%2F1273422333743363%2F&amp;show_text=false&amp;width=560&amp;t=0\" width=\"560\" height=\"314\" style=\"border:none;overflow:hidden\" scrolling=\"no\" frameborder=\"0\" allowfullscreen=\"true\" allow=\"autoplay; clipboard-write; encrypted-media; picture-in-picture; web-share\"><\/iframe><\/p>\n<p>En mati\u00e8re de lutte contre la traite des \u00eatres humains, le vice-pr\u00e9sident du Conseil des ministres italien a annonc\u00e9 la mise en place d\u2019un m\u00e9canisme permanent pour la coop\u00e9ration et les consultations entre le secr\u00e9taire g\u00e9n\u00e9ral du minist\u00e8re des Affaires \u00e9trang\u00e8res italien et son homologue alg\u00e9rien avec la participation du secr\u00e9taire g\u00e9n\u00e9ral du minist\u00e8re tunisien des Affaires \u00e9trang\u00e8res.<\/p>\n<\/div>\n<p><br \/>\n<br \/><a href=\"https:\/\/francais.rt.com\/international\/117529-renforcement-relations-algerie-italie\" target=\"_blank\"\">Source link <\/a><\/p>\n","protected":false},"excerpt":{"rendered":"<p>En visite en Alg\u00e9rie le 3 mars, le vice-pr\u00e9sident du Conseil des ministres italien et ministre des Affaires \u00e9trang\u00e8res, Antonio Tajani, a rencontr\u00e9 le ministre alg\u00e9rien des Affaires \u00e9trang\u00e8res, de&hellip; <\/p>\n","protected":false},"author":1,"featured_media":3771,"comment_status":"open","ping_status":"open","sticky":false,"template":"","format":"standard","meta":{"footnotes":""},"categories":[1],"tags":[],"class_list":["post-3770","post","type-post","status-publish","format-standard","has-post-thumbnail","hentry","category-non-classe"],"_links":{"self":[{"href":"https:\/\/monde25.info\/index.php\/wp-json\/wp\/v2\/posts\/3770","targetHints":{"allow":["GET"]}}],"collection":[{"href":"https:\/\/monde25.info\/index.php\/wp-json\/wp\/v2\/posts"}],"about":[{"href":"https:\/\/monde25.info\/index.php\/wp-json\/wp\/v2\/types\/post"}],"author":[{"embeddable":true,"href":"https:\/\/monde25.info\/index.php\/wp-json\/wp\/v2\/users\/1"}],"replies":[{"embeddable":true,"href":"https:\/\/monde25.info\/index.php\/wp-json\/wp\/v2\/comments?post=3770"}],"version-history":[{"count":0,"href":"https:\/\/monde25.info\/index.php\/wp-json\/wp\/v2\/posts\/3770\/revisions"}],"wp:featuredmedia":[{"embeddable":true,"href":"https:\/\/monde25.info\/index.php\/wp-json\/wp\/v2\/media\/3771"}],"wp:attachment":[{"href":"https:\/\/monde25.info\/index.php\/wp-json\/wp\/v2\/media?parent=3770"}],"wp:term":[{"taxonomy":"category","embeddable":true,"href":"https:\/\/monde25.info\/index.php\/wp-json\/wp\/v2\/categories?post=3770"},{"taxonomy":"post_tag","embeddable":true,"href":"https:\/\/monde25.info\/index.php\/wp-json\/wp\/v2\/tags?post=3770"}],"curies":[{"name":"wp","href":"https:\/\/api.w.org\/{rel}","templated":true}]}}