{"id":3772,"date":"2025-03-04T17:10:35","date_gmt":"2025-03-04T16:10:35","guid":{"rendered":"https:\/\/monde25.info\/index.php\/2025\/03\/04\/lanceur-dalerte-mis-a-lecart-pendant-le-covid-un-psychiatre-est-rehabilite-par-la-justice\/"},"modified":"2025-03-04T17:10:35","modified_gmt":"2025-03-04T16:10:35","slug":"lanceur-dalerte-mis-a-lecart-pendant-le-covid-un-psychiatre-est-rehabilite-par-la-justice","status":"publish","type":"post","link":"https:\/\/monde25.info\/index.php\/2025\/03\/04\/lanceur-dalerte-mis-a-lecart-pendant-le-covid-un-psychiatre-est-rehabilite-par-la-justice\/","title":{"rendered":"Lanceur d\u2019alerte mis \u00e0 l\u2019\u00e9cart pendant le covid, un psychiatre est r\u00e9habilit\u00e9 par la justice"},"content":{"rendered":"<p> <br \/>\n<br \/>Pour la justice administrative, Mathieu Bellahsen doit \u00eatre r\u00e9tabli dans ses fonctions \u00e0 l\u2019h\u00f4pital de Moisselles apr\u00e8s les \u00abrepr\u00e9sailles\u00bb qu\u2019il a subies. En 2021, il avait \u00e9t\u00e9 sanctionn\u00e9 apr\u00e8s avoir alert\u00e9 sur les conditions d\u2019enfermement des patients pendant le premier confinement. L\u2019\u00e9tablissement a fait appel.<br \/>\n<br \/><br \/>\n<br \/><a href=\"https:\/\/www.mediapart.fr\/journal\/france\/040325\/lanceur-d-alerte-mis-l-ecart-pendant-le-covid-un-psychiatre-est-rehabilite-par-la-justice\" target=\"_blank\"\">Source link <\/a><\/p>\n","protected":false},"excerpt":{"rendered":"<p>Pour la justice administrative, Mathieu Bellahsen doit \u00eatre r\u00e9tabli dans ses fonctions \u00e0 l\u2019h\u00f4pital de Moisselles apr\u00e8s les \u00abrepr\u00e9sailles\u00bb qu\u2019il a subies. En 2021, il avait \u00e9t\u00e9 sanctionn\u00e9 apr\u00e8s avoir&hellip; <\/p>\n","protected":false},"author":1,"featured_media":3773,"comment_status":"open","ping_status":"open","sticky":false,"template":"","format":"standard","meta":{"footnotes":""},"categories":[1],"tags":[],"class_list":["post-3772","post","type-post","status-publish","format-standard","has-post-thumbnail","hentry","category-non-classe"],"_links":{"self":[{"href":"https:\/\/monde25.info\/index.php\/wp-json\/wp\/v2\/posts\/3772","targetHints":{"allow":["GET"]}}],"collection":[{"href":"https:\/\/monde25.info\/index.php\/wp-json\/wp\/v2\/posts"}],"about":[{"href":"https:\/\/monde25.info\/index.php\/wp-json\/wp\/v2\/types\/post"}],"author":[{"embeddable":true,"href":"https:\/\/monde25.info\/index.php\/wp-json\/wp\/v2\/users\/1"}],"replies":[{"embeddable":true,"href":"https:\/\/monde25.info\/index.php\/wp-json\/wp\/v2\/comments?post=3772"}],"version-history":[{"count":0,"href":"https:\/\/monde25.info\/index.php\/wp-json\/wp\/v2\/posts\/3772\/revisions"}],"wp:featuredmedia":[{"embeddable":true,"href":"https:\/\/monde25.info\/index.php\/wp-json\/wp\/v2\/media\/3773"}],"wp:attachment":[{"href":"https:\/\/monde25.info\/index.php\/wp-json\/wp\/v2\/media?parent=3772"}],"wp:term":[{"taxonomy":"category","embeddable":true,"href":"https:\/\/monde25.info\/index.php\/wp-json\/wp\/v2\/categories?post=3772"},{"taxonomy":"post_tag","embeddable":true,"href":"https:\/\/monde25.info\/index.php\/wp-json\/wp\/v2\/tags?post=3772"}],"curies":[{"name":"wp","href":"https:\/\/api.w.org\/{rel}","templated":true}]}}