{"id":378,"date":"2024-11-18T07:45:40","date_gmt":"2024-11-18T06:45:40","guid":{"rendered":"https:\/\/monde25.info\/index.php\/2024\/11\/18\/perquisition-au-fn-marine-le-pen-defie-la-police-et-cache-son-portable-dans-son-soutien-gorge\/"},"modified":"2024-11-18T07:45:40","modified_gmt":"2024-11-18T06:45:40","slug":"perquisition-au-fn-marine-le-pen-defie-la-police-et-cache-son-portable-dans-son-soutien-gorge","status":"publish","type":"post","link":"https:\/\/monde25.info\/index.php\/2024\/11\/18\/perquisition-au-fn-marine-le-pen-defie-la-police-et-cache-son-portable-dans-son-soutien-gorge\/","title":{"rendered":"Perquisition au FN : Marine Le Pen d\u00e9fie la police et cache son portable dans son soutien-gorge"},"content":{"rendered":"<p> <br \/>\n<\/p>\n<div>\n<div class=\"intro-text\">\n<p><span class=\"dropcap \" style=\"background-color: #ffffff; color: #000000; border-color: #ffffff;\"><strong>Il<\/strong><\/span> est toujours utile de rappeler le contenu de cet article qui relatait la perquisition par la police du si\u00e8ge du Front National suite au d\u00e9clenchement de l\u2019enqu\u00eate sur la r\u00e9mun\u00e9ration frauduleuse des assistants parlementaires europ\u00e9ens. Marine Le Pen a d\u00e9fi\u00e9 la police en cachant son t\u00e9l\u00e9phone portable dans son soutien-gorge leur demandant de venir le chercher s\u2019ils en \u00e9taient capables. Est-ce franchement le comportement responsable de la pr\u00e9sidente d\u2019un parti politique fran\u00e7ais important ? Certainement pas.<\/p>\n<p>C\u2019est d\u2019autant plus grave que cette personne est avocate. Sans oublier le fait que cette affaire est assez grave puisqu\u2019il s\u2019agit d\u2019un financement frauduleux d\u2019un parti politique avec un argent public qui n\u2019\u00e9tait pas cens\u00e9 le faire. C\u2019est d\u2019autant plus humiliant que ce m\u00eame parti politique parle \u00e0 longueur de journ\u00e9e de \u00ab\u00a0laxisme judiciaire\u00a0\u00bb concernant les racailles\u2026<\/p>\n<\/div>\n<hr\/>\n<hr\/>\n<blockquote>\n<p><strong><span class=\"dropcap \" style=\"background-color: #ffffff; color: #1e73be; border-color: #ffffff;\"><br \/>L<\/span>a pr\u00e9sidente du Front national, qui devait remettre son portable aux policiers venus perquisitionner le si\u00e8ge du Parti en f\u00e9vrier dernier, a d\u00e9fi\u00e9 les agents et cach\u00e9 l\u2019appareil dans son soutien-gorge, relate L\u2019Express.<\/strong><\/p>\n<p class=\"jsx-902079872 Paragraph\" data-module=\"article-paragraph\">Une perquisition pas comme les autres. Le 17 f\u00e9vrier dernier, les policiers de l\u2019office anti-corruption de la police judiciaire (Oclciff) perquisitionnent le si\u00e8ge du Front national, \u00e0 Nanterre. Une enqu\u00eate a \u00e9t\u00e9 ouverte sur les assistants parlementaires des d\u00e9put\u00e9s europ\u00e9ens du FN, pay\u00e9s par l\u2019Union europ\u00e9enne mais soup\u00e7onn\u00e9s d\u2019avoir travaill\u00e9 uniquement pour le FN.<\/p>\n<p class=\"jsx-902079872 Paragraph\" data-module=\"article-paragraph\"><strong>Marine Le Pen d\u00e9fie l\u2019autorit\u00e9 de la police<\/strong><\/p>\n<p class=\"jsx-902079872 Paragraph\" data-module=\"article-paragraph\">Ce jour-l\u00e0, Marine Le Pen assiste \u00e0 la sc\u00e8ne et commence \u00e0 filmer avec son t\u00e9l\u00e9phone portable. Mais l\u2019un des agents lui somme d\u2019arr\u00eater et de lui remettre l\u2019appareil. La pr\u00e9sidente du Front national refuse d\u2019obtemp\u00e9rer et glisse son t\u00e9l\u00e9phone dans son soutien-gorge, d\u00e9fiant \u00ab sur un ton provocateur \u00bb, selon <a target=\"_blank\" href=\"http:\/\/www.lexpress.fr\/actualite\/politique\/fn\/marine-le-pen-le-portable-et-le-soutien-gorge_1792721.html?utm_medium=Social&amp;utm_source=Twitter&amp;utm_campaign=Echobox&amp;utm_term=Autofeed&amp;link_time=1463477380#xtor=CS3-5083\" rel=\"nofollow\">l\u2019Express\u00a0<\/a>, le policier de venir le chercher. Les agents n\u2019en ont rien fait et ont pr\u00e9f\u00e9r\u00e9 fermer les yeux sur l\u2019incident.<\/p>\n<p class=\"jsx-902079872 Paragraph\" data-module=\"article-paragraph\">Mais l\u2019affaire des parlementaires d\u2019eurod\u00e9put\u00e9s du FN est loin d\u2019\u00eatre termin\u00e9e. Si les faits \u00e9taient av\u00e9r\u00e9s, le parquet pourrait consid\u00e9rer qu\u2019il s\u2019agissait d\u2019un financement ill\u00e9gal de parti politique.<\/p>\n<hr\/>\n<p><a target=\"_blank\" class=\"jsx-2558989907 Link\" href=\"https:\/\/www.tf1info.fr\/tf1-info\/redaction\/la-redaction-de-tf1-info-10034\/\" target=\"_blank\" rel=\"noopener\">La r\u00e9daction de TF1info<\/a><\/p>\n<p>18 mai 2016<\/p>\n<\/blockquote><\/div>\n<p><br \/>\n<br \/><a href=\"https:\/\/www.lelibrepenseur.org\/perquisition-au-fn-marine-le-pen-defie-la-police-et-cache-son-portable-dans-son-soutien-gorge\/\" target=\"_blank\"\">Source link <\/a><\/p>\n","protected":false},"excerpt":{"rendered":"<p>Il est toujours utile de rappeler le contenu de cet article qui relatait la perquisition par la police du si\u00e8ge du Front National suite au d\u00e9clenchement de l\u2019enqu\u00eate sur la&hellip; <\/p>\n","protected":false},"author":1,"featured_media":379,"comment_status":"open","ping_status":"open","sticky":false,"template":"","format":"standard","meta":{"footnotes":""},"categories":[1],"tags":[],"class_list":["post-378","post","type-post","status-publish","format-standard","has-post-thumbnail","hentry","category-non-classe"],"_links":{"self":[{"href":"https:\/\/monde25.info\/index.php\/wp-json\/wp\/v2\/posts\/378","targetHints":{"allow":["GET"]}}],"collection":[{"href":"https:\/\/monde25.info\/index.php\/wp-json\/wp\/v2\/posts"}],"about":[{"href":"https:\/\/monde25.info\/index.php\/wp-json\/wp\/v2\/types\/post"}],"author":[{"embeddable":true,"href":"https:\/\/monde25.info\/index.php\/wp-json\/wp\/v2\/users\/1"}],"replies":[{"embeddable":true,"href":"https:\/\/monde25.info\/index.php\/wp-json\/wp\/v2\/comments?post=378"}],"version-history":[{"count":0,"href":"https:\/\/monde25.info\/index.php\/wp-json\/wp\/v2\/posts\/378\/revisions"}],"wp:featuredmedia":[{"embeddable":true,"href":"https:\/\/monde25.info\/index.php\/wp-json\/wp\/v2\/media\/379"}],"wp:attachment":[{"href":"https:\/\/monde25.info\/index.php\/wp-json\/wp\/v2\/media?parent=378"}],"wp:term":[{"taxonomy":"category","embeddable":true,"href":"https:\/\/monde25.info\/index.php\/wp-json\/wp\/v2\/categories?post=378"},{"taxonomy":"post_tag","embeddable":true,"href":"https:\/\/monde25.info\/index.php\/wp-json\/wp\/v2\/tags?post=378"}],"curies":[{"name":"wp","href":"https:\/\/api.w.org\/{rel}","templated":true}]}}