{"id":3780,"date":"2025-03-04T21:05:14","date_gmt":"2025-03-04T20:05:14","guid":{"rendered":"https:\/\/monde25.info\/index.php\/2025\/03\/04\/six-cancers-en-hausse-chez-les-15-39-ans\/"},"modified":"2025-03-04T21:05:14","modified_gmt":"2025-03-04T20:05:14","slug":"six-cancers-en-hausse-chez-les-15-39-ans","status":"publish","type":"post","link":"https:\/\/monde25.info\/index.php\/2025\/03\/04\/six-cancers-en-hausse-chez-les-15-39-ans\/","title":{"rendered":"Six cancers en hausse chez les 15-39 ans"},"content":{"rendered":"<p> <br \/>\n<\/p>\n<div>\n        <span class=\"date\">4 mars 2025  \u00e0 18h06<\/span><\/p>\n<p>    <span class=\"date_modif\">Mis \u00e0 jour le 4 mars 2025 \u00e0 19h09<\/span>      <\/p>\n<p class=\"duree_lecture\">\n        Dur\u00e9e de lecture : 2 minutes\n      <\/p>\n<\/p><\/div>\n<div>\n<p>Les cancers sont-ils en progression chez les adolescents et les jeunes adultes en France<small class=\"fine d-inline\">\u00a0<\/small>? Les <a target=\"_blank\" href=\"https:\/\/www.santepubliquefrance.fr\/maladies-et-traumatismes\/cancers\/cancer-du-colon-rectum\/documents\/enquetes-etudes\/incidence-et-son-evolution-entre-2000-et-2020-des-cancers-chez-les-adolescents-et-jeunes-adultes-15-39-ans-dans-les-departements-francais-couvert\" class=\"spip_out\" rel=\"external\">r\u00e9sultats de l\u2019\u00e9tude<\/a> publi\u00e9e le 3\u00a0mars par Sant\u00e9 publique France (<span class=\"caps\">SPF<\/span>), en partenariat avec l\u2019Institut national du cancer (Inca), le r\u00e9seau des registres de cancers Francim et les Hospices civils de Lyon, portent \u00e0 le croire.<\/p>\n<p>Les chercheurs ont analys\u00e9 les donn\u00e9es des registres de cancers entre 2000 et 2020 et constat\u00e9, chez les 15-39 ans, une hausse constante de l\u2019incidence de six cancers sur cette p\u00e9riode\u00a0: carcinomes colorectaux (+1,43<small class=\"fine d-inline\">\u00a0<\/small>% par an en moyenne), du sein (+1,60<small class=\"fine d-inline\">\u00a0<\/small>%), du rein (+4,51<small class=\"fine d-inline\">\u00a0<\/small>%), lymphome de Hodgkin (+1,86<small class=\"fine d-inline\">\u00a0<\/small>%), glioblastomes (+6,11<small class=\"fine d-inline\">\u00a0<\/small>%) et liposarcomes (+3,68<small class=\"fine d-inline\">\u00a0<\/small>%).<\/p>\n<p>Dans leurs conclusions, les scientifiques restent prudents car les effectifs \u00e9tudi\u00e9s restent modestes et seuls les registres de onze d\u00e9partements disposant de donn\u00e9es depuis 2000 ont \u00e9t\u00e9 analys\u00e9s, ce qui repr\u00e9sente seulement 18<small class=\"fine d-inline\">\u00a0<\/small>% de la population fran\u00e7aise. Pour autant, il s\u2019agit de la premi\u00e8re \u00e9tude fran\u00e7aise portant sur une aussi longue p\u00e9riode et sur l\u2019ensemble de la population des 15-39 ans couverte par un registre g\u00e9n\u00e9ral. <i>\u00ab<small class=\"fine d-inline\">\u00a0<\/small>Nous ne disposions jusqu\u2019alors de peu de donn\u00e9es publi\u00e9es sur l\u2019\u00e9volution des cancers dans cette population en France<small class=\"fine d-inline\">\u00a0<\/small>\u00bb<\/i>, signalent les auteurs.<\/p>\n<p>L\u2019augmentation des cancers colorectaux et du rein constat\u00e9s chez les jeunes Fran\u00e7ais a d\u00e9j\u00e0 \u00e9t\u00e9 observ\u00e9e dans d\u2019autres pays. L\u2019ob\u00e9sit\u00e9, touchant en France 9,2<small class=\"fine d-inline\">\u00a0<\/small>% des 18-24 ans, 13,8<small class=\"fine d-inline\">\u00a0<\/small>% des 25-34 ans et 16,7<small class=\"fine d-inline\">\u00a0<\/small>% des 35-44 ans, semble associ\u00e9e \u00e0 un risque accru de cancers de l\u2019appareil digestif (y compris colorectal) ainsi que de cancers du rein, jugent les \u00e9pid\u00e9miologistes.<\/p>\n<p><i>\u00ab<small class=\"fine d-inline\">\u00a0<\/small>Ces r\u00e9sultats qui, pour la plupart, confortent d\u2019autres donn\u00e9es, vont permettre d\u2019orienter les recherches, notamment pour mieux cerner d\u2019\u00e9ventuels facteurs de risque. Cela permettra de mieux orienter les strat\u00e9gies de pr\u00e9vention<small class=\"fine d-inline\">\u00a0<\/small>\u00bb<\/i>, a d\u00e9clar\u00e9 au <i><a target=\"_blank\" href=\"https:\/\/www.lemonde.fr\/sciences\/article\/2025\/03\/03\/les-chiffres-preoccupants-des-cancers-chez-les-moins-de-50-ans_6575533_1650684.html\" class=\"spip_out\" rel=\"external\">Monde<\/a><\/i> le docteur Emmanuel Desandes, du Registre national des cancers de l\u2019enfant de Nancy.<\/p>\n<aside class=\"boite_encarts\">\n<div class=\"encart encart_gris noprint\">\n<p><strong>Puisque vous \u00eates l\u00e0&#8230;<\/strong><\/p>\n<p>&#8230; nous avons un petit service \u00e0 vous demander.<br class=\"autobr\"\/><br \/>\nEntre la pr\u00e9sence d\u2019un climatosceptique \u00e0 la t\u00eate de la premi\u00e8re puissance mondiale, un gouvernement fran\u00e7ais qui flirte avec l\u2019extr\u00eame-droite, et les catastrophes climatiques qui s\u2019enchainent&#8230; Faire vivre l\u2019\u00e9cologie dans le d\u00e9bat public est un enjeu crucial.<\/p>\n<p>Personne ne modifie ce que nous publions. Nous n\u2019avons ni actionnaire, ni propri\u00e9taire milliardaire \u2014 seulement une \u00e9quipe d\u2019irr\u00e9ductibles journalistes, pleine de d\u00e9termination.<\/p>\n<p>Nous avons la conviction que l\u2019urgence \u00e9cologique est l\u2019enjeu majeur de notre \u00e9poque. Et comme plus de 2 millions de lectrices et lecteurs chaque mois, vous partagez sans doute cette conviction&#8230;<\/p>\n<p><strong>Depuis 12 ans, nous publions des articles de qualit\u00e9 sur l\u2019\u00e9cologie, en acc\u00e8s libre et sans publicit\u00e9, pour tous.<\/strong><br class=\"autobr\"\/><br \/>\nMais ce travail demande beaucoup de temps et de ressources.<\/p>\n<p>Alors, si vous en avez les moyens, sachez qu\u2019un don, m\u00eame d\u20191\u20ac, est un acte de soutien fort pour l\u2019\u00e9cologie et le journalisme ind\u00e9pendant.<br class=\"autobr\"\/><br \/>\n(Et \u00e7a vous prendra moins de temps que la lecture de ce texte).<\/p>\n<p><strong>Si vous le pouvez, choisissez un soutien mensuel. Merci.<\/strong><\/p>\n<p><a target=\"_blank\" href=\"https:\/\/reporterre.net\/dons\" class=\"bt_soutenir\">Je soutiens <i>Reporterre<\/i><\/a><\/p>\n<\/p><\/div>\n<div class=\"encart encart_vert noprint montre_1023\">\n<div class=\"infolettre-form-container noprint\">\n<p>Abonnez-vous \u00e0 la lettre d\u2019info de Reporterre<\/p>\n<\/div><\/div>\n<\/aside>\n<aside class=\"boite_apresarticle encart_note\">\n<h4>Apr\u00e8s cet article<\/h4>\n<p>      <a target=\"_blank\" href=\"https:\/\/reporterre.net\/Pollution-et-malbouffe-les-cancers-explosent-chez-les-jeunes\" class=\"lien_article\">\n      <picture class=\"vignette_gauche\"><source type=\"image\/webp\" srcset=\"https:\/\/reporterre.net\/local\/cache-vignettes\/L450xH300\/arton29523-e2b73.jpg@.webp?1737381230\"><img decoding=\"async\" src=\"https:\/\/reporterre.net\/local\/cache-vignettes\/L450xH300\/arton29523-e2b73.jpg?1737381230\" width=\"450\" height=\"300\" alt=\"\" class=\"marge12\" loading=\"lazy\"\/><br \/>\n<\/source><\/picture>\n<p class=\"libelle\">\n<p>          Entretien \u2014<\/p>\n<p>      Sant\u00e9\n    <\/p>\n<p class=\"titre pol20\">Pollution et malbouffe\u00a0: les cancers explosent chez les jeunes<\/p>\n<p>      <\/a><br \/>\n    <\/aside>\n<aside class=\"boite_complement texte\">\n<p>      <!-- zone_forum --><br \/>\n          <\/aside>\n<aside class=\"boite_lireaussi noprint\">\n<\/aside>\n<aside class=\"colonne\">\n<div class=\"article_info cache_1023 noprint\">\n        <span class=\"date\">4 mars 2025  \u00e0 18h06<\/span><\/p>\n<p>    <span class=\"date_modif\">Mis \u00e0 jour le 4 mars 2025 \u00e0 19h09<\/span>      <\/p>\n<p class=\"duree_lecture\">\n        Dur\u00e9e de lecture : 2 minutes\n      <\/p>\n<\/p><\/div>\n<div class=\"bloc_infolettre\">\n<div class=\"infolettre-form-container noprint\">\n<p>Abonnez-vous \u00e0 la lettre d\u2019info de Reporterre<\/p>\n<\/div><\/div>\n<\/aside>\n<div id=\"galerie\">\n  <img decoding=\"async\" src=\"\" class=\"principale\" id=\"principale\"\/><\/p>\n<p id=\"legende\">legende<\/p>\n<\/div>\n<footer class=\"noprint\">\n<\/footer>\n<\/div>\n<p><br \/>\n<br \/><a href=\"https:\/\/reporterre.net\/Six-cancers-en-hausse-chez-les-15-39-ans\" target=\"_blank\"\">Source link <\/a><\/p>\n","protected":false},"excerpt":{"rendered":"<p>4 mars 2025 \u00e0 18h06 Mis \u00e0 jour le 4 mars 2025 \u00e0 19h09 Dur\u00e9e de lecture : 2 minutes Les cancers sont-ils en progression chez les adolescents et les&hellip; <\/p>\n","protected":false},"author":1,"featured_media":3781,"comment_status":"open","ping_status":"open","sticky":false,"template":"","format":"standard","meta":{"footnotes":""},"categories":[1],"tags":[],"class_list":["post-3780","post","type-post","status-publish","format-standard","has-post-thumbnail","hentry","category-non-classe"],"_links":{"self":[{"href":"https:\/\/monde25.info\/index.php\/wp-json\/wp\/v2\/posts\/3780","targetHints":{"allow":["GET"]}}],"collection":[{"href":"https:\/\/monde25.info\/index.php\/wp-json\/wp\/v2\/posts"}],"about":[{"href":"https:\/\/monde25.info\/index.php\/wp-json\/wp\/v2\/types\/post"}],"author":[{"embeddable":true,"href":"https:\/\/monde25.info\/index.php\/wp-json\/wp\/v2\/users\/1"}],"replies":[{"embeddable":true,"href":"https:\/\/monde25.info\/index.php\/wp-json\/wp\/v2\/comments?post=3780"}],"version-history":[{"count":0,"href":"https:\/\/monde25.info\/index.php\/wp-json\/wp\/v2\/posts\/3780\/revisions"}],"wp:featuredmedia":[{"embeddable":true,"href":"https:\/\/monde25.info\/index.php\/wp-json\/wp\/v2\/media\/3781"}],"wp:attachment":[{"href":"https:\/\/monde25.info\/index.php\/wp-json\/wp\/v2\/media?parent=3780"}],"wp:term":[{"taxonomy":"category","embeddable":true,"href":"https:\/\/monde25.info\/index.php\/wp-json\/wp\/v2\/categories?post=3780"},{"taxonomy":"post_tag","embeddable":true,"href":"https:\/\/monde25.info\/index.php\/wp-json\/wp\/v2\/tags?post=3780"}],"curies":[{"name":"wp","href":"https:\/\/api.w.org\/{rel}","templated":true}]}}