{"id":3782,"date":"2025-03-04T21:38:26","date_gmt":"2025-03-04T20:38:26","guid":{"rendered":"https:\/\/monde25.info\/index.php\/2025\/03\/04\/la-fin-de-la-paix-en-europe-et-de-lordre-mondial-occidental\/"},"modified":"2025-03-04T21:38:26","modified_gmt":"2025-03-04T20:38:26","slug":"la-fin-de-la-paix-en-europe-et-de-lordre-mondial-occidental","status":"publish","type":"post","link":"https:\/\/monde25.info\/index.php\/2025\/03\/04\/la-fin-de-la-paix-en-europe-et-de-lordre-mondial-occidental\/","title":{"rendered":"La fin de la paix en Europe et de l\u2019ordre mondial occidental ?"},"content":{"rendered":"<p> <br \/>\n<\/p>\n<div>\n<p>La mani\u00e8re dont les guerres se terminent est importante. Les guerres napol\u00e9oniennes se sont termin\u00e9es par la r\u00e9conciliation des grandes puissances europ\u00e9ennes, y compris les Fran\u00e7ais vaincus, lors du Congr\u00e8s de Vienne. Le \u00abConcert de l\u2019Europe\u00bb inclusif qui en a r\u00e9sult\u00e9 a assur\u00e9 une longue paix, bien que imparfaite, qui n\u2019a pris fin qu\u2019avec la Premi\u00e8re Guerre mondiale.<\/p>\n<p>Cette guerre s\u2019est d\u00e9roul\u00e9e principalement en Europe. Elle a \u00e9t\u00e9 suivie par l\u2019exclusion vindicative de deux grandes puissances europ\u00e9ennes de tout r\u00f4le ou engagement \u00e0 maintenir la stabilit\u00e9 en Europe. L\u2019excommunication de l\u2019Allemagne et de la Russie a pos\u00e9 les bases de la Seconde Guerre mondiale, qui \u2013 pour les Am\u00e9ricains \u2013 \u00e9tait \u00e0 la fois transatlantique et transpacifique. Cette guerre ne s\u2019est pas termin\u00e9e par une paix mais par une guerre froide \u2013 un ordre tendu mais stable soutenu par la dissuasion mutuelle \u00e0 travers la confrontation militaire entre l\u2019Union sovi\u00e9tique et les \u00c9tats-Unis.<\/p>\n<p>L\u2019\u00e9chec \u00e0 inclure un r\u00f4le pour la Russie en Europe proportionnel \u00e0 sa puissance a de nouveau amen\u00e9 la guerre sur le continent. Les le\u00e7ons de l\u2019histoire sont claires. Il ne peut y avoir d\u2019ordre stable en Europe qui exclut l\u2019une de ses grandes puissances. Ceux qui n\u2019ont aucun moyen pacifique d\u2019assurer le respect de leurs int\u00e9r\u00eats de s\u00e9curit\u00e9 ne verront aucune raison de ne pas utiliser la force pour les d\u00e9fendre. Et s\u2019il n\u2019y a aucune perspective d\u2019un cadre durable pour sauvegarder leurs int\u00e9r\u00eats, ils pr\u00e9f\u00e9reront les r\u00e9sultats sur les champs de bataille \u00e0 ceux con\u00e7us \u00e0 la table des n\u00e9gociations\u2026..<\/p>\n<p><center><\/p>\n<p><iframe loading=\"lazy\" title=\"La fin de la paix en Europe et de l&#039;ordre mondial occidental ?\" width=\"1110\" height=\"624\" src=\"https:\/\/www.youtube.com\/embed\/lZHMNOE2j_c?feature=oembed\" frameborder=\"0\" allow=\"accelerometer; autoplay; clipboard-write; encrypted-media; gyroscope; picture-in-picture; web-share\" referrerpolicy=\"strict-origin-when-cross-origin\" allowfullscreen><\/iframe><\/p>\n<p><\/center><\/p>\n<p>source : <a target=\"_blank\" href=\"https:\/\/www.youtube.com\/watch?v=lZHMNOE2j_c\" target=\"_blank\" rel=\"noopener\" title=\"Neutrality Studies\">Neutrality Studies<\/a><\/p>\n<div class=\"sharedaddy sd-block sd-like jetpack-likes-widget-wrapper jetpack-likes-widget-unloaded\" id=\"like-post-wrapper-237719536-446201-67c7493e4bd35\" data-src=\"https:\/\/widgets.wp.com\/likes\/?ver=14.2.1#blog_id=237719536&amp;post_id=446201&amp;origin=reseauinternational.net&amp;obj_id=237719536-446201-67c7493e4bd35&amp;n=1\" data-name=\"like-post-frame-237719536-446201-67c7493e4bd35\" data-title=\"Aimer ou rebloguer\">\n<h3 class=\"sd-title\">J\u2019aime \u00e7a\u00a0:<\/h3>\n<p><span class=\"button\"><span>J\u2019aime<\/span><\/span> <span class=\"loading\">chargement\u2026<\/span><\/p>\n<p><span class=\"sd-text-color\"\/><a target=\"_blank\" class=\"sd-link-color\"\/><\/div>\n<p><meta itemscope=\"\" itemprop=\"mainEntityOfPage\" itemtype=\"https:\/\/schema.org\/WebPage\" itemid=\"https:\/\/reseauinternational.net\/la-fin-de-la-paix-en-europe-et-de-lordre-mondial-occidental\/\"\/><meta itemprop=\"headline\" content=\"La fin de la paix en Europe et de l\u2019ordre mondial occidental ?\"\/><span style=\"display: none;\" itemprop=\"author\" itemscope=\"\" itemtype=\"https:\/\/schema.org\/Person\"><meta itemprop=\"name\" content=\"R\u00e9seau International\"\/><\/span><span style=\"display: none;\" itemprop=\"image\" itemscope=\"\" itemtype=\"https:\/\/schema.org\/ImageObject\"><meta itemprop=\"url\" content=\"https:\/\/i0.wp.com\/reseauinternational.net\/wp-content\/uploads\/2025\/03\/la-paix.jpg?fit=800%2C467&amp;quality=100&amp;ssl=1\"\/><meta itemprop=\"width\" content=\"800\"\/><meta itemprop=\"height\" content=\"467\"\/><\/span><span style=\"display: none;\" itemprop=\"publisher\" itemscope=\"\" itemtype=\"https:\/\/schema.org\/Organization\"><span style=\"display: none;\" itemprop=\"logo\" itemscope=\"\" itemtype=\"https:\/\/schema.org\/ImageObject\"><meta itemprop=\"url\" content=\"https:\/\/reseauinternational.net\/wp-content\/uploads\/2022\/06\/Capture-de\u0301cran-2022-06-14-a\u0300-16.51.07.png\"\/><\/span><meta itemprop=\"name\" content=\"R\u00e9seau International\"\/><\/span><meta itemprop=\"datePublished\" content=\"2025-03-04T13:04:05+00:00\"\/><meta itemprop=\"dateModified\" content=\"2025-03-04T13:39:55+00:00\"\/><\/div>\n<p><br \/>\n<br \/><a href=\"https:\/\/reseauinternational.net\/la-fin-de-la-paix-en-europe-et-de-lordre-mondial-occidental\/\" target=\"_blank\"\">Source link <\/a><\/p>\n","protected":false},"excerpt":{"rendered":"<p>La mani\u00e8re dont les guerres se terminent est importante. Les guerres napol\u00e9oniennes se sont termin\u00e9es par la r\u00e9conciliation des grandes puissances europ\u00e9ennes, y compris les Fran\u00e7ais vaincus, lors du Congr\u00e8s&hellip; <\/p>\n","protected":false},"author":1,"featured_media":3783,"comment_status":"open","ping_status":"open","sticky":false,"template":"","format":"standard","meta":{"footnotes":""},"categories":[1],"tags":[],"class_list":["post-3782","post","type-post","status-publish","format-standard","has-post-thumbnail","hentry","category-non-classe"],"_links":{"self":[{"href":"https:\/\/monde25.info\/index.php\/wp-json\/wp\/v2\/posts\/3782","targetHints":{"allow":["GET"]}}],"collection":[{"href":"https:\/\/monde25.info\/index.php\/wp-json\/wp\/v2\/posts"}],"about":[{"href":"https:\/\/monde25.info\/index.php\/wp-json\/wp\/v2\/types\/post"}],"author":[{"embeddable":true,"href":"https:\/\/monde25.info\/index.php\/wp-json\/wp\/v2\/users\/1"}],"replies":[{"embeddable":true,"href":"https:\/\/monde25.info\/index.php\/wp-json\/wp\/v2\/comments?post=3782"}],"version-history":[{"count":0,"href":"https:\/\/monde25.info\/index.php\/wp-json\/wp\/v2\/posts\/3782\/revisions"}],"wp:featuredmedia":[{"embeddable":true,"href":"https:\/\/monde25.info\/index.php\/wp-json\/wp\/v2\/media\/3783"}],"wp:attachment":[{"href":"https:\/\/monde25.info\/index.php\/wp-json\/wp\/v2\/media?parent=3782"}],"wp:term":[{"taxonomy":"category","embeddable":true,"href":"https:\/\/monde25.info\/index.php\/wp-json\/wp\/v2\/categories?post=3782"},{"taxonomy":"post_tag","embeddable":true,"href":"https:\/\/monde25.info\/index.php\/wp-json\/wp\/v2\/tags?post=3782"}],"curies":[{"name":"wp","href":"https:\/\/api.w.org\/{rel}","templated":true}]}}