{"id":3787,"date":"2025-03-04T23:17:42","date_gmt":"2025-03-04T22:17:42","guid":{"rendered":"https:\/\/monde25.info\/index.php\/2025\/03\/04\/kiev-pret-a-conclure-un-accord-sur-les-minerais-avec-washington-selon-le-premier-ministre-ukrainien-rt-en-francais\/"},"modified":"2025-03-04T23:17:42","modified_gmt":"2025-03-04T22:17:42","slug":"kiev-pret-a-conclure-un-accord-sur-les-minerais-avec-washington-selon-le-premier-ministre-ukrainien-rt-en-francais","status":"publish","type":"post","link":"https:\/\/monde25.info\/index.php\/2025\/03\/04\/kiev-pret-a-conclure-un-accord-sur-les-minerais-avec-washington-selon-le-premier-ministre-ukrainien-rt-en-francais\/","title":{"rendered":"Kiev pr\u00eat \u00e0 conclure un accord sur les minerais avec Washington selon le premier ministre ukrainien \u2014 RT en fran\u00e7ais"},"content":{"rendered":"<p> <br \/>\n<br \/><img decoding=\"async\" src=\"https:\/\/mf.b37mrtl.ru\/french\/images\/2025.03\/thumbnail\/67c74cd887f3ec3d454b965e.jpg\" \/><\/p>\n<div>\n<p class=\"text__summary\">\n                                        Le Premier ministre ukrainien Denys Chmygal a d\u00e9clar\u00e9 que l\u2019Ukraine \u00e9tait pr\u00eate \u00e0 conclure un accord avec Washington sur l\u2019exploitation des ressources naturelles et la cr\u00e9ation d\u2019un fonds d\u2019investissement commun. Malgr\u00e9 les r\u00e9centes tensions, Kiev entend bien poursuivre sa coop\u00e9ration avec les \u00c9tats-Unis.\n                                    <\/p>\n<p>L\u2019Ukraine s\u2019appr\u00eaterait finalement \u00e0 conclure l\u2019accord avec les \u00c9tats-Unis sur l\u2019exploitation des ressources mini\u00e8res, notamment les m\u00e9taux rares. Le Premier ministre ukrainien Denys Chmygal a d\u00e9clar\u00e9 lors d\u2019une conf\u00e9rence de presse ce 4 mars que Kiev \u00e9tait d\u00e9termin\u00e9 \u00e0 poursuivre cette coop\u00e9ration et \u00e0 signer l\u2019accord d\u00e8s que possible. \u00abAujourd\u2019hui, l\u2019Ukraine est absolument d\u00e9termin\u00e9e \u00e0 continuer \u00e0 travailler avec les \u00c9tats-Unis. Nous sommes pr\u00eats \u00e0 signer l\u2019accord sur la cr\u00e9ation d\u2019un fonds d\u2019investissement commun et \u00e0 avancer dans cette direction\u00bb, a-t-il affirm\u00e9.<\/p>\n<h2><strong>Chmygal insiste sur la coop\u00e9ration avec Washington<\/strong><\/h2>\n<p>Le Premier ministre ukrainien a soulign\u00e9 que Kiev continuerait \u00e0 travailler avec les \u00c9tats-Unis par tous les canaux diplomatiques disponibles. \u00abNous poursuivrons les discussions avec l\u2019administration am\u00e9ricaine, avec le Congr\u00e8s, ainsi qu\u2019avec le pr\u00e9sident Trump\u00bb, a-t-il ajout\u00e9.<\/p>\n<p>En parall\u00e8le, il a remerci\u00e9 les \u00c9tats-Unis pour leur soutien et assur\u00e9 que l\u2019Ukraine ferait tout pour garantir la signature de cet accord. Il a \u00e9galement pr\u00e9cis\u00e9 que cet engagement ne se limitait pas au domaine \u00e9conomique, mais visait aussi \u00e0 renforcer les liens entre les deux pays. L\u2019accord a \u00e9t\u00e9 pr\u00e9sent\u00e9 comme un moyen pour l\u2019Ukraine d\u2019attirer des investissements \u00e9trangers, notamment dans l\u2019exploitation des m\u00e9taux des terres rares, un secteur cl\u00e9 pour l\u2019industrie technologique.<\/p>\n<h2><strong>Un accord strat\u00e9gique sur les ressources naturelles<\/strong><\/h2>\n<p>Cet accord pr\u00e9voit entre autres la cr\u00e9ation d\u2019un fonds d\u2019investissement pour la reconstruction de l\u2019Ukraine, financ\u00e9 en partie par les revenus g\u00e9n\u00e9r\u00e9s par l\u2019exploitation des minerais. Kiev devrait y allouer 50% des b\u00e9n\u00e9fices issus des licences mini\u00e8res et des infrastructures de transport des ressources. Ce fonds, g\u00e9r\u00e9 conjointement par l\u2019Ukraine et les \u00c9tats-Unis, devrait \u00eatre utilis\u00e9 pour renforcer la s\u00e9curit\u00e9 et la stabilit\u00e9 \u00e9conomique du pays.<\/p>\n<p>Les discussions entre les deux pays ont pris une tournure inattendue ce vendredi 28 f\u00e9vrier, lorsque le pr\u00e9sident ukrainien Volodymyr Zelensky s\u2019est rendu \u00e0 Washington pour finaliser l\u2019accord avec son homologue am\u00e9ricain Donald Trump. Cependant, la rencontre s\u2019est sold\u00e9e par une altercation entre les deux dirigeants, conduisant \u00e0 l\u2019annulation de la signature.<\/p>\n<\/div>\n<p><br \/>\n<br \/><a href=\"https:\/\/francais.rt.com\/international\/117549-kiev-pret-conclure-accord-minerais-washington\" target=\"_blank\"\">Source link <\/a><\/p>\n","protected":false},"excerpt":{"rendered":"<p>Le Premier ministre ukrainien Denys Chmygal a d\u00e9clar\u00e9 que l\u2019Ukraine \u00e9tait pr\u00eate \u00e0 conclure un accord avec Washington sur l\u2019exploitation des ressources naturelles et la cr\u00e9ation d\u2019un fonds d\u2019investissement commun.&hellip; <\/p>\n","protected":false},"author":1,"featured_media":3788,"comment_status":"open","ping_status":"open","sticky":false,"template":"","format":"standard","meta":{"footnotes":""},"categories":[1],"tags":[],"class_list":["post-3787","post","type-post","status-publish","format-standard","has-post-thumbnail","hentry","category-non-classe"],"_links":{"self":[{"href":"https:\/\/monde25.info\/index.php\/wp-json\/wp\/v2\/posts\/3787","targetHints":{"allow":["GET"]}}],"collection":[{"href":"https:\/\/monde25.info\/index.php\/wp-json\/wp\/v2\/posts"}],"about":[{"href":"https:\/\/monde25.info\/index.php\/wp-json\/wp\/v2\/types\/post"}],"author":[{"embeddable":true,"href":"https:\/\/monde25.info\/index.php\/wp-json\/wp\/v2\/users\/1"}],"replies":[{"embeddable":true,"href":"https:\/\/monde25.info\/index.php\/wp-json\/wp\/v2\/comments?post=3787"}],"version-history":[{"count":0,"href":"https:\/\/monde25.info\/index.php\/wp-json\/wp\/v2\/posts\/3787\/revisions"}],"wp:featuredmedia":[{"embeddable":true,"href":"https:\/\/monde25.info\/index.php\/wp-json\/wp\/v2\/media\/3788"}],"wp:attachment":[{"href":"https:\/\/monde25.info\/index.php\/wp-json\/wp\/v2\/media?parent=3787"}],"wp:term":[{"taxonomy":"category","embeddable":true,"href":"https:\/\/monde25.info\/index.php\/wp-json\/wp\/v2\/categories?post=3787"},{"taxonomy":"post_tag","embeddable":true,"href":"https:\/\/monde25.info\/index.php\/wp-json\/wp\/v2\/tags?post=3787"}],"curies":[{"name":"wp","href":"https:\/\/api.w.org\/{rel}","templated":true}]}}