{"id":3793,"date":"2025-03-05T00:58:33","date_gmt":"2025-03-04T23:58:33","guid":{"rendered":"https:\/\/monde25.info\/index.php\/2025\/03\/05\/deposseder-lhomme-de-son-cerveau-pour-construire-lia-les-moutons-enrages\/"},"modified":"2025-03-05T00:58:33","modified_gmt":"2025-03-04T23:58:33","slug":"deposseder-lhomme-de-son-cerveau-pour-construire-lia-les-moutons-enrages","status":"publish","type":"post","link":"https:\/\/monde25.info\/index.php\/2025\/03\/05\/deposseder-lhomme-de-son-cerveau-pour-construire-lia-les-moutons-enrages\/","title":{"rendered":"D\u00e9poss\u00e9der l\u2019homme de son cerveau pour construire\u00a0l\u2019IA. \u2013 Les moutons enrag\u00e9s"},"content":{"rendered":"<p> <br \/>\n<\/p>\n<div>\n<p>Par LHK pour <a target=\"_blank\" href=\"https:\/\/cyberbabel.org\/2025\/03\/02\/deposseder-lhomme-de-son-cerveau-pour-construire-lia\/\" data-type=\"link\" data-id=\"https:\/\/cyberbabel.org\/2025\/03\/02\/deposseder-lhomme-de-son-cerveau-pour-construire-lia\/\"><strong>Cyberbabel<\/strong><\/a><\/p>\n<div class=\"wp-block-image\">\n<figure class=\"aligncenter size-large is-resized\"><img fetchpriority=\"high\" decoding=\"async\" width=\"520\" height=\"330\" src=\"https:\/\/lesmoutonsenrages.fr\/wp-content\/uploads\/2025\/03\/image-12-520x330.png\" alt=\"\" class=\"wp-image-165725\" style=\"width:413px;height:auto\" srcset=\"https:\/\/lesmoutonsenrages.fr\/wp-content\/uploads\/2025\/03\/image-12-520x330.png 520w, https:\/\/lesmoutonsenrages.fr\/wp-content\/uploads\/2025\/03\/image-12-250x159.png 250w, https:\/\/lesmoutonsenrages.fr\/wp-content\/uploads\/2025\/03\/image-12-150x95.png 150w, https:\/\/lesmoutonsenrages.fr\/wp-content\/uploads\/2025\/03\/image-12.png 618w\" sizes=\"(max-width: 520px) 100vw, 520px\"\/><\/figure>\n<\/div>\n<div class=\"wp-block-image\">\n<figure class=\"aligncenter size-large is-resized\"><img loading=\"lazy\" decoding=\"async\" width=\"550\" height=\"288\" src=\"https:\/\/lesmoutonsenrages.fr\/wp-content\/uploads\/2025\/03\/image-13-550x288.png\" alt=\"\" class=\"wp-image-165726\" style=\"width:426px;height:auto\" srcset=\"https:\/\/lesmoutonsenrages.fr\/wp-content\/uploads\/2025\/03\/image-13-550x288.png 550w, https:\/\/lesmoutonsenrages.fr\/wp-content\/uploads\/2025\/03\/image-13-250x131.png 250w, https:\/\/lesmoutonsenrages.fr\/wp-content\/uploads\/2025\/03\/image-13-768x403.png 768w, https:\/\/lesmoutonsenrages.fr\/wp-content\/uploads\/2025\/03\/image-13-150x79.png 150w, https:\/\/lesmoutonsenrages.fr\/wp-content\/uploads\/2025\/03\/image-13.png 1024w\" sizes=\"auto, (max-width: 550px) 100vw, 550px\"\/><figcaption class=\"wp-element-caption\"><sup>Fusionner le cerveau humain avec la machine permet d\u2019augmenter l\u2019intelligence humaine, mais permet aussi en retour d\u2019apporter \u00e0 l\u2019IA la possibilit\u00e9 de sortir de son statut de gigantesque base de donn\u00e9es pour se doter d\u2019un esprit (conception mat\u00e9rialiste de l\u2019esprit humain qui caract\u00e9rise les scientistes) sorti du cerveau humain.<\/sup><em><br \/><sup>Qu\u2019est-ce que l\u2019Intelligence Augment\u00e9e ? <strong>Intelligence augment\u00e9e<\/strong> est l\u2019utilisation de l\u2019intelligence artificielle qui se concentre sur le r\u00f4le que l\u2019IA joue dans l\u2019am\u00e9lioration de l\u2019intelligence humaine et de la prise de d\u00e9cision. Le terme est utilis\u00e9 pour repr\u00e9senter la combinaison de personnes et d\u2019intelligence artificielle travaillant ensemble pour am\u00e9liorer la fa\u00e7on dont les gens travaillent, et non pour la remplacer. Augmentir.com<\/sup><\/em><\/figcaption><\/figure>\n<\/div>\n<p>L\u2019humain a toujours eu \u00e0 faire face \u00e0 des pr\u00e9dateurs qui mena\u00e7aient son existence. Nous avons longuement \u00e9tudi\u00e9 la D\u00e9possession mon\u00e9taire, financi\u00e8re, industrielle, publique, etc. La nouveaut\u00e9 dans notre actualit\u00e9 du 21\u00e8me si\u00e8cle est ce que nous avons appel\u00e9 la \u00ab\u00a0vampirisation\u00a0\u00bb de l\u2019humanit\u00e9.<\/p>\n<p><span id=\"more-165724\"\/><\/p>\n<p>Le corps humain est le patrimoine essentiel et existentiel que chacun de nous d\u00e9tient, et dont , en th\u00e9orie, il est libre de disposer. Mais voil\u00e0, les \u00e9lites dirigeantes ont elles aussi des projets pour notre corps, \u00e0 commencer par le cerveau naturel. Il faut dire que sa constitution est une merveille inestimable et que l\u2019IA ne peut d\u00e9passer son statut de gigantesque base de donn\u00e9es sans la connexion des cerveaux humains. En clair, l\u2019IA a besoin de \u00ab\u00a0mutualiser\u00a0\u00bb les cerveaux et les int\u00e9grer dans l\u2019immense tuyauterie en construction, pour devenir v\u00e9ritablement intelligente. Et nous sommes dans les derniers temps qui pr\u00e9c\u00e8dent la fusion cerveaux-machines tant convoit\u00e9e par les \u00e9lites de Plan\u00e8te finance et leurs d\u00e9l\u00e9gu\u00e9s de la BigTech. Ici, nous avons l\u2019exemple de Rares, un jeune roumain, qui devrait voir ses \u00ab\u00a0performances\u00a0\u00bb acad\u00e9miques s\u2019am\u00e9liorer\u2026 On l\u2019\u00e9quipe pour augmenter sa capacit\u00e9 de concentration et r\u00e9duire son stress par le contr\u00f4le de ses \u00e9motions.<\/p>\n<div class=\"wp-block-image\">\n<figure class=\"aligncenter size-large is-resized\"><img loading=\"lazy\" decoding=\"async\" width=\"550\" height=\"241\" src=\"https:\/\/lesmoutonsenrages.fr\/wp-content\/uploads\/2025\/03\/image-14-550x241.png\" alt=\"\" class=\"wp-image-165727\" style=\"width:441px;height:auto\" srcset=\"https:\/\/lesmoutonsenrages.fr\/wp-content\/uploads\/2025\/03\/image-14-550x241.png 550w, https:\/\/lesmoutonsenrages.fr\/wp-content\/uploads\/2025\/03\/image-14-250x109.png 250w, https:\/\/lesmoutonsenrages.fr\/wp-content\/uploads\/2025\/03\/image-14-768x336.png 768w, https:\/\/lesmoutonsenrages.fr\/wp-content\/uploads\/2025\/03\/image-14-150x66.png 150w, https:\/\/lesmoutonsenrages.fr\/wp-content\/uploads\/2025\/03\/image-14.png 898w\" sizes=\"auto, (max-width: 550px) 100vw, 550px\"\/><\/figure>\n<\/div>\n<h3 class=\"wp-block-heading\">Mutualisation des cerveaux humains dans le but de cr\u00e9er un cerveau plan\u00e9taire<\/h3>\n<blockquote class=\"wp-block-quote is-layout-flow wp-block-quote-is-layout-flow\">\n<p>\u00ab\u00a0<em><strong>Nos cerveaux se parlent.<\/strong>\u00a0Quoi de plus naturel ? L\u2019\u00eatre humain est un <strong>animal social<\/strong>, comme disait l\u2019autre, et son cerveau est r\u00e9cepteur et \u00e9metteur de cette socialit\u00e9. En somme, <strong>nous sommes une assembl\u00e9e de cerveaux.<\/strong> Ou une petite partie d\u2019un <strong>cerveau g\u00e9ant<\/strong>, que chacun des n\u00f4tres contribue \u00e0 fomenter<\/em>.\u00a0\u00bb<br \/><a target=\"_blank\" href=\"https:\/\/www.echosciences-grenoble.fr\/communautes\/atout-cerveau\/articles\/les-cerveaux-se-synchronisent-en-classe\"><sup>https:\/\/www.echosciences-grenoble.fr\/communautes\/atout-cerveau\/articles\/les-cerveaux-se-synchronisent-en-classe<\/sup><\/a><\/p>\n<\/blockquote>\n<p>La citation ci-dessus est tir\u00e9e d\u2019un article qui commente une publication scientifique. Celle-ci explique une exp\u00e9rimentation r\u00e9alis\u00e9e sur des enfants d\u2019une classe new yorkaise. Ces derniers ont \u00e9t\u00e9 int\u00e9gr\u00e9s \u00e0 une exp\u00e9rience portant sur la synchronisation des cerveaux. Chacun a \u00e9t\u00e9 \u00e9quip\u00e9 d\u2019un \u00e9lectroenc\u00e9phalogramme, EEG, portable qui leur permettait de pratiquer des activit\u00e9s collectives. Les intervenants auraient observ\u00e9 que les cerveaux se synchronisaient lorsqu\u2019ils s\u2019engageaient dans des activit\u00e9s. Et plus celles-ci \u00e9taient appr\u00e9ci\u00e9es (discussion, vid\u00e9os) et plus elles induisaient de la synchronie entre les \u00e9l\u00e8ves.<\/p>\n<blockquote class=\"wp-block-quote is-layout-flow wp-block-quote-is-layout-flow\">\n<p>L\u2019article grenoblois de conclure: \u00ab\u00a0<em>En dehors de la nature propre de la stimulation (qui pourrait exercer une influence (au moins en partie) synchronisante, quoiqu\u2019en disent les auteurs), les autres m\u00e9canismes qui pourraient expliquer cette \u00ab\u00a0mutualisation\u00a0\u00bb des cerveaux, sont l\u2019attention conjointe et la motivation. Les \u00e9l\u00e8ves concern\u00e9s baignent dans des milieux similaires, partagent des exp\u00e9riences communes, un bagage culturel, qui limitent les possibilit\u00e9s de divergence. Il aurait \u00e9t\u00e9 int\u00e9ressant de r\u00e9p\u00e9ter cette exp\u00e9rience avec des \u00e9l\u00e8ves d\u2019horizon tr\u00e8s divers.<\/em>\u00a0\u00bb<\/p>\n<h4 class=\"wp-block-heading\"><a target=\"_blank\" href=\"https:\/\/www.echosciences-grenoble.fr\/communautes\/atout-cerveau\/articles\/les-cerveaux-se-synchronisent-en-classe\">https:\/\/www.echosciences-grenoble.fr\/communautes\/atout-cerveau\/articles\/les-cerveaux-se-synchronisent-en-classe<\/a><\/h4>\n<\/blockquote>\n<p>Nous comprenons ainsi que la mutualisation des cerveaux n\u2019est pas un sujet tabou dans certains milieux qui con\u00e7oivent positivement l\u2019av\u00e8nement d\u2019un cerveau g\u00e9ant, fruit de la fusion des cerveaux humains, duquel jaillirait un esprit universel.<\/p>\n<div class=\"wp-block-image\">\n<figure class=\"aligncenter is-resized\"><img decoding=\"async\" src=\"https:\/\/cyberbabel.org\/wp-content\/uploads\/2025\/03\/image-3.png?w=777\" alt=\"\" class=\"wp-image-983\" style=\"width:492px;height:auto\"\/><\/figure>\n<\/div>\n<p><a target=\"_blank\" href=\"https:\/\/cyberbabel.org\/wp-content\/uploads\/2025\/03\/des-cerveaux-qui-se-synchronisent-en-classe-_-echosciences-grenoble.pdf\">Des cerveaux qui se synchronisent en classe _ ECHOSCIENCES \u2013 Grenoble <\/a><a target=\"_blank\" href=\"https:\/\/cyberbabel.org\/wp-content\/uploads\/2025\/03\/des-cerveaux-qui-se-synchronisent-en-classe-_-echosciences-grenoble.pdf\">T\u00e9l\u00e9charger<\/a><\/p>\n<h3 class=\"wp-block-heading\">La strat\u00e9gie du chantage pour imposer les BCI aux humains<\/h3>\n<p>Les humains n\u2019ont pas l\u2019id\u00e9e de s\u2019\u00e9quiper d\u2019une puce dans le cerveau. On va pourtant les y aider. Pensez au pass sanitaire et autres contraintes d\u00e9j\u00e0 v\u00e9cues durant la crise covid. On peut imaginer que les autorit\u00e9s refusent \u00e0 un \u00e9l\u00e8ve non \u00e9quip\u00e9 l\u2019acc\u00e8s \u00e0 l\u2019\u00e9cole ou \u00e0 l\u2019universit\u00e9. La chose peut \u00eatre g\u00e9n\u00e9ralis\u00e9 \u00e0 l\u2019acc\u00e8s \u00e0 toutes sortes de prestations: services bancaires, achats dans les grands magasins, ch\u00f4mage, Revenu universel, etc. Le pire dans une soci\u00e9t\u00e9 ultra connect\u00e9 serait d\u2019imposer l\u2019interface pour avoir l\u2019acc\u00e8s \u00e0 son smartphone ou \u00e0 l\u2019Internet en g\u00e9n\u00e9ral. Cela pourrait aussi se faire via l\u2019identit\u00e9 digitale qui ne serait attribu\u00e9e qu\u2019aux personnes c\u00e9r\u00e9bralement connect\u00e9es. Et l\u00e0, vous pouvez dire adieu \u00e0 toute vie sur cette terre si vous vivez dans une grande ville par exemple.<\/p>\n<h3 class=\"wp-block-heading has-text-align-center\">Objectif 2030<\/h3>\n<p>Il semblerait que nous nous dirigions dans ce domaine, comme dans toutes les \u00e9tudes pr\u00e9c\u00e9dentes, vers le <em>There is no alternative<\/em> de Mme Thatcher. Alors que vous \u00eates assomm\u00e9s par toutes sortes de probl\u00e9matiques, les dieux milliardaires avancent \u00e0 grands pas. Et cela va d\u2019autant plus vite, qu\u2019\u00e0 l\u2019heure actuelle, ils se sont impos\u00e9s au pr\u00e9sident Trump, et ne semblent pas vouloir rater cette incroyable opportunit\u00e9 de mettre la main sur l\u2019humanit\u00e9 enti\u00e8re. Souvenons-nous qu\u2019ils disposent de l\u2019arm\u00e9e la plus puissante du monde.<\/p>\n<div class=\"wp-block-image\">\n<figure class=\"aligncenter size-large is-resized\"><img loading=\"lazy\" decoding=\"async\" width=\"550\" height=\"310\" src=\"https:\/\/lesmoutonsenrages.fr\/wp-content\/uploads\/2025\/03\/image-18-550x310.png\" alt=\"\" class=\"wp-image-165731\" style=\"width:412px;height:auto\" srcset=\"https:\/\/lesmoutonsenrages.fr\/wp-content\/uploads\/2025\/03\/image-18-550x310.png 550w, https:\/\/lesmoutonsenrages.fr\/wp-content\/uploads\/2025\/03\/image-18-250x141.png 250w, https:\/\/lesmoutonsenrages.fr\/wp-content\/uploads\/2025\/03\/image-18-150x84.png 150w, https:\/\/lesmoutonsenrages.fr\/wp-content\/uploads\/2025\/03\/image-18.png 700w\" sizes=\"auto, (max-width: 550px) 100vw, 550px\"\/><\/figure>\n<\/div>\n<p>\u00ab\u00a0<sup><em>L\u2019am\u00e9lioration des fonctions neurologiques est l\u2019une des tendances mises en avant par Gartner dans son \u00abTop 10 Strategic Technology Trends for 2025\u00bb. Selon le cabinet de conseil, les capacit\u00e9s cognitives humaines vont b\u00e9n\u00e9ficier du d\u00e9veloppement d\u2019interfaces c\u00e9r\u00e9brales bidirectionnelles (BBMI). On parle ici de dispositifs pouvant \u00ablire\u00bb le cerveau et modifier son \u00e9tat.\u00a0<br \/>Le cabinet de conseil anticipe que d\u2019ici 2030, 60% des professionnels de l\u2019informatique pourraient d\u00e9pendre de ces interfaces, afin d\u2019am\u00e9liorer leurs performances face \u00e0 l\u2019intelligence artificielle.<\/em><\/sup><br \/><sup><em>Avantages et d\u00e9fis<br \/>Ces technologies, d\u00e9j\u00e0 explor\u00e9es en 2024, pourraient am\u00e9liorer les comp\u00e9tences humaines et permettre des programmes \u00e9ducatifs sur-mesure adapt\u00e9s \u00e0 chaque personne. En outre, \u00a0les personnes \u00e2g\u00e9es pourraient \u00eatre capables de travailler plus longtemps, souligne Gartner. Ces technologies ne sont toutefois pas sans poser de probl\u00e8mes. Leur co\u00fbt reste prohibitif et les solutions actuelles sont limit\u00e9es par des contraintes d\u2019autonomie et de connectivit\u00e9. De plus, les interfaces directes avec le cerveau posent des probl\u00e8mes d\u2019\u00e9thique et de s\u00e9curit\u00e9.<\/em><\/sup><\/p>\n<p><sup><em>Application potentielles<br \/>Gartner met entre autres en avant l\u2019am\u00e9lioration du recrutement et de la fid\u00e9lit\u00e9 des employ\u00e9s en identifiant les personnes compatibles gr\u00e2ce aux donn\u00e9es neurologiques. \u00abImaginez un entretien d\u2019embauche r\u00e9alis\u00e9 avec une interface c\u00e9r\u00e9brale, en deux minutes. L\u2019am\u00e9lioration neurologique permet aux organisations de savoir ce que ressent une personne. Elle peut \u00e9galement avoir des effets sur le cerveau, afin de stimuler les employ\u00e9s pour qu\u2019ils soient plus d\u00e9tendus ou plus concentr\u00e9s, et donc plus productifs\u00bb, projette Sylvain Fabre, analyste chez Gartner\u00a0\u00bb.<\/em><\/sup><a target=\"_blank\" href=\"https:\/\/www.ictjournal.ch\/articles\/2024-12-06\/les-pros-de-lit-pourraient-dependre-des-interfaces-cerveau-machine\"> <sup>https:\/\/www.ictjournal.ch\/articles\/2024-12-06\/les-pros-de-lit-pourraient-dependre-des-interfaces-cerveau-machine<\/sup><\/a><\/p>\n<h3 class=\"wp-block-heading has-text-align-center\">Les interfaces Computer-Cerveau des dieux milliardaires<\/h3>\n<p>Afin de r\u00e9aliser le cerveau g\u00e9ant indispensable \u00e0 l\u2019IA, il faut des interfaces hommes-machines. Si nous connaissons Starlink de Elon Musk, l\u2019implant c\u00e9r\u00e9bral Neuralace\u2122 est moins connu. Et pourtant! Ce produit appartient au dinosaure de la gestion des actifs Blackrock, dont Blackrock Neurotech est l\u2019entit\u00e9 sp\u00e9cialis\u00e9e dans le domaine. Actuellement, Neuralace, est l\u2019une des principales soci\u00e9t\u00e9s d\u2019interface cerveau-ordinateur, qu\u2019elle a pr\u00e9sent\u00e9 \u00e0 la Society for Neuroscience 2022. L\u2019\u00e9lectrode flexible \u00e0 nombre de canaux ultra \u00e9lev\u00e9 donne un aper\u00e7u important de la technologie innovante qui alimentera les futures BCI de l\u2019entreprise.<\/p>\n<div class=\"wp-block-image\">\n<figure class=\"aligncenter size-large is-resized\"><img loading=\"lazy\" decoding=\"async\" width=\"550\" height=\"263\" src=\"https:\/\/lesmoutonsenrages.fr\/wp-content\/uploads\/2025\/03\/image-20-550x263.png\" alt=\"\" class=\"wp-image-165733\" style=\"width:544px;height:auto\" srcset=\"https:\/\/lesmoutonsenrages.fr\/wp-content\/uploads\/2025\/03\/image-20-550x263.png 550w, https:\/\/lesmoutonsenrages.fr\/wp-content\/uploads\/2025\/03\/image-20-250x120.png 250w, https:\/\/lesmoutonsenrages.fr\/wp-content\/uploads\/2025\/03\/image-20-150x72.png 150w, https:\/\/lesmoutonsenrages.fr\/wp-content\/uploads\/2025\/03\/image-20.png 683w\" sizes=\"auto, (max-width: 550px) 100vw, 550px\"\/><figcaption class=\"wp-element-caption\">Capture<\/figcaption><\/figure>\n<\/div>\n<p>\u00abDes dizaines de patients humains utilisent actuellement nos implants et notre technologie pour accomplir des choses directement avec leur esprit qui \u00e9taient inimaginables il y a dix ans. Nous avons pass\u00e9 plus d\u2019une d\u00e9cennie \u00e0 d\u00e9velopper notre technologie avec plusieurs centaines d\u2019institutions de recherche parmi les plus importantes au monde et plus de 20 centres partenaires cliniques. \u00bb<br \/>\u00abNeuralace d\u00e9montre notre conviction de la direction que la science prendre pour aller lib\u00e9rer le v\u00e9ritable potentiel de BCI \u00bb, a d\u00e9clar\u00e9 Marcus Gerhardt, co-fondateur et PDG de Blackrock.<\/p>\n<div class=\"wp-block-image\">\n<figure class=\"aligncenter size-large\"><img loading=\"lazy\" decoding=\"async\" width=\"550\" height=\"215\" src=\"https:\/\/lesmoutonsenrages.fr\/wp-content\/uploads\/2025\/03\/image-21-550x215.png\" alt=\"\" class=\"wp-image-165734\" srcset=\"https:\/\/lesmoutonsenrages.fr\/wp-content\/uploads\/2025\/03\/image-21-550x215.png 550w, https:\/\/lesmoutonsenrages.fr\/wp-content\/uploads\/2025\/03\/image-21-250x98.png 250w, https:\/\/lesmoutonsenrages.fr\/wp-content\/uploads\/2025\/03\/image-21-150x59.png 150w, https:\/\/lesmoutonsenrages.fr\/wp-content\/uploads\/2025\/03\/image-21.png 682w\" sizes=\"auto, (max-width: 550px) 100vw, 550px\"\/><figcaption class=\"wp-element-caption\">Capture<\/figcaption><\/figure>\n<\/div>\n<p><iframe loading=\"lazy\" title=\"Keith Warner, Neuralace Medical - Noninvasive Magnetic Pulse Technology | LSI USA &#039;24\" width=\"1110\" height=\"624\" src=\"https:\/\/www.youtube.com\/embed\/2WAsF5EDByc?feature=oembed\" frameborder=\"0\" allow=\"accelerometer; autoplay; clipboard-write; encrypted-media; gyroscope; picture-in-picture; web-share\" referrerpolicy=\"strict-origin-when-cross-origin\" allowfullscreen><\/iframe><\/p>\n<h3 class=\"wp-block-heading has-text-align-center\">La construction de l\u2019IA, ou Cerveau plan\u00e9taire, est d\u2019inspiration d\u00e9moniaque, dixit M Musk.<\/h3>\n<p>L\u2019IA a besoin de connecter l\u2019ensemble des cerveaux humains. Et il est excessivement difficile d\u2019alerter sur ce sujet. En effet, nos dirigeants ne souhaitent pas que les masses comprennent ce dont il est question, et refusent de s\u2019engouffrer dans la voie qu\u2019ils leur ont trac\u00e9. Toutes les crises et les guerres possibles ne sont l\u00e0 que pour occuper et angoisser les spectateurs. Pendant ce temps, le projet d\u00e9moniaque avance \u00e0 grands pas.<\/p>\n<div class=\"wp-block-image\">\n<figure class=\"aligncenter size-large is-resized\"><img loading=\"lazy\" decoding=\"async\" width=\"528\" height=\"330\" src=\"https:\/\/lesmoutonsenrages.fr\/wp-content\/uploads\/2025\/03\/image-22-528x330.png\" alt=\"\" class=\"wp-image-165735\" style=\"width:419px;height:auto\" srcset=\"https:\/\/lesmoutonsenrages.fr\/wp-content\/uploads\/2025\/03\/image-22-528x330.png 528w, https:\/\/lesmoutonsenrages.fr\/wp-content\/uploads\/2025\/03\/image-22-250x156.png 250w, https:\/\/lesmoutonsenrages.fr\/wp-content\/uploads\/2025\/03\/image-22-150x94.png 150w, https:\/\/lesmoutonsenrages.fr\/wp-content\/uploads\/2025\/03\/image-22.png 656w\" sizes=\"auto, (max-width: 528px) 100vw, 528px\"\/><\/figure>\n<\/div>\n<div class=\"wp-block-image\">\n<figure class=\"aligncenter size-large is-resized\"><img loading=\"lazy\" decoding=\"async\" width=\"409\" height=\"330\" src=\"https:\/\/lesmoutonsenrages.fr\/wp-content\/uploads\/2025\/03\/image-23-409x330.png\" alt=\"\" class=\"wp-image-165736\" style=\"width:429px;height:auto\" srcset=\"https:\/\/lesmoutonsenrages.fr\/wp-content\/uploads\/2025\/03\/image-23-409x330.png 409w, https:\/\/lesmoutonsenrages.fr\/wp-content\/uploads\/2025\/03\/image-23-250x202.png 250w, https:\/\/lesmoutonsenrages.fr\/wp-content\/uploads\/2025\/03\/image-23-150x121.png 150w, https:\/\/lesmoutonsenrages.fr\/wp-content\/uploads\/2025\/03\/image-23.png 527w\" sizes=\"auto, (max-width: 409px) 100vw, 409px\"\/><\/figure>\n<\/div>\n<h3 class=\"wp-block-heading has-text-align-center\"><a target=\"_blank\" href=\"https:\/\/www.washingtonpost.com\/video\/business\/technology\/elon-musk-warns-that-artificial-intelligence-could-be-our-biggest-existential-threat\/2014\/10\/24\/1bcbe084-5bbd-11e4-9d6c-756a229d8b18_video.html\"\/>Le projet des dieux milliardaires<\/h3>\n<p>Les mesures impos\u00e9es durant l\u2019\u00e9pisode covidienne \u00e9taient l\u00e0 pour bien expliquer au terrien normal qu\u2019il ne peut disposer librement de son corps, et que c\u2019est \u00e0 l\u2019Etat de s\u2019en charger en indiquant des mesures obligatoires. Par la suite, l\u2019Etat en question devrait c\u00e9der ses pr\u00e9rogatives de puissance publique dans le domaine sanitaire \u00e0 L\u2019OMS. Donc \u00e0 ses financeurs, les dieux milliardaires\u2026.<\/p>\n<div class=\"wp-block-image\">\n<figure class=\"aligncenter size-large is-resized\"><img loading=\"lazy\" decoding=\"async\" width=\"550\" height=\"114\" src=\"https:\/\/lesmoutonsenrages.fr\/wp-content\/uploads\/2025\/03\/image-25-550x114.png\" alt=\"\" class=\"wp-image-165738\" style=\"width:666px;height:auto\" srcset=\"https:\/\/lesmoutonsenrages.fr\/wp-content\/uploads\/2025\/03\/image-25-550x114.png 550w, https:\/\/lesmoutonsenrages.fr\/wp-content\/uploads\/2025\/03\/image-25-250x52.png 250w, https:\/\/lesmoutonsenrages.fr\/wp-content\/uploads\/2025\/03\/image-25-150x31.png 150w, https:\/\/lesmoutonsenrages.fr\/wp-content\/uploads\/2025\/03\/image-25.png 736w\" sizes=\"auto, (max-width: 550px) 100vw, 550px\"\/><figcaption class=\"wp-element-caption\">Capture<\/figcaption><\/figure>\n<\/div>\n<p>Lire :<\/p>\n<p>Liliane Held Khawam pour <a target=\"_blank\" href=\"https:\/\/cyberbabel.org\/\" data-type=\"link\" data-id=\"https:\/\/cyberbabel.org\/\"><strong>Cyberbabel<\/strong><\/a><\/p>\n<p>Tous les articles, la tribune libre et commentaires sont sous la responsabilit\u00e9 de leurs auteurs. Les Moutons Enrag\u00e9s ne sauraient \u00eatre tenus responsables de leur contenu ou orientation.<\/p>\n<\/p><\/div>\n<p><br \/>\n<br \/><a href=\"https:\/\/lesmoutonsenrages.fr\/2025\/03\/04\/deposseder-lhomme-de-son-cerveau-pour-construire-lia\/\" target=\"_blank\"\">Source link <\/a><\/p>\n","protected":false},"excerpt":{"rendered":"<p>Par LHK pour Cyberbabel Fusionner le cerveau humain avec la machine permet d\u2019augmenter l\u2019intelligence humaine, mais permet aussi en retour d\u2019apporter \u00e0 l\u2019IA la possibilit\u00e9 de sortir de son statut&hellip; <\/p>\n","protected":false},"author":1,"featured_media":3794,"comment_status":"open","ping_status":"open","sticky":false,"template":"","format":"standard","meta":{"footnotes":""},"categories":[1],"tags":[],"class_list":["post-3793","post","type-post","status-publish","format-standard","has-post-thumbnail","hentry","category-non-classe"],"_links":{"self":[{"href":"https:\/\/monde25.info\/index.php\/wp-json\/wp\/v2\/posts\/3793","targetHints":{"allow":["GET"]}}],"collection":[{"href":"https:\/\/monde25.info\/index.php\/wp-json\/wp\/v2\/posts"}],"about":[{"href":"https:\/\/monde25.info\/index.php\/wp-json\/wp\/v2\/types\/post"}],"author":[{"embeddable":true,"href":"https:\/\/monde25.info\/index.php\/wp-json\/wp\/v2\/users\/1"}],"replies":[{"embeddable":true,"href":"https:\/\/monde25.info\/index.php\/wp-json\/wp\/v2\/comments?post=3793"}],"version-history":[{"count":0,"href":"https:\/\/monde25.info\/index.php\/wp-json\/wp\/v2\/posts\/3793\/revisions"}],"wp:featuredmedia":[{"embeddable":true,"href":"https:\/\/monde25.info\/index.php\/wp-json\/wp\/v2\/media\/3794"}],"wp:attachment":[{"href":"https:\/\/monde25.info\/index.php\/wp-json\/wp\/v2\/media?parent=3793"}],"wp:term":[{"taxonomy":"category","embeddable":true,"href":"https:\/\/monde25.info\/index.php\/wp-json\/wp\/v2\/categories?post=3793"},{"taxonomy":"post_tag","embeddable":true,"href":"https:\/\/monde25.info\/index.php\/wp-json\/wp\/v2\/tags?post=3793"}],"curies":[{"name":"wp","href":"https:\/\/api.w.org\/{rel}","templated":true}]}}