{"id":380,"date":"2024-11-18T08:18:51","date_gmt":"2024-11-18T07:18:51","guid":{"rendered":"https:\/\/monde25.info\/index.php\/2024\/11\/18\/les-entreprises-etrangeres-ne-fournissent-plus-les-pieces-necessaires-par-crainte-de-represailles-etasuniennes-les-moutons-enrages\/"},"modified":"2024-11-18T08:18:51","modified_gmt":"2024-11-18T07:18:51","slug":"les-entreprises-etrangeres-ne-fournissent-plus-les-pieces-necessaires-par-crainte-de-represailles-etasuniennes-les-moutons-enrages","status":"publish","type":"post","link":"https:\/\/monde25.info\/index.php\/2024\/11\/18\/les-entreprises-etrangeres-ne-fournissent-plus-les-pieces-necessaires-par-crainte-de-represailles-etasuniennes-les-moutons-enrages\/","title":{"rendered":"Les entreprises \u00e9trang\u00e8res ne fournissent plus les pi\u00e8ces n\u00e9cessaires par crainte de repr\u00e9sailles \u00e9tasuniennes \u00bb \u2013 Les moutons enrag\u00e9s"},"content":{"rendered":"<p> <br \/>\n<\/p>\n<div>\n<p>Par <a target=\"_blank\" href=\"https:\/\/www.mondialisation.ca\/author\/salim-lamrani\">Salim Lamrani<\/a> et <a target=\"_blank\" href=\"https:\/\/www.mondialisation.ca\/author\/luis-reygada\">Luis Reygada<\/a> pour <a target=\"_blank\" href=\"https:\/\/www.humanite.fr\/monde\/blocus-de-cuba\/cuba-les-entreprises-etrangeres-ne-fournissent-plus-les-pieces-necessaires-par-crainte-de-represailles-etasuniennes\" target=\"_blank\" rel=\"noreferrer noopener\">humanite.fr<\/a> via <a target=\"_blank\" href=\"https:\/\/www.mondialisation.ca\/cuba-les-entreprises-etrangeres-ne-fournissent-plus-les-pieces-necessaires-par-crainte-de-represailles-etasuniennes\/5693825?\" data-type=\"link\" data-id=\"https:\/\/www.mondialisation.ca\/cuba-les-entreprises-etrangeres-ne-fournissent-plus-les-pieces-necessaires-par-crainte-de-represailles-etasuniennes\/5693825?\">Mondialisation.ca<\/a><\/p>\n<div class=\"wp-block-image\">\n<figure class=\"alignleft size-large is-resized\"><img fetchpriority=\"high\" decoding=\"async\" width=\"486\" height=\"330\" src=\"https:\/\/lesmoutonsenrages.fr\/wp-content\/uploads\/2024\/11\/image-69-486x330.png\" alt=\"\" class=\"wp-image-163937\" style=\"width:333px;height:auto\" srcset=\"https:\/\/lesmoutonsenrages.fr\/wp-content\/uploads\/2024\/11\/image-69-486x330.png 486w, https:\/\/lesmoutonsenrages.fr\/wp-content\/uploads\/2024\/11\/image-69-250x170.png 250w, https:\/\/lesmoutonsenrages.fr\/wp-content\/uploads\/2024\/11\/image-69-150x102.png 150w, https:\/\/lesmoutonsenrages.fr\/wp-content\/uploads\/2024\/11\/image-69.png 768w\" sizes=\"(max-width: 486px) 100vw, 486px\"\/><\/figure>\n<\/div>\n<p><em>Alors que l\u2019\u00eele se remet peu \u00e0 peu sur pied apr\u00e8s le passage de l\u2019ouragan Rafael, qui a notamment provoqu\u00e9 un nouvel effondrement du syst\u00e8me \u00e9lectrique, l\u2019universitaire <strong>Salim Lamrani<\/strong> revient sur la responsabilit\u00e9 des Etats-Unis dans la situation dramatique qui frappe la population cubaine. Entretien r\u00e9alis\u00e9 par Luis Reygada avec Salim Lamrani, professeur en histoire de l\u2019Am\u00e9rique latine \u00e0 l\u2019Universit\u00e9 de La R\u00e9union, sp\u00e9cialiste des relations entre Cuba et les \u00c9tats-Unis.<\/em><\/p>\n<p class=\"has-text-align-center\">*<\/p>\n<p><span id=\"more-163936\"\/><\/p>\n<p>Rafael, un ouragan de cat\u00e9gorie 3, a balay\u00e9 Cuba du sud au nord, ce mercredi, avant de perdre en intensit\u00e9 en p\u00e9n\u00e9trant dans le Golfe du Mexique. Les vents tr\u00e8s violents, allant jusqu\u2019\u00e0 185 km\/h, n\u2019ont pas fait de victimes mais ont toutefois provoqu\u00e9 <a target=\"_blank\" href=\"https:\/\/www.humanite.fr\/monde\/blocus-de-cuba\/apres-le-passage-de-louragan-rafael-cuba-de-nouveau-plonge-dans-le-noir\" target=\"_blank\" rel=\"noreferrer noopener\">l\u2019effondrement du syst\u00e8me \u00e9lectrique de l\u2019\u00eele<\/a> pendant pr\u00e8s d\u2019une journ\u00e9e. Cuba, qui avait d\u00e9j\u00e0 <a target=\"_blank\" href=\"https:\/\/www.humanite.fr\/monde\/amerique-latine\/etat-du-reseau-blocus-comment-cuba-a-ete-plongee-dans-le-noir\" target=\"_blank\" rel=\"noreferrer noopener\">souffert un black-out g\u00e9n\u00e9ral<\/a> deux semaines auparavant, souffre en effet d\u2019un r\u00e9seau \u00e9lectrique fragile, presque int\u00e9gralement d\u00e9pendant des combustibles fossiles pour alimenter ses huit v\u00e9tustes centrales thermo\u00e9lectriques.<\/p>\n<p>A ce propos, le dernier rapport pr\u00e9sente en 2023 par le secr\u00e9taire g\u00e9n\u00e9ral de l\u2019Assembl\u00e9e g\u00e9n\u00e9rale de l\u2019ONU sur la \u201cN\u00e9cessit\u00e9 de lever le blocus impos\u00e9 \u00e0 Cuba par les \u00c9tats-Unis\u201d soulignait <a target=\"_blank\" href=\"https:\/\/www.humanite.fr\/en-debat\/blocus-de-cuba\/la-responsabilite-des-etats-unis-dans-la-crise-economique-a-cuba\" target=\"_blank\" rel=\"noreferrer noopener\">l\u2019impact direct caus\u00e9 aux infrastructures \u00e9lectriques<\/a> du pays par le d\u00e9sengagement d\u2019entreprises internationales en mati\u00e8re de fourniture de pi\u00e8ces de rechange, \u00e0 la suite de\u00a0<a target=\"_blank\" href=\"https:\/\/www.humanite.fr\/monde\/blocus-de-cuba\/un-chatiment-collectif-contre-11-millions-de-cubains-187-pays-reclament-la-fin-du-blocus-impose-par-washington-pour-la-32e-annee-consecutive\" target=\"_blank\" rel=\"noreferrer noopener\">l\u2019application extraterritoriale des sanctions am\u00e9ricaines<\/a>. \u00ab <em>Cuba ne peut pas acqu\u00e9rir le carburant n\u00e9cessaire pour ses centrales thermo\u00e9lectriques, ni les pi\u00e8ces de rechange indispensables \u00e0 la maintenance des infrastructures<\/em> \u00bb, souligne Salim Lamrani, tout en rappelant <a target=\"_blank\" href=\"https:\/\/www.humanite.fr\/monde\/blocus-de-cuba\/un-rapport-denonce-limpact-des-sanctions-americaines-sur-les-economies-de-cuba-et-du-venezuela\" target=\"_blank\" rel=\"noreferrer noopener\">l\u2019impact funeste<\/a> des politiques mises en place contre l\u2019\u00eele par le nouveau pr\u00e9sident-\u00e9lu des Etats-Unis, Donald Trump, lors de son premier passage \u00e0 la Maison blanche (2016-2020).<\/p>\n<p><strong>Cuba subit un nouvel effondrement du syst\u00e8me \u00e9lectrique\u2026 N\u2019y a-t-il pas un risque de voir la population sombrer dans le d\u00e9sespoir ? Le pays a d\u00e9j\u00e0 connu des manifestations de m\u00e9contentement ces derni\u00e8res ann\u00e9es, notamment pour d\u00e9noncer les coupures d\u2019\u00e9lectricit\u00e9 \u00e0 r\u00e9p\u00e9tition\u2026<\/strong><\/p>\n<p>Les \u00c9tats-Unis sont les principaux responsables de la situation dramatique dans laquelle se trouvent les Cubains. Washington impose depuis plus de six d\u00e9cennies des sanctions \u00e9conomiques inhumaines qui affectent tous les secteurs de la soci\u00e9t\u00e9 cubaine et constituent le <a target=\"_blank\" href=\"https:\/\/www.humanite.fr\/monde\/blocus-de-cuba\/blocus-contre-cuba-5-milliards-de-dollars-de-dommages-en-un-an\" target=\"_blank\" rel=\"noreferrer noopener\">principal obstacle au d\u00e9veloppement de l\u2019\u00eele<\/a>.<\/p>\n<p>Cuba ne peut pas acqu\u00e9rir le carburant n\u00e9cessaire pour ses centrales thermo\u00e9lectriques, ni les pi\u00e8ces de rechange indispensables \u00e0 la maintenance des infrastructures. Les \u00c9tats-Unis menacent de sanctions les armateurs et les compagnies maritimes qui acheminent du carburant \u00e0 Cuba. Par ailleurs, plusieurs entreprises, qui fournissaient des pi\u00e8ces de rechange n\u00e9cessaires \u00e0 l\u2019entretien des sites \u00e9lectriques, ont cess\u00e9 leurs \u00e9changes commerciaux avec Cuba par crainte de repr\u00e9sailles \u00e9tasuniennes.<\/p>\n<p>Les sanctions \u00e9conomiques co\u00fbtent en moyenne <a target=\"_blank\" href=\"https:\/\/www.humanite.fr\/monde\/blocus-de-cuba\/blocus-de-cuba-pour-la-32e-fois-la-havane-va-demander-la-fin-de-lasphyxie-a-lonu\" target=\"_blank\" rel=\"noreferrer noopener\">5 milliards de dollars par an<\/a>, soit 15 millions de dollars par jour, ou encore 10\u202f000 dollars par minute \u00e0 Cuba\u202f! <a target=\"_blank\" href=\"https:\/\/www.humanite.fr\/monde\/cuba\/il-y-a-cinquante-ans-les-etats-unis-decretaient-le-blocus-de-cuba\" target=\"_blank\" rel=\"noreferrer noopener\">Depuis leur imposition en 1960<\/a>, elles ont co\u00fbt\u00e9 un total de 165 milliards de dollars. Sans ces sanctions, Cuba serait l\u2019un des pays les plus prosp\u00e8res d\u2019Am\u00e9rique latine et du Tiers-Monde.<\/p>\n<p><strong>N\u2019y a -t-il pas un risque, pour le gouvernement, que les nouvelles g\u00e9n\u00e9rations \u2013 qui ont grandi et v\u00e9cu toute leur vie sous les effets de l\u2019embargo \u2013 associent leurs conditions de vie au socialisme pr\u00f4n\u00e9 par les autorit\u00e9s ? Et de ce fait s\u2019\u00e9loignent ou rejettent le projet r\u00e9volutionnaire cubain ?\u202f<\/strong><\/p>\n<p>Les Cubains poss\u00e8dent une grande culture politique et savent que les <a target=\"_blank\" href=\"https:\/\/www.humanite.fr\/monde\/blocus-de-cuba\/la-bataille-du-gouvernement-cubain-pour-redresser-leconomie\" target=\"_blank\" rel=\"noreferrer noopener\">graves difficult\u00e9s auxquelles ils sont confront\u00e9s<\/a> sont directement li\u00e9es aux <a target=\"_blank\" href=\"https:\/\/www.humanite.fr\/monde\/blocus-de-cuba\/50-verites-sur-les-sanctions-economiques-des-etats-unis-contre-cuba\" target=\"_blank\" rel=\"noreferrer noopener\">sanctions \u00e9conomiques unilat\u00e9rales<\/a> impos\u00e9es par les \u00c9tats-Unis. Cependant, pour les g\u00e9n\u00e9rations les plus jeunes qui n\u2019ont connu que la P\u00e9riode sp\u00e9ciale et ses p\u00e9nuries, les convictions peuvent parfois vaciller. En raison des difficult\u00e9s quotidiennes et du manque de perspectives, ces jeunes, dot\u00e9s d\u2019un niveau d\u2019\u00e9ducation et de formation comparable \u00e0 celui des pays les plus avanc\u00e9s, ont des attentes plus \u00e9lev\u00e9es. Le d\u00e9fi national auquel les autorit\u00e9s doivent faire face est donc \u00e9galement d\u2019ordre id\u00e9ologique.<\/p>\n<p><strong>Fomenter le d\u00e9sespoir de la population, c\u2019\u00e9tait justement le principal objectif des \u00c9tats-Unis lorsqu\u2019ils ont impos\u00e9 leurs premi\u00e8res sanctions contre Cuba, en 1960 ? \u202f<\/strong><\/p>\n<p>La rh\u00e9torique diplomatique \u00e9tasunienne justifiant le maintien d\u2019une politique hostile envers Cuba n\u2019a cess\u00e9 d\u2019\u00e9voluer au fil du temps. En 1960, lorsque Eisenhower a impos\u00e9 les premi\u00e8res mesures coercitives unilat\u00e9rales, il a motiv\u00e9 sa d\u00e9cision en \u00e9voquant la nationalisation de propri\u00e9t\u00e9s \u00e9tasuniennes. En 1962, lors que son successeur, John F. Kennedy, a d\u00e9cr\u00e9t\u00e9 des sanctions totales contre l\u2019\u00eele, il a invoqu\u00e9 l\u2019alliance avec l\u2019Union sovi\u00e9tique. Dans les ann\u00e9es 1970 et 1980, Washington a expliqu\u00e9 que le soutien de La Havane aux mouvements r\u00e9volutionnaires et ind\u00e9pendantistes \u00e0 travers le monde constituait un obstacle \u00e0 un changement de politique.<\/p>\n<p>Enfin, depuis l\u2019effondrement de l\u2019URSS, les \u00c9tats-Unis avancent la question de la d\u00e9mocratie et des droits de l\u2019homme pour prolonger leur guerre \u00e9conomique. En r\u00e9alit\u00e9, les \u00c9tats-Unis refusent de reconna\u00eetre l\u2019ind\u00e9pendance de Cuba et d\u2019accepter que l\u2019\u00eele ait choisi un syst\u00e8me politique et un mod\u00e8le socio-\u00e9conomique diff\u00e9rents.<\/p>\n<p><strong>Difficile d\u2019envisager des am\u00e9liorations avec le prochain retour de D. Trump au pouvoir\u2026\u202f<\/strong><\/p>\n<p>Lors de son arriv\u00e9e au pouvoir en 2017, Donald Trump a proc\u00e9d\u00e9 \u00e0 un revirement complet de la politique \u00e9trang\u00e8re vis-\u00e0-vis de Cuba, mettant un terme aux <a target=\"_blank\" href=\"https:\/\/www.humanite.fr\/monde\/-\/obama-leve-des-restrictions-contre-cuba-mais-pas-le-blocus\" target=\"_blank\" rel=\"noreferrer noopener\">mesures constructives prises par Barack Obama<\/a>. Au cours de sa pr\u00e9sidence, Trump a impos\u00e9 pas moins de 243 nouvelles mesures coercitives, dont 50 en pleine pand\u00e9mie de Covid-19, soit en moyenne une sanction suppl\u00e9mentaire par semaine pendant quatre ans. Il a cibl\u00e9 les trois principales sources de revenus de l\u2019\u00eele\u202f: la <a target=\"_blank\" href=\"https:\/\/www.humanite.fr\/mot-cle\/medecins-cubains\" target=\"_blank\" rel=\"noreferrer noopener\">coop\u00e9ration m\u00e9dicale internationale<\/a>, les transferts d\u2019argent de la communaut\u00e9 cubaine install\u00e9e aux \u00c9tats-Unis, et le tourisme, dans le but d\u2019\u00e9touffer l\u2019\u00eele.<\/p>\n<p>Cette recrudescence des sanctions a eu <a target=\"_blank\" href=\"https:\/\/www.humanite.fr\/monde\/blocus-de-cuba\/un-rapport-denonce-limpact-des-sanctions-americaines-sur-les-economies-de-cuba-et-du-venezuela\" target=\"_blank\" rel=\"noreferrer noopener\">un impact d\u00e9sastreux sur le bon fonctionnement de l\u2019\u00e9conomie<\/a>, cr\u00e9ant toute sorte de p\u00e9nuries, et a grandement affect\u00e9 la population cubaine, en particulier les cat\u00e9gories les plus vuln\u00e9rables. Par ailleurs, \u00e0 quelques jours de la fin de son mandat, Trump a inscrit Cuba sur <a target=\"_blank\" href=\"https:\/\/www.humanite.fr\/monde\/cuba\/cuba-terroriste-la-derniere-crasse-de-donald-trump-698622\" target=\"_blank\" rel=\"noreferrer noopener\">la liste des pays soutenant le terrorisme<\/a>. Depuis lors, plus de 1\u202f000 banques internationales ont refus\u00e9 toute collaboration avec l\u2019\u00eele, qui a un besoin crucial de cr\u00e9dits et d\u2019investissements \u00e9trangers, par crainte de repr\u00e9sailles.<\/p>\n<p>L\u2019\u00e9lection de Joe Biden en 2020 a suscit\u00e9 <a target=\"_blank\" href=\"https:\/\/www.humanite.fr\/monde\/joe-biden\/cuba-biden-dans-les-pas-de-trump-plus-que-dans-ceux-dobama-737184\" target=\"_blank\" rel=\"noreferrer noopener\">l\u2019espoir d\u2019un all\u00e8gement des sanction<\/a>s. Or, malgr\u00e9 ses engagements, Biden, qui \u00e9tait pourtant vice-pr\u00e9sident sous Obama, <a target=\"_blank\" href=\"https:\/\/www.humanite.fr\/monde\/cuba\/amerique-latine-washington-continue-dasphyxier-cuba-726323\" target=\"_blank\" rel=\"noreferrer noopener\">a d\u00e9cid\u00e9 de maintenir les principales mesures coercitives<\/a> prises par son pr\u00e9d\u00e9cesseur. Pourtant, il dispose des pr\u00e9rogatives n\u00e9cessaires pour d\u00e9manteler l\u2019essentiel du r\u00e9gime de sanctions.<\/p>\n<p>Une am\u00e9lioration des relations est difficilement envisageable avec la r\u00e9\u00e9lection de Donald Trump. Pour sa part, depuis plus de six d\u00e9cennies, Cuba a appris \u00e0 cohabiter avec cet \u00e9tat de si\u00e8ge anachronique, cruel et ill\u00e9gal, qui viole les droits fondamentaux de plus de 10 millions d\u2019habitants et qui est <a target=\"_blank\" href=\"https:\/\/www.humanite.fr\/en-debat\/blocus-de-cuba\/rejet-unanime-des-sanctions-economiques-des-etats-unis-contre-cuba\" target=\"_blank\" rel=\"noreferrer noopener\">unanimement condamn\u00e9 par la communaut\u00e9 internationale<\/a>.<\/p>\n<p>La source originale de cet article est <a target=\"_blank\" href=\"https:\/\/www.humanite.fr\/monde\/blocus-de-cuba\/cuba-les-entreprises-etrangeres-ne-fournissent-plus-les-pieces-necessaires-par-crainte-de-represailles-etasuniennes\" target=\"_blank\" rel=\"noreferrer noopener\">humanite.fr<\/a><\/p>\n<p>Copyright \u00a9 <a target=\"_blank\" href=\"https:\/\/www.mondialisation.ca\/author\/salim-lamrani\">Salim Lamrani<\/a> et <a target=\"_blank\" href=\"https:\/\/www.mondialisation.ca\/author\/luis-reygada\">Luis Reygada<\/a>, <a target=\"_blank\" href=\"https:\/\/www.humanite.fr\/monde\/blocus-de-cuba\/cuba-les-entreprises-etrangeres-ne-fournissent-plus-les-pieces-necessaires-par-crainte-de-represailles-etasuniennes\" target=\"_blank\" rel=\"noreferrer noopener\">humanite.fr<\/a>, 2024<\/p>\n<p>Tous les articles, la tribune libre et commentaires sont sous la responsabilit\u00e9 de leurs auteurs. Les Moutons Enrag\u00e9s ne sauraient \u00eatre tenus responsables de leur contenu ou orientation.<\/p>\n<\/p><\/div>\n<p><br \/>\n<br \/><a href=\"https:\/\/lesmoutonsenrages.fr\/2024\/11\/18\/cuba-les-entreprises-etrangeres-ne-fournissent-plus-les-pieces-necessaires-par-crainte-de-represailles-etasuniennes\/\" target=\"_blank\"\">Source link <\/a><\/p>\n","protected":false},"excerpt":{"rendered":"<p>Par Salim Lamrani et Luis Reygada pour humanite.fr via Mondialisation.ca Alors que l\u2019\u00eele se remet peu \u00e0 peu sur pied apr\u00e8s le passage de l\u2019ouragan Rafael, qui a notamment provoqu\u00e9&hellip; <\/p>\n","protected":false},"author":1,"featured_media":381,"comment_status":"open","ping_status":"open","sticky":false,"template":"","format":"standard","meta":{"footnotes":""},"categories":[1],"tags":[],"class_list":["post-380","post","type-post","status-publish","format-standard","has-post-thumbnail","hentry","category-non-classe"],"_links":{"self":[{"href":"https:\/\/monde25.info\/index.php\/wp-json\/wp\/v2\/posts\/380","targetHints":{"allow":["GET"]}}],"collection":[{"href":"https:\/\/monde25.info\/index.php\/wp-json\/wp\/v2\/posts"}],"about":[{"href":"https:\/\/monde25.info\/index.php\/wp-json\/wp\/v2\/types\/post"}],"author":[{"embeddable":true,"href":"https:\/\/monde25.info\/index.php\/wp-json\/wp\/v2\/users\/1"}],"replies":[{"embeddable":true,"href":"https:\/\/monde25.info\/index.php\/wp-json\/wp\/v2\/comments?post=380"}],"version-history":[{"count":0,"href":"https:\/\/monde25.info\/index.php\/wp-json\/wp\/v2\/posts\/380\/revisions"}],"wp:featuredmedia":[{"embeddable":true,"href":"https:\/\/monde25.info\/index.php\/wp-json\/wp\/v2\/media\/381"}],"wp:attachment":[{"href":"https:\/\/monde25.info\/index.php\/wp-json\/wp\/v2\/media?parent=380"}],"wp:term":[{"taxonomy":"category","embeddable":true,"href":"https:\/\/monde25.info\/index.php\/wp-json\/wp\/v2\/categories?post=380"},{"taxonomy":"post_tag","embeddable":true,"href":"https:\/\/monde25.info\/index.php\/wp-json\/wp\/v2\/tags?post=380"}],"curies":[{"name":"wp","href":"https:\/\/api.w.org\/{rel}","templated":true}]}}