{"id":3807,"date":"2025-03-05T06:01:38","date_gmt":"2025-03-05T05:01:38","guid":{"rendered":"https:\/\/monde25.info\/index.php\/2025\/03\/05\/trump-poutine-ukraine-la-guerre-nouvel-horizon-de-leurope\/"},"modified":"2025-03-05T06:01:38","modified_gmt":"2025-03-05T05:01:38","slug":"trump-poutine-ukraine-la-guerre-nouvel-horizon-de-leurope","status":"publish","type":"post","link":"https:\/\/monde25.info\/index.php\/2025\/03\/05\/trump-poutine-ukraine-la-guerre-nouvel-horizon-de-leurope\/","title":{"rendered":"Trump, Poutine, Ukraine : la guerre, nouvel horizon de l\u2019Europe\u00a0?"},"content":{"rendered":"<p> <br \/>\n<\/p>\n<div>\n<p class=\"dropcap-wrapper\"><span aria-hidden=\"true\" data-nosnippet=\"\"><span class=\"dropcap\">A<\/span>pr\u00e8s<\/span><span class=\"screen-reader-only\">Apr\u00e8s<\/span> le clash historique \u00e0 la Maison-Blanche, vendredi dernier devant les cam\u00e9ras du monde entier, Donald Trump vient de suspendre l\u2019aide militaire \u00e0 l\u2019Ukraine pour forcer son pr\u00e9sident \u00e0 signer rapidement un cessez-le-feu qu\u2019il ne lui sera pas possible de n\u00e9gocier. <\/p>\n<p>L\u2019Ukraine et son pr\u00e9sident humili\u00e9s\u00a0: la politique am\u00e9ricaine <i>\u00ab\u00a0<\/i><i>co\u00efncide largement\u00a0\u00bb <\/i>avec les objectifs russes, salue le Kremlin. <\/p>\n<p>Sous nos yeux, l\u2019histoire s\u2019acc\u00e9l\u00e8re, trois ans apr\u00e8s l\u2019invasion russe en Ukraine, et apr\u00e8s des d\u00e9cennies durant lesquelles les \u00c9tats-Unis ont servi de parapluie militaire \u00e0 l\u2019Europe. <\/p>\n<p>L\u2019Union europ\u00e9enne se mobilise dans la panique. Elle souhaite \u00e9pauler l\u2019Ukraine face \u00e0 la Russie, lui garantir un peu de s\u00e9curit\u00e9 face \u00e0 Moscou en cas de cessez-le-feu, et, si elle le peut, peser sur les n\u00e9gociations. A-t-elle les moyens de ses ambitions\u00a0? Que peut-elle imposer\u00a0? Peut-elle se passer militairement des \u00c9tats-Unis\u00a0?\u00a0<\/p>\n<p>Entrons-nous en Europe et en France dans une <i>\u00ab\u00a0\u00e9conomie de guerre\u00a0\u00bb<\/i> qui accentuera l\u2019aust\u00e9rit\u00e9\u00a0? Que veulent vraiment Trump et ses soutiens\u00a0? Quel sort pour l\u2019Ukraine\u00a0?\u00a0<\/p>\n<p><i>Une \u00e9mission pr\u00e9par\u00e9e et pr\u00e9sent\u00e9e par Mathieu Magnaudeix<\/i><\/p>\n<p>Nos invit\u00e9\u00b7es\u00a0:<i> <br \/><\/i><\/p>\n<ul>\n<li aria-level=\"1\"><b>Fabien Escalona<\/b>, journaliste \u00e0 Mediapart, co-animateur de l\u2019\u00e9mission <a target=\"_blank\" href=\"https:\/\/www.mediapart.fr\/studio\/videos\/emissions\/retex\">\u00ab\u00a0Retex\u00a0\u00bb<\/a>\u00a0;<\/li>\n<li><b>Pierre Haroche<\/b>, professeur de politique europ\u00e9enne et internationale \u00e0 l\u2019Universit\u00e9 catholique de Lille, auteur de <i>Dans la forge du monde. Comment le choc des puissances fa\u00e7onne l\u2019Europe<\/i> (Fayard)\u00a0;<\/li>\n<li><b>R\u00e9gis Gent\u00e9<\/b>, journaliste, auteur de <i>Notre homme \u00e0 Washington, Trump dans la main des Russes<\/i> (Grasset)\u00a0;<\/li>\n<li aria-level=\"1\"><b>Anna Colin Lebedev<\/b>, ma\u00eetresse de conf\u00e9rences \u00e0 l\u2019universit\u00e9 Paris-Nanterre, autrice de <i>Jamais fr\u00e8res\u00a0? Ukraine et Russie, une trag\u00e9die postsovi\u00e9tique<\/i>\u00a0(Seuil).<\/li>\n<\/ul><\/div>\n<p><br \/>\n<br \/><a href=\"https:\/\/www.mediapart.fr\/journal\/international\/040325\/trump-poutine-ukraine-la-guerre-nouvel-horizon-de-l-europe\" target=\"_blank\"\">Source link <\/a><\/p>\n","protected":false},"excerpt":{"rendered":"<p>Apr\u00e8sApr\u00e8s le clash historique \u00e0 la Maison-Blanche, vendredi dernier devant les cam\u00e9ras du monde entier, Donald Trump vient de suspendre l\u2019aide militaire \u00e0 l\u2019Ukraine pour forcer son pr\u00e9sident \u00e0 signer&hellip; <\/p>\n","protected":false},"author":1,"featured_media":3808,"comment_status":"open","ping_status":"open","sticky":false,"template":"","format":"standard","meta":{"footnotes":""},"categories":[1],"tags":[],"class_list":["post-3807","post","type-post","status-publish","format-standard","has-post-thumbnail","hentry","category-non-classe"],"_links":{"self":[{"href":"https:\/\/monde25.info\/index.php\/wp-json\/wp\/v2\/posts\/3807","targetHints":{"allow":["GET"]}}],"collection":[{"href":"https:\/\/monde25.info\/index.php\/wp-json\/wp\/v2\/posts"}],"about":[{"href":"https:\/\/monde25.info\/index.php\/wp-json\/wp\/v2\/types\/post"}],"author":[{"embeddable":true,"href":"https:\/\/monde25.info\/index.php\/wp-json\/wp\/v2\/users\/1"}],"replies":[{"embeddable":true,"href":"https:\/\/monde25.info\/index.php\/wp-json\/wp\/v2\/comments?post=3807"}],"version-history":[{"count":0,"href":"https:\/\/monde25.info\/index.php\/wp-json\/wp\/v2\/posts\/3807\/revisions"}],"wp:featuredmedia":[{"embeddable":true,"href":"https:\/\/monde25.info\/index.php\/wp-json\/wp\/v2\/media\/3808"}],"wp:attachment":[{"href":"https:\/\/monde25.info\/index.php\/wp-json\/wp\/v2\/media?parent=3807"}],"wp:term":[{"taxonomy":"category","embeddable":true,"href":"https:\/\/monde25.info\/index.php\/wp-json\/wp\/v2\/categories?post=3807"},{"taxonomy":"post_tag","embeddable":true,"href":"https:\/\/monde25.info\/index.php\/wp-json\/wp\/v2\/tags?post=3807"}],"curies":[{"name":"wp","href":"https:\/\/api.w.org\/{rel}","templated":true}]}}