{"id":3813,"date":"2025-03-05T09:23:14","date_gmt":"2025-03-05T08:23:14","guid":{"rendered":"https:\/\/monde25.info\/index.php\/2025\/03\/05\/les-regions-qui-seront-les-plus-affectees-par-le-rechauffement-climatique\/"},"modified":"2025-03-05T09:23:14","modified_gmt":"2025-03-05T08:23:14","slug":"les-regions-qui-seront-les-plus-affectees-par-le-rechauffement-climatique","status":"publish","type":"post","link":"https:\/\/monde25.info\/index.php\/2025\/03\/05\/les-regions-qui-seront-les-plus-affectees-par-le-rechauffement-climatique\/","title":{"rendered":"les r\u00e9gions qui seront les plus affect\u00e9es par le r\u00e9chauffement climatique"},"content":{"rendered":"<p> <br \/>\n<\/p>\n<div style=\"position:relative;\">\n        <picture><source type=\"image\/webp\" srcset=\"https:\/\/reporterre.net\/local\/cache-vignettes\/L720xH480\/pexels-stitch-20280089_1_-9e601.jpg@.webp?1741104118\"><img loading=\"lazy\" decoding=\"async\" src=\"https:\/\/reporterre.net\/local\/cache-vignettes\/L720xH480\/pexels-stitch-20280089_1_-9e601.jpg?1741104118\" width=\"720\" height=\"480\" alt=\"Terres cultiv\u00e9es\u00a0: les r\u00e9gions qui seront les plus affect\u00e9es par le r\u00e9chauffement climatique\" class=\"image_logo voir_logo\"\/><\/p>\n<p><\/source><\/picture>\n<p class=\"legende_logo\">Beaucoup des pays qui seront les plus touch\u00e9s par ces risques agricoles sont d\u00e9j\u00e0 des pays vuln\u00e9rables. <span class=\"copyright_logo\">&#8211; Pexels\/CC\/Aleksander Duma\u0142a<\/span><\/p>\n<p class=\"legende_logo_480\">Beaucoup des pays qui seront les plus touch\u00e9s par ces risques agricoles sont d\u00e9j\u00e0 des pays vuln\u00e9rables. <span class=\"copyright_logo\">&#8211; Pexels\/CC\/Aleksander Duma\u0142a<\/span><\/p>\n<\/p><\/div>\n<div>\n        <span class=\"date\">4 mars 2025  \u00e0 17h08<\/span><\/p>\n<p class=\"duree_lecture\">\n        Dur\u00e9e de lecture : 1 minute\n      <\/p>\n<\/p><\/div>\n<div>\n<p>Bl\u00e9, ma\u00efs, riz, pommes de terre, soja, lentilles, tomates, sorgho&#8230; Des chercheurs de l\u2019universit\u00e9 Aalto, en Finlande, ont analys\u00e9 l\u2019\u00e9volution des 30\u00a0principales cultures mondiales, selon l\u2019intensit\u00e9 du <a target=\"_blank\" href=\"Qu-est-ce-que-le-rechauffement-climatique\">changement climatique<\/a>. R\u00e9sultat\u00a0: dans les latitudes basses (Moyen-Orient et Afrique du Nord surtout) jusqu\u2019\u00e0 31<small class=\"fine d-inline\">\u00a0<\/small>% de la production de ces cultures pourrait ne plus b\u00e9n\u00e9ficier de conditions climatiques ad\u00e9quates, d\u00e8s 2 \u00b0C de r\u00e9chauffement global. Le chiffre pourrait monter \u00e0 48<small class=\"fine d-inline\">\u00a0<\/small>% \u00e0 3 \u00b0C de r\u00e9chauffement.<\/p>\n<p>Leur \u00e9tude, publi\u00e9e le 4\u00a0mars dans la <a target=\"_blank\" href=\"https:\/\/www.nature.com\/articles\/s43016-025-01135-w#Abs1\" class=\"spip_out\" rel=\"external\">revue <i>Nature Food<\/i><\/a>, d\u00e9finit les cultures comme \u00e9tant soumises \u00e0 un <i>\u00ab<small class=\"fine d-inline\">\u00a0<\/small>risque consid\u00e9rable<small class=\"fine d-inline\">\u00a0<\/small>\u00bb<\/i> lorsque 25<small class=\"fine d-inline\">\u00a0<\/small>% des zones o\u00f9 elles sont cultiv\u00e9es perdent leurs conditions climatiques actuelles (de pr\u00e9cipitations, temp\u00e9rature, aridit\u00e9). Selon cette d\u00e9finition, les chercheurs notent que les r\u00e9gions tropicales et subtropicales sont particuli\u00e8rement vuln\u00e9rables \u00e0 ce genre de risques consid\u00e9rables. \u00c0 3 \u00b0C de r\u00e9chauffement, 69<small class=\"fine d-inline\">\u00a0<\/small>% des terres cultiv\u00e9es au Moyen-Orient et en Afrique du Nord, et 60<small class=\"fine d-inline\">\u00a0<\/small>% des terres cultiv\u00e9es en Asie du Sud et en Afrique subsaharienne seraient soumises \u00e0 de tels risques, alertent-ils.<\/p>\n<p>Le bl\u00e9, le ma\u00efs, le riz et le soja, qui fournissent les deux tiers des calories \u00e0 l\u2019humanit\u00e9, figurent parmi les cultures les plus sensibles, pour tous les niveaux de r\u00e9chauffement analys\u00e9s.<\/p>\n<p>Dans les hautes latitudes, en Am\u00e9rique du Nord notamment, la situation est plus favorable et les zones de cultures propices \u00e0 la production ont plut\u00f4t tendance \u00e0 gagner du terrain et \u00e0 permettre une diversification et une adaptation au changement climatique. Beaucoup des pays des basses latitudes qui seront les plus touch\u00e9s par ces risques agricoles sont d\u00e9j\u00e0 des pays vuln\u00e9rables, ayant des difficult\u00e9s alimentaires et \u00e9conomiques, soulignent les chercheurs.<\/p>\n<aside class=\"boite_encarts\">\n<div class=\"encart encart_gris noprint\">\n<p><strong>Puisque vous \u00eates l\u00e0&#8230;<\/strong><\/p>\n<p>&#8230; nous avons un petit service \u00e0 vous demander.<br class=\"autobr\"\/><br \/>\nEntre la pr\u00e9sence d\u2019un climatosceptique \u00e0 la t\u00eate de la premi\u00e8re puissance mondiale, un gouvernement fran\u00e7ais qui flirte avec l\u2019extr\u00eame-droite, et les catastrophes climatiques qui s\u2019enchainent&#8230; Faire vivre l\u2019\u00e9cologie dans le d\u00e9bat public est un enjeu crucial.<\/p>\n<p>Personne ne modifie ce que nous publions. Nous n\u2019avons ni actionnaire, ni propri\u00e9taire milliardaire \u2014 seulement une \u00e9quipe d\u2019irr\u00e9ductibles journalistes, pleine de d\u00e9termination.<\/p>\n<p>Nous avons la conviction que l\u2019urgence \u00e9cologique est l\u2019enjeu majeur de notre \u00e9poque. Et comme plus de 2 millions de lectrices et lecteurs chaque mois, vous partagez sans doute cette conviction&#8230;<\/p>\n<p><strong>Depuis 12 ans, nous publions des articles de qualit\u00e9 sur l\u2019\u00e9cologie, en acc\u00e8s libre et sans publicit\u00e9, pour tous.<\/strong><br class=\"autobr\"\/><br \/>\nMais ce travail demande beaucoup de temps et de ressources.<\/p>\n<p>Alors, si vous en avez les moyens, sachez qu\u2019un don, m\u00eame d\u20191\u20ac, est un acte de soutien fort pour l\u2019\u00e9cologie et le journalisme ind\u00e9pendant.<br class=\"autobr\"\/><br \/>\n(Et \u00e7a vous prendra moins de temps que la lecture de ce texte).<\/p>\n<p><strong>Si vous le pouvez, choisissez un soutien mensuel. Merci.<\/strong><\/p>\n<p><a target=\"_blank\" href=\"https:\/\/reporterre.net\/dons\" class=\"bt_soutenir\">Je soutiens <i>Reporterre<\/i><\/a><\/p>\n<\/p><\/div>\n<div class=\"encart encart_vert noprint montre_1023\">\n<div class=\"infolettre-form-container noprint\">\n<p>Abonnez-vous \u00e0 la lettre d\u2019info de Reporterre<\/p>\n<\/div><\/div>\n<\/aside>\n<aside class=\"boite_apresarticle encart_note\">\n<\/aside>\n<aside class=\"boite_complement texte\">\n<p>      <!-- zone_forum --><br \/>\n          <\/aside>\n<aside class=\"boite_lireaussi noprint\">\n<\/aside>\n<aside class=\"colonne\">\n<div class=\"article_info cache_1023 noprint\">\n        <span class=\"date\">4 mars 2025  \u00e0 17h08<\/span><\/p>\n<p class=\"duree_lecture\">\n        Dur\u00e9e de lecture : 1 minute\n      <\/p>\n<\/p><\/div>\n<div class=\"bloc_infolettre\">\n<div class=\"infolettre-form-container noprint\">\n<p>Abonnez-vous \u00e0 la lettre d\u2019info de Reporterre<\/p>\n<\/div><\/div>\n<\/aside>\n<div id=\"galerie\">\n  <img decoding=\"async\" src=\"\" class=\"principale\" id=\"principale\"\/><\/p>\n<p id=\"legende\">legende<\/p>\n<\/div>\n<footer class=\"noprint\">\n<\/footer>\n<\/div>\n<p><br \/>\n<br \/><a href=\"https:\/\/reporterre.net\/Terres-cultivees-les-regions-qui-seront-les-plus-affectees-par-le-rechauffement-climatique\" target=\"_blank\"\">Source link <\/a><\/p>\n","protected":false},"excerpt":{"rendered":"<p>Beaucoup des pays qui seront les plus touch\u00e9s par ces risques agricoles sont d\u00e9j\u00e0 des pays vuln\u00e9rables. &#8211; Pexels\/CC\/Aleksander Duma\u0142a Beaucoup des pays qui seront les plus touch\u00e9s par ces&hellip; <\/p>\n","protected":false},"author":1,"featured_media":3814,"comment_status":"open","ping_status":"open","sticky":false,"template":"","format":"standard","meta":{"footnotes":""},"categories":[1],"tags":[],"class_list":["post-3813","post","type-post","status-publish","format-standard","has-post-thumbnail","hentry","category-non-classe"],"_links":{"self":[{"href":"https:\/\/monde25.info\/index.php\/wp-json\/wp\/v2\/posts\/3813","targetHints":{"allow":["GET"]}}],"collection":[{"href":"https:\/\/monde25.info\/index.php\/wp-json\/wp\/v2\/posts"}],"about":[{"href":"https:\/\/monde25.info\/index.php\/wp-json\/wp\/v2\/types\/post"}],"author":[{"embeddable":true,"href":"https:\/\/monde25.info\/index.php\/wp-json\/wp\/v2\/users\/1"}],"replies":[{"embeddable":true,"href":"https:\/\/monde25.info\/index.php\/wp-json\/wp\/v2\/comments?post=3813"}],"version-history":[{"count":0,"href":"https:\/\/monde25.info\/index.php\/wp-json\/wp\/v2\/posts\/3813\/revisions"}],"wp:featuredmedia":[{"embeddable":true,"href":"https:\/\/monde25.info\/index.php\/wp-json\/wp\/v2\/media\/3814"}],"wp:attachment":[{"href":"https:\/\/monde25.info\/index.php\/wp-json\/wp\/v2\/media?parent=3813"}],"wp:term":[{"taxonomy":"category","embeddable":true,"href":"https:\/\/monde25.info\/index.php\/wp-json\/wp\/v2\/categories?post=3813"},{"taxonomy":"post_tag","embeddable":true,"href":"https:\/\/monde25.info\/index.php\/wp-json\/wp\/v2\/tags?post=3813"}],"curies":[{"name":"wp","href":"https:\/\/api.w.org\/{rel}","templated":true}]}}