{"id":3828,"date":"2025-03-05T15:30:09","date_gmt":"2025-03-05T14:30:09","guid":{"rendered":"https:\/\/monde25.info\/index.php\/2025\/03\/05\/remettre-en-cause-le-droit-du-sol-est-une-tres-mauvaise-idee\/"},"modified":"2025-03-05T15:30:09","modified_gmt":"2025-03-05T14:30:09","slug":"remettre-en-cause-le-droit-du-sol-est-une-tres-mauvaise-idee","status":"publish","type":"post","link":"https:\/\/monde25.info\/index.php\/2025\/03\/05\/remettre-en-cause-le-droit-du-sol-est-une-tres-mauvaise-idee\/","title":{"rendered":"Remettre en cause le droit du sol est une tr\u00e8s mauvaise id\u00e9e"},"content":{"rendered":"<p> <br \/>\n<\/p>\n<div>\n<h4><strong>En s\u2019appuyant sur l\u2019importante immigration que conna\u00eet l\u2019\u00eele de Mayotte, de nombreux politiciens fran\u00e7ais, dans la roue de l\u2019extr\u00eame droite, remettent en cause le droit du sol. Or, cette id\u00e9e n\u2019apporte aucune solution aux crises sociales et cr\u00e9e une fracture entre les citoyens, \u00e9tablissant ainsi une r\u00e9elle rupture d\u2019\u00e9galit\u00e9. D\u00e9cryptage.<\/strong><\/h4>\n<p>Alimentant les pr\u00e9jug\u00e9s racistes, la remise en question du droit du sol repr\u00e9sente <strong>une attaque concr\u00e8te \u00e0 la devise r\u00e9publicaine de la France \u00ab\u00a0libert\u00e9, \u00e9galit\u00e9, fraternit\u00e9\u00a0\u00bb<\/strong>. Elle ne ferait en r\u00e9alit\u00e9 que cr\u00e9er des tensions entre les individus n\u00e9s de parents fran\u00e7ais et les autres. De fait, il s\u2019agirait l\u00e0 d\u2019<strong>une discrimination qui n\u2019aurait en outre aucun effet b\u00e9n\u00e9fique sur les probl\u00e8mes \u00e9conomiques, d\u2019int\u00e9gration ou m\u00eame de s\u00e9curit\u00e9.<\/strong><\/p>\n<h2><strong>Un droit ancestral<\/strong><\/h2>\n<p>Venant du camp qui ne cesse de nous rebattre les oreilles avec l\u2019<a target=\"_blank\" href=\"https:\/\/mrmondialisation.org\/mieux-avant-passeisme-decryptage-mythe\/\">illusoire rengaine<\/a> du \u00ab\u00a0c\u2019\u00e9tait mieux avant\u00a0\u00bb, il est ironique de voir \u00e9merger <strong>la remise en question du droit du sol qui <a target=\"_blank\" href=\"https:\/\/www.radiofrance.fr\/franceinter\/podcasts\/zoom-zoom-zen\/zoom-zoom-zen-du-jeudi-13-fevrier-2025-2573418\">remonte pourtant en France \u00e0 1515<\/a> <\/strong>sous le r\u00e8gne de Fran\u00e7ois I<sup>er<\/sup>, o\u00f9 il est instaur\u00e9 en mati\u00e8re de succession. Depuis, un enfant d\u2019immigr\u00e9 n\u00e9 en France peut alors h\u00e9riter de ses parents\u00a0; autrefois, l\u2019\u00c9tat pouvait simplement <a target=\"_blank\" href=\"https:\/\/theses.fr\/2021PESC0044\">saisir les biens<\/a> d\u2019un \u00e9tranger \u00e0 sa mort.<\/p>\n<p>C\u2019est ensuite <strong>avec la R\u00e9volution de 1789 que le concept de nationalit\u00e9 fran\u00e7aise va progressivement se dessiner.<\/strong> Les Fran\u00e7ais ne sont ainsi plus des sujets du roi, mais des citoyens. C\u2019est finalement <a target=\"_blank\" href=\"https:\/\/www.geo.fr\/histoire\/nationalite-francaise-l-evolution-tumultueuse-du-droit-du-sol-et-du-droit-du-sang-221053\">le Code civil de 1803<\/a> qui fixe concr\u00e8tement cette notion. On met en place une premi\u00e8re mouture hybride entre droit du sang et droit du sol\u00a0; <strong>toute personne de p\u00e8re fran\u00e7ais prend son nom et sa nationalit\u00e9. En outre, tout habitant n\u00e9 en France de g\u00e9niteur \u00e9tranger peut demander la nationalit\u00e9 \u00e0 ses 21 ans.<\/strong><\/p>\n<p><iframe loading=\"lazy\" title=\"L&#039;\u00e9volution tumultueuse du droit du sol et du droit du sang en France\" width=\"1110\" height=\"624\" src=\"https:\/\/www.youtube.com\/embed\/FuOVFxnJ5bg?feature=oembed\" frameborder=\"0\" allow=\"accelerometer; autoplay; clipboard-write; encrypted-media; gyroscope; picture-in-picture; web-share\" referrerpolicy=\"strict-origin-when-cross-origin\" allowfullscreen><\/iframe><\/p>\n<p>\u00c0 partir de 1851, on vote m\u00eame <a target=\"_blank\" href=\"https:\/\/www.histoire-immigration.fr\/politique-et-immigration\/qu-est-ce-que-le-droit-du-sol#:~:text=La%20loi%20du%207%20f\u00e9vrier,lui-m\u00eame%20n\u00e9%20en%20France.\">le double droit du sol<\/a> qui \u00e9tablit qu\u2019un enfant n\u00e9 en France d\u2019un p\u00e8re \u00e9tranger lui aussi n\u00e9 en France est de facto Fran\u00e7ais. Finalement, <strong>en 1889, tout individu n\u00e9 en France devient automatiquement fran\u00e7ais \u00e0 sa majorit\u00e9, sauf s\u2019il le refuse.<\/strong><\/p>\n<h2><strong>Une marotte de l\u2019extr\u00eame droite<\/strong><\/h2>\n<p>Depuis cette \u00e9poque,<strong> l\u2019extr\u00eame droite n\u2019a cess\u00e9 de remettre en cause ce droit.<\/strong> Elle a m\u00eame d\u2019ailleurs r\u00e9ussi \u00e0 <strong>l\u2019abolir quand elle arrive aux commandes sous le r\u00e9gime de Vichy de Philippe P\u00e9tain entre 1940 et 1944.<\/strong> Il sera finalement <strong>restaur\u00e9 par le gouvernement provisoire de Charles de Gaulle.<\/strong><\/p>\n<p>Dans les ann\u00e9es 80,<strong> les identitaires profitent de <a target=\"_blank\" href=\"https:\/\/www.jean-jaures.org\/publication\/1983-annee-charniere-pour-le-front-national\/\">mouvements sociaux<\/a> organis\u00e9s par des ouvriers d\u2019origine maghr\u00e9bine pour attiser le racisme dans la population.<\/strong> Petit \u00e0 petit, la question du droit du sol est remise sur la table. Comme les pr\u00e9mices des \u00e9v\u00e8nements actuels, les id\u00e9es du Front National s\u2019immiscent au sein de la droite fran\u00e7aise et en particulier du RPR (ancien nom de LR), alors au pouvoir.<\/p>\n<p><iframe loading=\"lazy\" title=\"La vraie histoire de la &quot;Marche des Beurs&quot; | #Flashback 12\" width=\"1110\" height=\"624\" src=\"https:\/\/www.youtube.com\/embed\/2wdwyWfYybk?feature=oembed\" frameborder=\"0\" allow=\"accelerometer; autoplay; clipboard-write; encrypted-media; gyroscope; picture-in-picture; web-share\" referrerpolicy=\"strict-origin-when-cross-origin\" allowfullscreen><\/iframe><\/p>\n<p><strong>Le ministre de l\u2019Int\u00e9rieur de l\u2019\u00e9poque, Charles Pasqua, qui <a target=\"_blank\" href=\"https:\/\/www.lemonde.fr\/archives\/article\/1988\/05\/01\/dans-un-entretien-accorde-a-valeurs-actuelles-m-pasqua-le-front-national-a-les-memes-valeurs-que-la-majorite_4096698_1819218.html\">assurait en 1988<\/a> que le FN avait \u00ab\u00a0les m\u00eames valeurs que la majorit\u00e9\u00a0\u00bb,<\/strong> ce qui n\u2019est pas sans rappeler les positions de Bruno Retailleau ou de G\u00e9rald Darmanin,<strong> fait d\u2019ailleurs voter une loi pour restreindre le droit du sol en 1993.<\/strong> Ainsi, \u00e0 partir de <a target=\"_blank\" href=\"https:\/\/www.ina.fr\/ina-eclaire-actu\/immigration-debre-loi-politique-pasqua\">ce moment l\u00e0<\/a>, un enfant n\u00e9 en France de parent \u00e9tranger devra faire la demande pour obtenir la nationalit\u00e9 entre ses 16 et 21 ans. <strong>Une disposition finalement abrog\u00e9e par le gouvernement Jospin, cinq ans plus tard.<\/strong><\/p>\n<h2><strong>Un droit du sol qui n\u2019a jamais \u00e9t\u00e9 automatique<\/strong><\/h2>\n<p>Dans les faits, la France a donc toujours eu un syst\u00e8me mixte entre droit du sol et droit du sang. <strong>Ainsi, <a target=\"_blank\" href=\"https:\/\/www.bbc.com\/afrique\/articles\/cdxn1yrxpj2o\">contrairement aux \u00c9tats-Unis<\/a> o\u00f9 un individu n\u00e9 dans le pays est automatiquement am\u00e9ricain, une personne n\u00e9e en France doit r\u00e9pondre \u00e0 plusieurs conditions.<\/strong><\/p>\n<p><iframe loading=\"lazy\" title=\"droit du sol et droit du sang - Karambolage - ARTE\" width=\"1110\" height=\"624\" src=\"https:\/\/www.youtube.com\/embed\/0NYiS9jCjK0?feature=oembed\" frameborder=\"0\" allow=\"accelerometer; autoplay; clipboard-write; encrypted-media; gyroscope; picture-in-picture; web-share\" referrerpolicy=\"strict-origin-when-cross-origin\" allowfullscreen><\/iframe><\/p>\n<p><strong>Si ses deux parents n\u2019ont pas la nationalit\u00e9 et ne sont pas n\u00e9s sur le territoire, alors un enfant sera consid\u00e9r\u00e9 comme \u00e9tranger jusqu\u2019\u00e0 ses 13 ans, date \u00e0 laquelle il pourra faire une demande de nationalit\u00e9 \u00e0 condition d\u2019avoir v\u00e9cu au moins 5 ans dans l\u2019hexagone.<\/strong> S\u2019il remplit cette derni\u00e8re condition, il obtiendra \u00e9galement la citoyennet\u00e9 de mani\u00e8re automatique \u00e0 sa majorit\u00e9.<\/p>\n<div class=\"td-a-rec td-a-rec-id-content_inline  tdi_1 td_block_template_1\">\n<span class=\"td-adspot-title\">&#8211; Pour une information libre ! &#8211;<\/span><a target=\"_blank\" href=\"https:\/\/fr.tipeee.com\/mr-mondialisation\" class=\"tipeee-project-small\">Soutenir Mr Japanization sur Tipeee<\/a>\n<\/div>\n<h2><strong>Le faux argument de Mayotte<\/strong><\/h2>\n<p>Lorsque les \u00e9lus du Rassemblement National, des R\u00e9publicains et de Renaissance viennent expliquer qu\u2019il faudrait remettre en cause le droit du sol \u00e0 Mayotte sous pr\u00e9texte que <strong>l\u2019acquisition de la nationalit\u00e9 fran\u00e7aise serait un appel d\u2019air pour l\u2019immigration comorienne, il est donc ais\u00e9ment compr\u00e9hensible que cette th\u00e8se est plus que fallacieuse.<\/strong><\/p>\n<p><iframe loading=\"lazy\" title=\"FIN DU DROIT DU SOL \u00c0 MAYOTTE : UN DANGER QUI MENACE TOUS NOS PRINCIPES\" width=\"1110\" height=\"624\" src=\"https:\/\/www.youtube.com\/embed\/Bq3_whwwKTg?feature=oembed\" frameborder=\"0\" allow=\"accelerometer; autoplay; clipboard-write; encrypted-media; gyroscope; picture-in-picture; web-share\" referrerpolicy=\"strict-origin-when-cross-origin\" allowfullscreen><\/iframe><\/p>\n<p><strong>Qui peut en effet imaginer que des individus planifieraient d\u2019aller accoucher dans un autre pays ill\u00e9galement tout en esp\u00e9rant y rester pendant treize longues ann\u00e9es avant de pouvoir offrir \u00e0 leur enfant la nationalit\u00e9 fran\u00e7aise\u00a0?<\/strong> L\u2019argument est d\u2019autant plus ridicule qu\u2019une loi de 2018 a <a target=\"_blank\" href=\"https:\/\/www.lemonde.fr\/idees\/article\/2024\/02\/15\/fin-du-droit-du-sol-a-mayotte-l-attractivite-de-notre-droit-de-la-nationalite-releve-assez-largement-du-mythe_6216638_3232.html\">d\u00e9j\u00e0 durci les conditions<\/a> de ce droit \u00e0 Mayotte. De plus, pour qu\u2019il s\u2019applique, il faut \u00e9galement que <strong>l\u2019un des parents r\u00e9side de mani\u00e8re r\u00e9guli\u00e8re et ininterrompue en France depuis au moins trois mois au moment de la naissance.<\/strong><\/p>\n<h2><strong>Le pied dans la porte<\/strong><\/h2>\n<p>Il n\u2019est pas tr\u00e8s compliqu\u00e9 de comprendre qu\u2019en prenant Mayotte comme pr\u00e9texte, l\u2019extr\u00eame droite et la droite fran\u00e7aise veulent en r\u00e9alit\u00e9 abolir le droit du sol sur l\u2019int\u00e9gralit\u00e9 du territoire fran\u00e7ais. <strong>Marine Le Pen l\u2019a d\u2019ailleurs clam\u00e9 <a target=\"_blank\" href=\"https:\/\/www.tf1info.fr\/politique\/videos\/video-marine-le-pen-il-faut-supprimer-le-droit-du-sol-partout-9470-2347933.html\">haut et fort<\/a> \u00ab\u00a0il faut supprimer le droit du sol partout\u00a0\u00bb.<\/strong><\/p>\n<p><iframe loading=\"lazy\" title=\"Projet de loi immigration : l\u2019extr\u00eame-droitisation en marche\" width=\"1110\" height=\"624\" src=\"https:\/\/www.youtube.com\/embed\/9L8d2In1JfU?feature=oembed\" frameborder=\"0\" allow=\"accelerometer; autoplay; clipboard-write; encrypted-media; gyroscope; picture-in-picture; web-share\" referrerpolicy=\"strict-origin-when-cross-origin\" allowfullscreen><\/iframe><\/p>\n<p><strong>En 1940, quand l\u2019extr\u00eame droite au pouvoir remettait cette disposition en cause, elle visait avant tout les juifs pour qui elle avait m\u00eame \u00e9tabli la <a target=\"_blank\" href=\"https:\/\/www.humanite.fr\/en-debat\/aurelie-trouve\/peut-on-etre-republicain-et-contre-le-droit-du-sol-2-2\">d\u00e9ch\u00e9ance de nationalit\u00e9<\/a> lorsqu\u2019ils \u00e9taient de parents \u00e9trangers.<\/strong> Aujourd\u2019hui, <a target=\"_blank\" href=\"https:\/\/www.francetvinfo.fr\/vrai-ou-fake\/vrai-ou-faux-le-rassemblement-national-est-il-l-heritier-de-waffen-ss-et-du-regime-de-vichy-comme-l-affirme-la-deputee-lfi-sarah-legrain_6601698.html\">leurs h\u00e9ritiers politiques<\/a> parlent \u00e0 <a target=\"_blank\" href=\"https:\/\/www.humanrightspulse.com\/mastercontentblog\/-la-france-nest-plus-la-france-lobsession-franaise-de-loppression\">longueur de journ\u00e9e<\/a> d\u2019immigration et d\u2019islam ;\u00a0de fait, il n\u2019y a pas de doute \u00e0 avoir sur leurs principales cibles.<\/p>\n<h2><strong>Une rupture d\u2019\u00e9galit\u00e9<\/strong><\/h2>\n<p>Quand <a target=\"_blank\" href=\"https:\/\/www.lemonde.fr\/idees\/article\/2025\/02\/17\/restreindre-le-droit-du-sol-pour-limiter-l-immigration-un-non-sens_6550317_3232.html\">G\u00e9rald Darmanin soutient<\/a> qu\u2019\u00ab\u00a0<em>\u00eatre fran\u00e7ais, \u00e7a ne peut pas \u00eatre le hasard de la naissance. \u00catre fran\u00e7ais, c\u2019est une volont\u00e9\u00a0<\/em>\u00bb, <strong>il fait pr\u00e9cis\u00e9ment une distinction entre les Fran\u00e7ais d\u2019origine \u00e9trang\u00e8re et les autres.<\/strong><\/p>\n<p><strong>Les premiers devraient ainsi prouver leur souhait d\u2019appartenir \u00e0 la nation tandis que les autres n\u2019auraient rien \u00e0 faire.<\/strong> Et pourtant en quoi les uns seraient-ils moins assujettis au \u00ab\u00a0hasard de la naissance\u00a0\u00bb que les autres\u00a0? De fait, personne ne choisit o\u00f9 il na\u00eet\u00a0; cette r\u00e9flexion absurde n\u2019a que pour but de cr\u00e9er une citoyennet\u00e9 \u00e0 deux vitesses et alimenter la suspicion sur une cat\u00e9gorie de la population.<\/p>\n<h2><strong>Les m\u00eames droits pour tous<\/strong><\/h2>\n<p><strong>Les valeurs de la R\u00e9publique fran\u00e7aise, dont la droite et l\u2019extr\u00eame droite ne cessent pourtant d\u2019hypocritement se r\u00e9clamer,<\/strong> <strong>ont toujours \u00e9tabli l\u2019\u00e9galit\u00e9 comme un point fondamental.<\/strong> La D\u00e9claration des droits de l\u2019Homme et du citoyen de 1789 affirme d\u2019ailleurs d\u00e8s son article premier que \u00ab\u00a0<em>Les Hommes naissent et demeurent libres et \u00e9gaux en droits<\/em>\u00a0\u00bb.<\/p>\n<p>Comment, dans ces conditions, <strong>parler d\u2019une v\u00e9ritable d\u00e9mocratie lorsque certains habitants du pays, qui travaillent et paient des imp\u00f4ts, n\u2019auraient pas les m\u00eames droits que tous les autres, en particulier celui de voter\u00a0?<\/strong> Comment peut-on esp\u00e9rer de cette fa\u00e7on que les individus d\u2019origine immigr\u00e9e se sentent pleinement int\u00e9gr\u00e9s \u00e0 la R\u00e9publique\u00a0si d\u00e8s le d\u00e9part on les consid\u00e8re comme des Fran\u00e7ais de seconde zone\u00a0?<\/p>\n<p><iframe loading=\"lazy\" title=\"SUITE \u00c0 UNE ERREUR, CE FRAN\u00c7AIS EST DEVENU SANS-PAPIERS\" width=\"1110\" height=\"624\" src=\"https:\/\/www.youtube.com\/embed\/dTByeOglgGg?feature=oembed\" frameborder=\"0\" allow=\"accelerometer; autoplay; clipboard-write; encrypted-media; gyroscope; picture-in-picture; web-share\" referrerpolicy=\"strict-origin-when-cross-origin\" allowfullscreen><\/iframe><\/p>\n<p>Remettre en cause le droit du sol, c\u2019est d\u2019ailleurs d\u00e9j\u00e0 faire grandir dans le c\u0153ur d\u2019un enfant de parent \u00e9tranger qu\u2019il ne serait pas un citoyen comme tout le monde. Et ce bien qu\u2019il suive la m\u00eame \u00e9cole et le m\u00eame parcours que la prog\u00e9niture de personnes fran\u00e7aises. <strong>De fait, il ne devrait pourtant pas avoir \u00e0 faire d\u2019efforts \u00ab\u00a0d\u2019int\u00e9gration\u00a0\u00bb puisqu\u2019il a v\u00e9cu toute sa vie dans le pays comme n\u2019importe qui.<\/strong><\/p>\n<h2><strong>\u00c0 la recherche d\u2019une vie meilleure<\/strong><\/h2>\n<p>Constamment pointer du doigt les \u00e9trangers ou les personnes d\u2019origine \u00e9trang\u00e8re n\u2019a en r\u00e9alit\u00e9 rien \u00e0 voir avec la nationalit\u00e9 fran\u00e7aise. Obtenir la citoyennet\u00e9 d\u2019un pays n\u2019a jamais fait de quelqu\u2019un un mod\u00e8le de vertu. <strong>Pr\u00e9tendre restreindre cet acc\u00e8s n\u2019aura par ailleurs aucun effet sur l\u2019immigration elle-m\u00eame, si ce n\u2019est celui d\u2019alimenter le sentiment d\u2019injustice entre plusieurs classes sociales.<\/strong><\/p>\n<p>Ce proc\u00e9d\u00e9 n\u2019aura en outre aucun impact sur les probl\u00e8mes sociaux ou de pauvret\u00e9, pas plus que sur la s\u00e9curit\u00e9. <strong>Lorsqu\u2019un individu quitte son pays, ce n\u2019est pas pour d\u00e9crocher un statut, mais bien pour tenter d\u2019obtenir une vie meilleure pour lui et pour ses enfants.<\/strong><\/p>\n<h2><strong>Plus d\u2019\u00e9galit\u00e9, plus de partage<\/strong><\/h2>\n<p>Revenir sur le droit du sol repose en r\u00e9alit\u00e9 sur une logique d\u00e9magogique et discriminatoire, que ce soit \u00e0 Mayotte ou sur l\u2019ensemble du territoire. Par l\u00e0, la droite et l\u2019extr\u00eame droite ne cherchent qu\u2019une seule chose\u00a0: <strong>alimenter la division au sein des classes populaires. De ce fait, ils esp\u00e8rent faire oublier que l\u2019essence m\u00eame de leur projet est avant tout fond\u00e9e sur le rejet de l\u2019alt\u00e9rit\u00e9 et la <a target=\"_blank\" href=\"https:\/\/mrmondialisation.org\/smic-chomage-retraite-le-visage-antisocial-des-droites-identitaires\/\" target=\"_blank\" rel=\"noopener\">d\u00e9fense de l\u2019\u00e9lite \u00e9conomique<\/a>.<\/strong><\/p>\n<p><strong>Or, la coh\u00e9sion nationale, la s\u00e9curit\u00e9 et des conditions sociales dignes passent, \u00e0 l\u2019inverse, par une \u00e9galit\u00e9 des droits sans distinction d\u2019ethnie, de langue, de religion ou de culture.<\/strong> De m\u00eame, pour parvenir \u00e0 cet id\u00e9al, le partage des richesses, et \u00e0 terme l\u2019abolition des classes, appara\u00eet comme une solution bien plus cr\u00e9dible.<\/p>\n<p style=\"text-align: right;\"><strong><em>\u2013 Simon Verdi\u00e8re<\/em><\/strong><\/p>\n<hr\/>\n<p>Photo de couverture : Bruno Retailleau le 12 d\u00e9cembre 2013 \u00e0 la Convention sur l\u2019Immigration : \u00ab\u00a0Politique d\u2019immigration, reprenons le contr\u00f4le\u00a0\u00bb<\/p>\n<div class=\"td-a-rec td-a-rec-id-content_bottom  tdi_2 td_block_template_1\">\n<span class=\"td-adspot-title\">&#8211; Cet article gratuit et ind\u00e9pendant existe gr\u00e2ce \u00e0 vous &#8211;<\/span><\/p>\n<div class=\"td-all-devices\">\n    <a target=\"_blank\" href=\"https:\/\/mrmondialisation.org\/donation\/\" title=\"Faire_un_don\"><img decoding=\"async\" class=\"donationArticle\" src=\"https:\/\/mrmondialisation.org\/wp-content\/uploads\/2022\/12\/220405-flikalicious-final.jpg\" alt=\"Donation\"\/><\/a>\n<\/div>\n<\/div><\/div>\n<p><br \/>\n<br \/><a href=\"https:\/\/mrmondialisation.org\/droit-sol\/\" target=\"_blank\"\">Source link <\/a><\/p>\n","protected":false},"excerpt":{"rendered":"<p>En s\u2019appuyant sur l\u2019importante immigration que conna\u00eet l\u2019\u00eele de Mayotte, de nombreux politiciens fran\u00e7ais, dans la roue de l\u2019extr\u00eame droite, remettent en cause le droit du sol. Or, cette id\u00e9e&hellip; <\/p>\n","protected":false},"author":1,"featured_media":3829,"comment_status":"open","ping_status":"open","sticky":false,"template":"","format":"standard","meta":{"footnotes":""},"categories":[1],"tags":[],"class_list":["post-3828","post","type-post","status-publish","format-standard","has-post-thumbnail","hentry","category-non-classe"],"_links":{"self":[{"href":"https:\/\/monde25.info\/index.php\/wp-json\/wp\/v2\/posts\/3828","targetHints":{"allow":["GET"]}}],"collection":[{"href":"https:\/\/monde25.info\/index.php\/wp-json\/wp\/v2\/posts"}],"about":[{"href":"https:\/\/monde25.info\/index.php\/wp-json\/wp\/v2\/types\/post"}],"author":[{"embeddable":true,"href":"https:\/\/monde25.info\/index.php\/wp-json\/wp\/v2\/users\/1"}],"replies":[{"embeddable":true,"href":"https:\/\/monde25.info\/index.php\/wp-json\/wp\/v2\/comments?post=3828"}],"version-history":[{"count":0,"href":"https:\/\/monde25.info\/index.php\/wp-json\/wp\/v2\/posts\/3828\/revisions"}],"wp:featuredmedia":[{"embeddable":true,"href":"https:\/\/monde25.info\/index.php\/wp-json\/wp\/v2\/media\/3829"}],"wp:attachment":[{"href":"https:\/\/monde25.info\/index.php\/wp-json\/wp\/v2\/media?parent=3828"}],"wp:term":[{"taxonomy":"category","embeddable":true,"href":"https:\/\/monde25.info\/index.php\/wp-json\/wp\/v2\/categories?post=3828"},{"taxonomy":"post_tag","embeddable":true,"href":"https:\/\/monde25.info\/index.php\/wp-json\/wp\/v2\/tags?post=3828"}],"curies":[{"name":"wp","href":"https:\/\/api.w.org\/{rel}","templated":true}]}}