{"id":3838,"date":"2025-03-05T18:15:44","date_gmt":"2025-03-05T17:15:44","guid":{"rendered":"https:\/\/monde25.info\/index.php\/2025\/03\/05\/a-lyon-la-derive-vers-lextreme-droite-du-simone-cafe-et-coworking-catho\/"},"modified":"2025-03-05T18:15:44","modified_gmt":"2025-03-05T17:15:44","slug":"a-lyon-la-derive-vers-lextreme-droite-du-simone-cafe-et-coworking-catho","status":"publish","type":"post","link":"https:\/\/monde25.info\/index.php\/2025\/03\/05\/a-lyon-la-derive-vers-lextreme-droite-du-simone-cafe-et-coworking-catho\/","title":{"rendered":"\u00c0 Lyon, la d\u00e9rive vers l\u2019extr\u00eame droite du Simone, caf\u00e9 et coworking catho"},"content":{"rendered":"<p> <br \/>\n<br \/>\u00c9tiquet\u00e9 jusqu\u2019\u00e0 pr\u00e9sent \u00abcatho de gauche\u00bb, le caf\u00e9 lyonnais Le Simone organise des conf\u00e9rences sur des th\u00e9matiques vari\u00e9es. Mais la reprise du bureau de l\u2019association par des b\u00e9n\u00e9voles li\u00e9s \u00e0 des mouvances traditionalistes et r\u00e9actionnaires a ent\u00e9rin\u00e9 son glissement tr\u00e8s \u00e0 droite.<br \/>\n<br \/><br \/>\n<br \/><a href=\"https:\/\/www.mediapart.fr\/journal\/france\/050325\/lyon-la-derive-vers-l-extreme-droite-du-simone-cafe-et-coworking-catho\" target=\"_blank\"\">Source link <\/a><\/p>\n","protected":false},"excerpt":{"rendered":"<p>\u00c9tiquet\u00e9 jusqu\u2019\u00e0 pr\u00e9sent \u00abcatho de gauche\u00bb, le caf\u00e9 lyonnais Le Simone organise des conf\u00e9rences sur des th\u00e9matiques vari\u00e9es. Mais la reprise du bureau de l\u2019association par des b\u00e9n\u00e9voles li\u00e9s \u00e0&hellip; <\/p>\n","protected":false},"author":1,"featured_media":3839,"comment_status":"open","ping_status":"open","sticky":false,"template":"","format":"standard","meta":{"footnotes":""},"categories":[1],"tags":[],"class_list":["post-3838","post","type-post","status-publish","format-standard","has-post-thumbnail","hentry","category-non-classe"],"_links":{"self":[{"href":"https:\/\/monde25.info\/index.php\/wp-json\/wp\/v2\/posts\/3838","targetHints":{"allow":["GET"]}}],"collection":[{"href":"https:\/\/monde25.info\/index.php\/wp-json\/wp\/v2\/posts"}],"about":[{"href":"https:\/\/monde25.info\/index.php\/wp-json\/wp\/v2\/types\/post"}],"author":[{"embeddable":true,"href":"https:\/\/monde25.info\/index.php\/wp-json\/wp\/v2\/users\/1"}],"replies":[{"embeddable":true,"href":"https:\/\/monde25.info\/index.php\/wp-json\/wp\/v2\/comments?post=3838"}],"version-history":[{"count":0,"href":"https:\/\/monde25.info\/index.php\/wp-json\/wp\/v2\/posts\/3838\/revisions"}],"wp:featuredmedia":[{"embeddable":true,"href":"https:\/\/monde25.info\/index.php\/wp-json\/wp\/v2\/media\/3839"}],"wp:attachment":[{"href":"https:\/\/monde25.info\/index.php\/wp-json\/wp\/v2\/media?parent=3838"}],"wp:term":[{"taxonomy":"category","embeddable":true,"href":"https:\/\/monde25.info\/index.php\/wp-json\/wp\/v2\/categories?post=3838"},{"taxonomy":"post_tag","embeddable":true,"href":"https:\/\/monde25.info\/index.php\/wp-json\/wp\/v2\/tags?post=3838"}],"curies":[{"name":"wp","href":"https:\/\/api.w.org\/{rel}","templated":true}]}}