{"id":3843,"date":"2025-03-05T21:35:07","date_gmt":"2025-03-05T20:35:07","guid":{"rendered":"https:\/\/monde25.info\/index.php\/2025\/03\/05\/un-etat-a-la-botte-de-m-trump-par-martin-barnay-le-monde-diplomatique-mars-2025\/"},"modified":"2025-03-05T21:35:07","modified_gmt":"2025-03-05T20:35:07","slug":"un-etat-a-la-botte-de-m-trump-par-martin-barnay-le-monde-diplomatique-mars-2025","status":"publish","type":"post","link":"https:\/\/monde25.info\/index.php\/2025\/03\/05\/un-etat-a-la-botte-de-m-trump-par-martin-barnay-le-monde-diplomatique-mars-2025\/","title":{"rendered":"Un \u00c9tat \u00e0 la botte de M. Trump, par Martin Barnay (Le Monde diplomatique, mars 2025)"},"content":{"rendered":"<p> <br \/>\n<\/p>\n<div>\n<p class=\"crayon article-surtitre-68105 surtitre\">S\u00e9curit\u00e9 nationale et diplomatie am\u00e9ricaines sous contr\u00f4le<\/p>\n<div class=\"crayon article-chapo-68105 chapo\">\n<p>Comment faire pour que l\u2019appareil gouvernemental s\u2019aligne totalement sur les projets pr\u00e9sidentiels<small class=\"fine\">\u00a0<\/small>? Instruit par les d\u00e9boires de son premier mandat, M.\u00a0Donald Trump a nomm\u00e9 des proches \u00e0 des postes-cl\u00e9s malgr\u00e9 leur inexp\u00e9rience, et mis en concurrence des cercles de conseillers plus ou moins informels. Cette d\u00e9marche d\u00e9routante pourrait tr\u00e8s vite atteindre ses limites.<\/p>\n<\/div><\/div>\n<div couleurfade=\"e5e6e8\" couleurclaire=\"e3e4e7\" couleurpale=\"bdc3da\" couleurmi=\"5f626c\" couleurfoncee=\"313e67\" couleursombre=\"17181b\" couleurfond=\"4c4e52\" couleurtexte=\"ffffff\">\n<div class=\"enapercu\">\n<figure class=\"spip_document_34209 spip_documents spip_documents_center justecol\" style=\"width:650px;\">\n<div class=\"limage\">\n<p>\t\t\t<img loading=\"lazy\" decoding=\"async\" src=\"https:\/\/www.monde-diplomatique.fr\/\/local\/cache-vignettes\/L650xH1483\/img016-55-6f2af.jpg?1740487482\" width=\"650\" height=\"1483\" class=\"spip_logos\" alt=\"JPEG - 265.3\u00a0ko\"\/><\/p><\/div><figcaption>\n<p>Heidi Kumao. \u2013 \u00ab<small class=\"fine\">\u00a0<\/small>Safe and Secure<small class=\"fine\">\u00a0<\/small>\u00bb (S\u00fbr et s\u00e9curis\u00e9), 2020<\/p>\n<p>\u00a9 Heidi Kumao &#8211; heidikumao.net\n<\/p>\n<\/figcaption><\/figure>\n<p><span class=\"mot-lettrine\"><span class=\"lettrine\">U<\/span>ne<\/span> nouvelle fois les d\u00e9clarations de M.\u00a0Donald Trump sur le Groenland, le Panam\u00e1 et le Canada ont mis en lumi\u00e8re sa conception transactionnelle des alliances, y compris transatlantiques. Son ancien conseiller \u00e0 la s\u00e9curit\u00e9 nationale, le g\u00e9n\u00e9ral Herbert Raymond McMaster, l\u2019a r\u00e9sum\u00e9e sans d\u00e9tour le 8\u00a0janvier dernier devant le Council on Foreign Relations\u00a0: M.\u00a0Trump consid\u00e8re l\u2019Union europ\u00e9enne <i>\u00ab<small class=\"fine\">\u00a0<\/small>principalement comme un concurrent \u00e9conomique<\/i> <i><small class=\"fine\">\u00a0<\/small>\u00bb.<\/i><\/p>\n<p>Le souci des usages diplomatiques n\u2019encombre pas cette vision. En t\u00e9moignent l\u2019\u00e9trange voyage du fils du pr\u00e9sident am\u00e9ricain Donald Jr. au Groenland \u2014 accueilli par des figurants coiff\u00e9s de casquettes MAGA (\u00ab<small class=\"fine\">\u00a0<\/small>Make America Great Again<small class=\"fine\">\u00a0<\/small>\u00bb), apparemment recrut\u00e9s contre la promesse d\u2019un repas chaud \u2014 ou encore l\u2019envoi en Isra\u00ebl, au lendemain de son investiture, d\u2019un vieux complice, M.\u00a0Steven Witkoff \u2014 magnat de l\u2019immobilier sans exp\u00e9rience des affaires \u00e9trang\u00e8res\u00a0\u2014, pour superviser le cessez-le-feu entre Tel-Aviv et le Hamas.<\/p>\n<p>Les premi\u00e8res nominations \u00e0 son cabinet semblent ob\u00e9ir \u00e0 la m\u00eame logique de rupture, privil\u00e9giant des figures \u00e0 son image, clivantes et sans exp\u00e9rience gouvernementale \u2014 y compris pour g\u00e9rer les relations internationales. \u00c0 la diff\u00e9rence du premier mandat de M.\u00a0Trump, o\u00f9 plusieurs de ses choix avaient \u00e9t\u00e9 rejet\u00e9s par le Congr\u00e8s, le processus de confirmation s\u2019est cette fois d\u00e9roul\u00e9 sans accroc, les s\u00e9nateurs validant \u00e0 la quasi-unanimit\u00e9 l\u2019ensemble des candidats.<\/p>\n<p>Un d\u00e9tail a retenu l\u2019attention des commentateurs \u00e0 propos du Groenland et du Panam\u00e1\u00a0: le pr\u00e9sident des \u00c9tats-Unis a justifi\u00e9 ses menaces de barri\u00e8res douani\u00e8res au nom de la <i>\u00ab<small class=\"fine\">\u00a0<\/small>s\u00e9curit\u00e9 nationale<small class=\"fine\">\u00a0<\/small>\u00bb.<\/i> Ce n\u2019est pas la premi\u00e8re fois que cette notion est invoqu\u00e9e dans un contexte semblant relever davantage du commerce ext\u00e9rieur que de la d\u00e9fense. D\u00e8s 2017, M.\u00a0Trump puis M.\u00a0Joseph Biden s\u2019en sont servis pour l\u00e9gitimer le virage protectionniste de l\u2019\u00e9conomie am\u00e9ricaine, en s\u2019appuyant sur une clause peu exploit\u00e9e de l\u2019ancien Accord g\u00e9n\u00e9ral sur les tarifs douaniers et le\u00a0(&#8230;)<\/p>\n<\/p><\/div>\n<p>Taille de l\u2019article complet\u00a0:\u00a0<span>2\u00a0450<\/span>\u00a0mots.<\/p>\n<div class=\"promo_dispo_article\">\n<h2 class=\"avantbloc\">\n\tCet article est r\u00e9serv\u00e9 aux\u00a0abonn\u00e9s<\/p>\n<\/h2>\n<div class=\"abo_inst\">\n\t<strong>Lyc\u00e9es, biblioth\u00e8ques, administrations, entreprises,<\/strong><br \/>\n\tacc\u00e9dez \u00e0 la base de donn\u00e9es en ligne de tous les articles du <i>Monde diplomatique<\/i> de 1954 \u00e0 nos\u00a0jours.<br \/>\n\t<a target=\"_blank\" id=\"pw-institutions\" class=\"suivi\" href=\"https:\/\/www.monde-diplomatique.fr\/archives\/institutions\">Retrouvez cette\u00a0offre sp\u00e9cifique<\/a>.\n<\/div>\n<\/div><\/div>\n<p><br \/>\n<br \/><a href=\"https:\/\/www.monde-diplomatique.fr\/2025\/03\/BARNAY\/68105\" target=\"_blank\"\">Source link <\/a><\/p>\n","protected":false},"excerpt":{"rendered":"<p>S\u00e9curit\u00e9 nationale et diplomatie am\u00e9ricaines sous contr\u00f4le Comment faire pour que l\u2019appareil gouvernemental s\u2019aligne totalement sur les projets pr\u00e9sidentiels\u00a0? Instruit par les d\u00e9boires de son premier mandat, M.\u00a0Donald Trump a&hellip; <\/p>\n","protected":false},"author":1,"featured_media":3844,"comment_status":"open","ping_status":"open","sticky":false,"template":"","format":"standard","meta":{"footnotes":""},"categories":[1],"tags":[],"class_list":["post-3843","post","type-post","status-publish","format-standard","has-post-thumbnail","hentry","category-non-classe"],"_links":{"self":[{"href":"https:\/\/monde25.info\/index.php\/wp-json\/wp\/v2\/posts\/3843","targetHints":{"allow":["GET"]}}],"collection":[{"href":"https:\/\/monde25.info\/index.php\/wp-json\/wp\/v2\/posts"}],"about":[{"href":"https:\/\/monde25.info\/index.php\/wp-json\/wp\/v2\/types\/post"}],"author":[{"embeddable":true,"href":"https:\/\/monde25.info\/index.php\/wp-json\/wp\/v2\/users\/1"}],"replies":[{"embeddable":true,"href":"https:\/\/monde25.info\/index.php\/wp-json\/wp\/v2\/comments?post=3843"}],"version-history":[{"count":0,"href":"https:\/\/monde25.info\/index.php\/wp-json\/wp\/v2\/posts\/3843\/revisions"}],"wp:featuredmedia":[{"embeddable":true,"href":"https:\/\/monde25.info\/index.php\/wp-json\/wp\/v2\/media\/3844"}],"wp:attachment":[{"href":"https:\/\/monde25.info\/index.php\/wp-json\/wp\/v2\/media?parent=3843"}],"wp:term":[{"taxonomy":"category","embeddable":true,"href":"https:\/\/monde25.info\/index.php\/wp-json\/wp\/v2\/categories?post=3843"},{"taxonomy":"post_tag","embeddable":true,"href":"https:\/\/monde25.info\/index.php\/wp-json\/wp\/v2\/tags?post=3843"}],"curies":[{"name":"wp","href":"https:\/\/api.w.org\/{rel}","templated":true}]}}