{"id":3845,"date":"2025-03-05T22:08:20","date_gmt":"2025-03-05T21:08:20","guid":{"rendered":"https:\/\/monde25.info\/index.php\/2025\/03\/05\/automobile-lunion-europeenne-assouplit-lobjectif-zero-emission\/"},"modified":"2025-03-05T22:08:20","modified_gmt":"2025-03-05T21:08:20","slug":"automobile-lunion-europeenne-assouplit-lobjectif-zero-emission","status":"publish","type":"post","link":"https:\/\/monde25.info\/index.php\/2025\/03\/05\/automobile-lunion-europeenne-assouplit-lobjectif-zero-emission\/","title":{"rendered":"Automobile\u00a0: l&#039;Union europ\u00e9enne assouplit l&#039;objectif \u00ab\u00a0z\u00e9ro \u00e9mission\u00a0\u00bb"},"content":{"rendered":"<p> <br \/>\n<br \/><img loading=\"lazy\" decoding=\"async\" src=\"https:\/\/reporterre.net\/local\/cache-vignettes\/L700xH467\/wheel_car_automobile_transportation_vehicle_transport_tire_drive-594948-3d84c.jpg?1741194975\" class=\"spip_logo\" width=\"700\" height=\"467\" alt=\"\" \/><\/p>\n<p>Face \u00e0 une industrie automobile \u00ab<small class=\"fine d-inline\">\u00a0<\/small>en danger de mort<small class=\"fine d-inline\">\u00a0<\/small>\u00bb \u2014 selon le vice-pr\u00e9sident de la Commission St\u00e9phane S\u00e9journ\u00e9, dans un entretien \u00e0 l&rsquo;<span class=\"caps\">AFP<\/span> \u2014 la Commission europ\u00e9enne a pr\u00e9sent\u00e9 le mercredi 5\u00a0mars un plan pour relancer le secteur. Objectif\u00a0: contrer la concurrence chinoise et accompagner la transition vers l&rsquo;\u00e9lectrique. Parmi les mesures phares\u00a0: des quotas de v\u00e9hicules \u00e9lectriques pour les flottes d&rsquo;entreprises, des incitations fiscales harmonis\u00e9es et obligation d&rsquo;int\u00e9grer des composants\u00a0(\u2026)<\/p>\n<p>                    <a target=\"_blank\" href=\"https:\/\/reporterre.net\/Automobile-l-UE-assouplit-les-objectifs-CO%E2%82%82-les-ONG-denoncent-un-cadeau-aux?utm_source=RSS&amp;utm_medium=RSS\">Lire la suite<\/a><\/p>\n<p>                    &#8211;<br \/>\n                        <a target=\"_blank\" href=\"https:\/\/reporterre.net\/Breves-20\" rel=\"directory\">En bref<\/a><\/p>\n<p>                    \/<br \/>\n                        <a target=\"_blank\" href=\"https:\/\/reporterre.net\/Transports\" rel=\"tag\">Transports<\/a><br \/>\n<br \/><br \/>\n<br \/><a href=\"https:\/\/reporterre.net\/Automobile-l-UE-assouplit-les-objectifs-CO%E2%82%82-les-ONG-denoncent-un-cadeau-aux\" target=\"_blank\"\">Source link <\/a><\/p>\n","protected":false},"excerpt":{"rendered":"<p>Face \u00e0 une industrie automobile \u00ab\u00a0en danger de mort\u00a0\u00bb \u2014 selon le vice-pr\u00e9sident de la Commission St\u00e9phane S\u00e9journ\u00e9, dans un entretien \u00e0 l&rsquo;AFP \u2014 la Commission europ\u00e9enne a pr\u00e9sent\u00e9 le&hellip; <\/p>\n","protected":false},"author":1,"featured_media":3846,"comment_status":"open","ping_status":"open","sticky":false,"template":"","format":"standard","meta":{"footnotes":""},"categories":[1],"tags":[],"class_list":["post-3845","post","type-post","status-publish","format-standard","has-post-thumbnail","hentry","category-non-classe"],"_links":{"self":[{"href":"https:\/\/monde25.info\/index.php\/wp-json\/wp\/v2\/posts\/3845","targetHints":{"allow":["GET"]}}],"collection":[{"href":"https:\/\/monde25.info\/index.php\/wp-json\/wp\/v2\/posts"}],"about":[{"href":"https:\/\/monde25.info\/index.php\/wp-json\/wp\/v2\/types\/post"}],"author":[{"embeddable":true,"href":"https:\/\/monde25.info\/index.php\/wp-json\/wp\/v2\/users\/1"}],"replies":[{"embeddable":true,"href":"https:\/\/monde25.info\/index.php\/wp-json\/wp\/v2\/comments?post=3845"}],"version-history":[{"count":0,"href":"https:\/\/monde25.info\/index.php\/wp-json\/wp\/v2\/posts\/3845\/revisions"}],"wp:featuredmedia":[{"embeddable":true,"href":"https:\/\/monde25.info\/index.php\/wp-json\/wp\/v2\/media\/3846"}],"wp:attachment":[{"href":"https:\/\/monde25.info\/index.php\/wp-json\/wp\/v2\/media?parent=3845"}],"wp:term":[{"taxonomy":"category","embeddable":true,"href":"https:\/\/monde25.info\/index.php\/wp-json\/wp\/v2\/categories?post=3845"},{"taxonomy":"post_tag","embeddable":true,"href":"https:\/\/monde25.info\/index.php\/wp-json\/wp\/v2\/tags?post=3845"}],"curies":[{"name":"wp","href":"https:\/\/api.w.org\/{rel}","templated":true}]}}