{"id":3853,"date":"2025-03-06T00:21:50","date_gmt":"2025-03-05T23:21:50","guid":{"rendered":"https:\/\/monde25.info\/index.php\/2025\/03\/06\/menace-russe-dissuasion-nucleaire-francaise-guerre-douaniere-americaine-ce-quil-faut-retenir-du-discours-demmanuel-macron\/"},"modified":"2025-03-06T00:21:50","modified_gmt":"2025-03-05T23:21:50","slug":"menace-russe-dissuasion-nucleaire-francaise-guerre-douaniere-americaine-ce-quil-faut-retenir-du-discours-demmanuel-macron","status":"publish","type":"post","link":"https:\/\/monde25.info\/index.php\/2025\/03\/06\/menace-russe-dissuasion-nucleaire-francaise-guerre-douaniere-americaine-ce-quil-faut-retenir-du-discours-demmanuel-macron\/","title":{"rendered":"\u00abMenace russe\u00bb, dissuasion nucl\u00e9aire fran\u00e7aise, guerre douani\u00e8re am\u00e9ricaine\u00a0&#8211; ce qu\u2019il faut retenir du discours d\u2019Emmanuel Macron"},"content":{"rendered":"<p> <br \/>\n<br \/><img decoding=\"async\" src=\"https:\/\/mf.b37mrtl.ru\/french\/images\/2025.03\/thumbnail\/67c8c03f6f7ccc673f2d04f4.jpeg\" \/><\/p>\n<div>\n<p class=\"text__summary\">\n                                        Le pr\u00e9sident fran\u00e7ais Emmanuel Macron s\u2019est adress\u00e9 le 5 mars \u00e0 la nation dans une intervention de 13 minutes pour \u00e9voquer la situation en Ukraine dans le contexte d\u2019un possible d\u00e9sengagement des \u00c9tats-Unis du conflit.\n                                    <\/p>\n<p>\u00abLa menace russe est l\u00e0 et touche les pays d\u2019Europe\u00bb, a estim\u00e9 le pr\u00e9sident fran\u00e7ais dans son allocution du 5 mars consacr\u00e9e\u00a0<a target=\"_blank\" href=\"https:\/\/francais.rt.com\/international\/117597-kiev-bientot-court-missiles-patriot-avec-suspension-aide-americaine\">au conflit ukrainien<\/a>. Emmanuel Macron a rappel\u00e9 que la France a soutenu l\u2019Ukraine \u00abd\u00e8s le premier jour\u00bb et de sanctionner la Russie car, pour le dirigeant fran\u00e7ais, \u00abc\u2019est aussi notre s\u00e9curit\u00e9 qui est menac\u00e9e\u00bb.<\/p>\n<p>Pour Emmanuel Macron, c\u2019est la Russie qui a fait du conflit ukrainien \u00abun conflit mondial\u00bb avec des violations des fronti\u00e8res, manipulations des \u00e9lections en Roumanie et en Moldavie, ainsi que des cyber-attaques contre les h\u00f4pitaux. Et d\u2019insister que la Russie qui augmente son potentiel militaire, ne s\u2019arr\u00eatera pas \u00e0 l\u2019Ukraine : \u00abLa Russie est devenue, au moment o\u00f9 je vous parle et pour les ann\u00e9es \u00e0 venir, une menace pour la France et pour l\u2019Europe\u00bb, a-t-il ajout\u00e9.<\/p>\n<h2>Pas de cessez-le-feu \u00abtrop fragile\u00bb en Ukraine\u00a0<\/h2>\n<p>\u00abNous devons continuer d\u2019aider les Ukrainiens \u00e0 r\u00e9sister jusqu\u2019\u00e0 ce qu\u2019ils puissent n\u00e9gocier avec la Russie une paix solide\u00bb, a d\u00e9clar\u00e9 le dirigeant fran\u00e7ais en d\u00e9plorant la suspension par\u00a0Washington de la livraison d\u2019\u00e9quipements militaires et de renseignement \u00e0 Kiev et le \u00abrapprochement\u00bb de Donald Trump et Vladimir Poutine et l\u2019absence des dirigeants europ\u00e9ens et\u00a0<a target=\"_blank\" href=\"https:\/\/francais.rt.com\/france\/117555-fillon-bat-breche-narratif-occidental-president-ukrainien\">ukrainien<\/a> \u00e0 la table des n\u00e9gociations.<\/p>\n<p>\u00abL\u2019Ukraine a droit \u00e0 la paix et la s\u00e9curit\u00e9 pour elle-m\u00eame, et c\u2019est notre int\u00e9r\u00eat et c\u2019est l\u2019int\u00e9r\u00eat de la s\u00e9curit\u00e9 du continent europ\u00e9en\u00bb, a soulign\u00e9 Emmanuel Macron. Pour ce faire il r\u00e9unira \u00e0 Paris, la semaine prochaine, les chefs d\u2019\u00e9tat-major des pays pr\u00eats \u00e0 garantir une future paix en Ukraine. Il a \u00e9galement indiqu\u00e9 qu\u2019il s\u2019agira \u00abpeut-\u00eatre\u00bb du d\u00e9ploiement du contingent europ\u00e9en en Ukraine qui n\u2019ira cependant pas se battre sur la ligne du front.\u00a0<\/p>\n<h2>\u00abNotre dissuasion nucl\u00e9aire nous prot\u00e8ge\u00bb<\/h2>\n<p>\u00abR\u00e9pondant \u00e0 l\u2019appel historique du futur chancelier allemand [Friedrich Merz], j\u2019ai d\u00e9cid\u00e9 d\u2019ouvrir\u00a0<a target=\"_blank\" href=\"https:\/\/francais.rt.com\/france\/117242-bouclier-nucleaire-europeen-france-pourrait-deployer-armes-nucleaires-alemagne\">le d\u00e9bat strat\u00e9gique<\/a> sur la protection par notre dissuasion de nos alli\u00e9s du continent europ\u00e9en\u00bb, a \u00e9galement annonc\u00e9 Emmanuel Macron en rappelant que l\u2019arsenal nucl\u00e9aire fran\u00e7ais a jou\u00e9 depuis 1964 le r\u00f4le dans\u00a0la pr\u00e9servation de la paix et de la s\u00e9curit\u00e9 en Europe.\u00a0<\/p>\n<p>Il reviendra cependant au pr\u00e9sident fran\u00e7ais de d\u00e9cider \u00abquoi qu\u2019il arrive\u00bb en mati\u00e8re d\u2019utilisation des forces nucl\u00e9aires.\u00a0<\/p>\n<h2>La guerre douani\u00e8re am\u00e9ricaine \u00abne restera pas sans r\u00e9ponse\u00bb<\/h2>\n<p>En parlant de la situation \u00e9conomique mondiale Emmanuel Macron a appel\u00e9 la France \u00e0\u00a0se pr\u00e9parer \u00e0 ce que les \u00c9tats-Unis d\u00e9cident de\u00a0<a target=\"_blank\" href=\"https:\/\/francais.rt.com\/magazines\/point-avec-alexis-poulin\/117550-taxe\">tarifs douaniers<\/a> sur les marchandises europ\u00e9ennes. Jugeant la d\u00e9cision de l\u2019administration Trump sur l\u2019imposition des tarifs d\u2018\u00abincompr\u00e9hensible\u00bb, Emmanuel Macron a tout de m\u00eame promis de \u00abtout tenter\u00bb\u00a0pour convaincre Donald Trump qu\u2019elle ferait du mal et l\u2019\u00aben dissuader\u00bb.<\/p>\n<p>\u00ab\u00c0 l\u2019aune de ce nouveau contexte\u00bb, Emmanuel Macron a d\u00e9clar\u00e9\u00a0avoir demand\u00e9 au gouvernement de faire des propositions et pr\u00e9parer une r\u00e9ponse.\u00a0<\/p>\n<\/div>\n<p><br \/>\n<br \/><a href=\"https:\/\/francais.rt.com\/france\/117598-menace-russe-dissuasion-francaise-macron\" target=\"_blank\"\">Source link <\/a><\/p>\n","protected":false},"excerpt":{"rendered":"<p>Le pr\u00e9sident fran\u00e7ais Emmanuel Macron s\u2019est adress\u00e9 le 5 mars \u00e0 la nation dans une intervention de 13 minutes pour \u00e9voquer la situation en Ukraine dans le contexte d\u2019un possible&hellip; <\/p>\n","protected":false},"author":1,"featured_media":3854,"comment_status":"open","ping_status":"open","sticky":false,"template":"","format":"standard","meta":{"footnotes":""},"categories":[1],"tags":[],"class_list":["post-3853","post","type-post","status-publish","format-standard","has-post-thumbnail","hentry","category-non-classe"],"_links":{"self":[{"href":"https:\/\/monde25.info\/index.php\/wp-json\/wp\/v2\/posts\/3853","targetHints":{"allow":["GET"]}}],"collection":[{"href":"https:\/\/monde25.info\/index.php\/wp-json\/wp\/v2\/posts"}],"about":[{"href":"https:\/\/monde25.info\/index.php\/wp-json\/wp\/v2\/types\/post"}],"author":[{"embeddable":true,"href":"https:\/\/monde25.info\/index.php\/wp-json\/wp\/v2\/users\/1"}],"replies":[{"embeddable":true,"href":"https:\/\/monde25.info\/index.php\/wp-json\/wp\/v2\/comments?post=3853"}],"version-history":[{"count":0,"href":"https:\/\/monde25.info\/index.php\/wp-json\/wp\/v2\/posts\/3853\/revisions"}],"wp:featuredmedia":[{"embeddable":true,"href":"https:\/\/monde25.info\/index.php\/wp-json\/wp\/v2\/media\/3854"}],"wp:attachment":[{"href":"https:\/\/monde25.info\/index.php\/wp-json\/wp\/v2\/media?parent=3853"}],"wp:term":[{"taxonomy":"category","embeddable":true,"href":"https:\/\/monde25.info\/index.php\/wp-json\/wp\/v2\/categories?post=3853"},{"taxonomy":"post_tag","embeddable":true,"href":"https:\/\/monde25.info\/index.php\/wp-json\/wp\/v2\/tags?post=3853"}],"curies":[{"name":"wp","href":"https:\/\/api.w.org\/{rel}","templated":true}]}}