{"id":3872,"date":"2025-03-06T08:11:46","date_gmt":"2025-03-06T07:11:46","guid":{"rendered":"https:\/\/monde25.info\/index.php\/2025\/03\/06\/leurope-annonce-son-plan-pour-la-guerre-zelensky-secrase-et-prefere-la-paix-de-trump-ledito-de-charles-sannat\/"},"modified":"2025-03-06T08:11:46","modified_gmt":"2025-03-06T07:11:46","slug":"leurope-annonce-son-plan-pour-la-guerre-zelensky-secrase-et-prefere-la-paix-de-trump-ledito-de-charles-sannat","status":"publish","type":"post","link":"https:\/\/monde25.info\/index.php\/2025\/03\/06\/leurope-annonce-son-plan-pour-la-guerre-zelensky-secrase-et-prefere-la-paix-de-trump-ledito-de-charles-sannat\/","title":{"rendered":"\u00ab L\u2019Europe annonce son plan pour la guerre\u2026 Zelensky s\u2019\u00e9crase et pr\u00e9f\u00e8re la paix de Trump ! \u00bb. L\u2019\u00e9dito de Charles SANNAT"},"content":{"rendered":"<p> <br \/>\n<\/p>\n<div>\n<p>Source <a target=\"_blank\" href=\"https:\/\/insolentiae.com\/leurope-annonce-son-plan-pour-la-guerre-zelensky-secrase-et-veut-la-paix-de-trump-ledito-de-charles-sannat\/\" data-type=\"link\" data-id=\"https:\/\/insolentiae.com\/leurope-annonce-son-plan-pour-la-guerre-zelensky-secrase-et-veut-la-paix-de-trump-ledito-de-charles-sannat\/\">INSOLENTIAE<\/a><\/p>\n<div class=\"wp-block-image\">\n<figure class=\"aligncenter size-large is-resized\"><img fetchpriority=\"high\" decoding=\"async\" width=\"393\" height=\"330\" src=\"https:\/\/lesmoutonsenrages.fr\/wp-content\/uploads\/2025\/03\/image-29-393x330.png\" alt=\"\" class=\"wp-image-165763\" style=\"width:475px;height:auto\" srcset=\"https:\/\/lesmoutonsenrages.fr\/wp-content\/uploads\/2025\/03\/image-29-393x330.png 393w, https:\/\/lesmoutonsenrages.fr\/wp-content\/uploads\/2025\/03\/image-29-250x210.png 250w, https:\/\/lesmoutonsenrages.fr\/wp-content\/uploads\/2025\/03\/image-29-150x126.png 150w, https:\/\/lesmoutonsenrages.fr\/wp-content\/uploads\/2025\/03\/image-29.png 502w\" sizes=\"(max-width: 393px) 100vw, 393px\"\/><\/figure>\n<\/div>\n<p>Mes ch\u00e8res impertinentes, chers impertinents,<\/p>\n<p>\u00ab Dieu se rit des hommes qui d\u00e9plorent les effets dont ils ch\u00e9rissent les causes \u00bb.<\/p>\n<p>Jamais cette citation n\u2019a \u00e9t\u00e9 aussi cruellement d\u2019actualit\u00e9 tant nous sommes dirig\u00e9s par des minables, pr\u00e9tentieux, violents et surtout stupides strat\u00e9giquement et g\u00e9opolitiquement parlant.<\/p>\n<p>Pour bomber le torse il faut avoir les moyens de ses ambitions et de ses ind\u00e9pendances.<\/p>\n<p>Ceux qui aujourd\u2019hui expliquent au pauvre Zelensky qu\u2019ils vont le soutenir \u00e0 la place des Etats-Unis d\u2019Am\u00e9rique sont les m\u00eames qui ont d\u00e9truit depuis 30 ans toutes nos capacit\u00e9s industrielles, de production, militaires, ils ont d\u00e9truit le patriotisme et les nations. Ils ont tout d\u00e9truit et veulent partir en guerre s\u2019imaginant qu\u2019ils peuvent inventer des chars \u00e9lectriques imprim\u00e9s en 3D et livr\u00e9s en \u201cprime\u201d par Amazon.<\/p>\n<p><span id=\"more-165762\"\/><\/p>\n<p>Bande de tristes clowns m\u00e9prisables.<\/p>\n<p><strong>Reprenons la chronologie passionnante des \u00e9v\u00e8nements.<\/strong><\/p>\n<p>1\/ Zelensky pouss\u00e9 et pi\u00e9g\u00e9 par ce qu\u2019il reste de mondialistes en Europe s\u2019oppose \u00e0 Trump \u00e0 la Maison Blanche.<\/p>\n<p>2\/ Les Europ\u00e9ens s\u2019agitent en Europ\u00e9ens, nous allons voir ce que nous allons voir ! Macron en m\u00e2le Alpha bombe le torse sans jamais avoir pos\u00e9 son auguste post\u00e9rieur dans une caserne et encore moins dans une tranch\u00e9e ukrainienne.<\/p>\n<p>3\/ Ursula van der Leyen annonce son plan d\u2019aide \u00e0 l\u2019Ukraine de 800 milliards d\u2019euros.<\/p>\n<p>4\/ Face \u00e0 cette aide Zelensky se pr\u00e9cipite pour demander la paix \u00e0 Trump en disant d\u2019accord, comme vous voulez grand chef \u00e0 plumes.<\/p>\n<figure class=\"wp-block-embed is-type-rich is-provider-twitter wp-block-embed-twitter\"\/>\n<p>Pourquoi ce revirement ?<\/p>\n<p>Simple.<\/p>\n<p><strong>Le plan europ\u00e9en est totalement bidon !<\/strong><\/p>\n<p>Voici ce que nous raconte Cruella von der Leyen.<\/p>\n<figure class=\"wp-block-embed is-type-rich is-provider-twitter wp-block-embed-twitter\">\n<div class=\"wp-block-embed__wrapper\">\n<blockquote class=\"twitter-tweet\" data-width=\"550\" data-dnt=\"true\">\n<p lang=\"en\" dir=\"ltr\">We are living in dangerous times.<\/p>\n<p>Europe\u2018s security is threatened in a very real way.<\/p>\n<p>Today I present ReArm Europe.<\/p>\n<p>A plan for a safer and more resilient Europe \u2193 <a target=\"_blank\" href=\"https:\/\/t.co\/CYTytB5ZMk\">https:\/\/t.co\/CYTytB5ZMk<\/a><\/p>\n<p>\u2014 Ursula von der Leyen (@vonderleyen) <a target=\"_blank\" href=\"https:\/\/twitter.com\/vonderleyen\/status\/1896839432021463265?ref_src=twsrc%5Etfw\">March 4, 2025<\/a><\/p><\/blockquote>\n<\/div>\n<\/figure>\n<p>Pour la faire courte nous vivons des temps dangereux houlalalala\u2026 Tremblez brave gens, taisez-vous, ne pensez pas, et ob\u00e9issez.<\/p>\n<p><strong>Elle a donc annonc\u00e9 un plan gigantesque de 800 milliards d\u2019euros.<\/strong><\/p>\n<p>Ce plan est constitu\u00e9 des fonds que chaque pays europ\u00e9en voudra bien consacrer \u00e0 sa d\u00e9fense et autorise 1.5 % de d\u00e9ficit du PIB qui ne seront pas compatibilis\u00e9s dans la dette au sens du pacte de stabilit\u00e9.<\/p>\n<p>Le probl\u00e8me vous l\u2019avez compris, c\u2019est qu\u2019il n\u2019y a pas la queue d\u2019un rond.<\/p>\n<p>Le probl\u00e8me c\u2019est qu\u2019il n\u2019y a pas la queue d\u2019une usine.<\/p>\n<p>Le probl\u00e8me c\u2019est qu\u2019il n\u2019y a pas la queue d\u2019un stock de munitions et on arrive \u00e0 peine \u00e0 relancer notre usine de poudre de Bergerac que j\u2019ai vu tourner \u00e0 plein r\u00e9gime quand j\u2019\u00e9tais gamin, fermer quand j\u2019\u00e9tais adolescent et vaguement rouverte \u00e0 50 ans.<\/p>\n<p><strong>Zelensky a compris qu\u2019il n\u2019y avait pas la queue d\u2019une aide possible autre qu\u2019am\u00e9ricaine.\u00a0<\/strong><\/p>\n<p>C\u2019est aussi simple que cela.<\/p>\n<p>Le probl\u00e8me des \u201ccoup\u00e9s du r\u00e9el\u201d qui nous dirigent c\u2019est qu\u2019ils pensent dans une autre r\u00e9alit\u00e9 et se pensent si brillants.<\/p>\n<p>Vous vous souvenez quand ils ont voulu d\u00e9caler les moissons pour fermer la Seine aux p\u00e9niches pendant les JO ?<\/p>\n<p>Et bien l\u00e0 c\u2019est pareil.<\/p>\n<p>Ils pensent pouvoir faire comme les Am\u00e9ricains alors qu\u2019ils ont eux-m\u00eames vendu toutes nos industries \u00e0 ces m\u00eames Am\u00e9ricains.<\/p>\n<p>Ils pensent pouvoir imprimer des chars \u00e9lectriques en 3D dans un entrep\u00f4t Amazon avec un bilan carbone net z\u00e9ro.<\/p>\n<p>Alors Zelensky finira par se souvenir qu\u2019il n\u2019est qu\u2019un modeste acteur jouant du piano debout avec son zizi ce qui n\u2019est pas tr\u00e8s Churchillien si vous voyez ce que je veux dire, il finira pas partir et sera accueilli comme un faux h\u00e9ro en France qui lui donnera asile.<\/p>\n<p>Car, ne vous trompez pas mes amis.<\/p>\n<p>Ce n\u2019est pas la guerre de la France.<\/p>\n<p>Ce n\u2019est pas plus, contrairement \u00e0 ce que tout le monde pense, la guerre de l\u2019Ukraine contre la Russie.<\/p>\n<p>La v\u00e9rit\u00e9.<\/p>\n<p>La terrible, l\u2019effrayant v\u00e9rit\u00e9, c\u2019est que c\u2019est la guerre des Etats-Unis d\u2019Am\u00e9rique contre la Russie par Ukrainiens interpos\u00e9s.<\/p>\n<p>Cette guerre a \u00e9t\u00e9 entam\u00e9e par Biden, par l\u2019Am\u00e9rique mondialiste, agressive, la vraie Am\u00e9rique m\u00e9chante, celle des n\u00e9ocons qui apportent la guerre et les destructions partout dans le monde sous pr\u00e9texte du 11 septembre 2001 et de sa guerre contre le terrorisme.<\/p>\n<p>C\u2019est cette guerre de l\u2019Am\u00e9rique contre le reste du monde que l\u2019Am\u00e9rique de Trump tente de finir.<\/p>\n<p>Evidemment, la Russie, la Chine et tous les pays non infest\u00e9s par la clique mondialiste et destructrice voient cela d\u2019un bon oeil.<\/p>\n<p>Vous savez donc d\u00e9sormais dans quel case ranger tous ceux qui b\u00ealent pour la guerre. Soit des bougres d\u2019\u00e2nes\u2026 soit des destructeurs.<\/p>\n<p>Il est d\u00e9j\u00e0 trop tard, mais tout n\u2019est pas perdu.<\/p>\n<p>Pr\u00e9parez-vous !<\/p>\n<p>Charles SANNAT<\/p>\n<p>Tous les articles, la tribune libre et commentaires sont sous la responsabilit\u00e9 de leurs auteurs. Les Moutons Enrag\u00e9s ne sauraient \u00eatre tenus responsables de leur contenu ou orientation.<\/p>\n<\/p><\/div>\n<p><script async src=\"\/\/platform.twitter.com\/widgets.js\" charset=\"utf-8\"><\/script><br \/>\n<br \/><br \/>\n<br \/><a href=\"https:\/\/lesmoutonsenrages.fr\/2025\/03\/06\/leurope-annonce-son-plan-pour-la-guerre-zelensky-secrase-et-prefere-la-paix-de-trump-ledito-de-charles-sannat\/\" target=\"_blank\"\">Source link <\/a><\/p>\n","protected":false},"excerpt":{"rendered":"<p>Source INSOLENTIAE Mes ch\u00e8res impertinentes, chers impertinents, \u00ab Dieu se rit des hommes qui d\u00e9plorent les effets dont ils ch\u00e9rissent les causes \u00bb. Jamais cette citation n\u2019a \u00e9t\u00e9 aussi cruellement&hellip; <\/p>\n","protected":false},"author":1,"featured_media":3873,"comment_status":"open","ping_status":"open","sticky":false,"template":"","format":"standard","meta":{"footnotes":""},"categories":[1],"tags":[],"class_list":["post-3872","post","type-post","status-publish","format-standard","has-post-thumbnail","hentry","category-non-classe"],"_links":{"self":[{"href":"https:\/\/monde25.info\/index.php\/wp-json\/wp\/v2\/posts\/3872","targetHints":{"allow":["GET"]}}],"collection":[{"href":"https:\/\/monde25.info\/index.php\/wp-json\/wp\/v2\/posts"}],"about":[{"href":"https:\/\/monde25.info\/index.php\/wp-json\/wp\/v2\/types\/post"}],"author":[{"embeddable":true,"href":"https:\/\/monde25.info\/index.php\/wp-json\/wp\/v2\/users\/1"}],"replies":[{"embeddable":true,"href":"https:\/\/monde25.info\/index.php\/wp-json\/wp\/v2\/comments?post=3872"}],"version-history":[{"count":0,"href":"https:\/\/monde25.info\/index.php\/wp-json\/wp\/v2\/posts\/3872\/revisions"}],"wp:featuredmedia":[{"embeddable":true,"href":"https:\/\/monde25.info\/index.php\/wp-json\/wp\/v2\/media\/3873"}],"wp:attachment":[{"href":"https:\/\/monde25.info\/index.php\/wp-json\/wp\/v2\/media?parent=3872"}],"wp:term":[{"taxonomy":"category","embeddable":true,"href":"https:\/\/monde25.info\/index.php\/wp-json\/wp\/v2\/categories?post=3872"},{"taxonomy":"post_tag","embeddable":true,"href":"https:\/\/monde25.info\/index.php\/wp-json\/wp\/v2\/tags?post=3872"}],"curies":[{"name":"wp","href":"https:\/\/api.w.org\/{rel}","templated":true}]}}