{"id":3874,"date":"2025-03-06T09:50:29","date_gmt":"2025-03-06T08:50:29","guid":{"rendered":"https:\/\/monde25.info\/index.php\/2025\/03\/06\/imerys-le-geant-minier-accuse-de-pollutions-et-descroquerie\/"},"modified":"2025-03-06T09:50:29","modified_gmt":"2025-03-06T08:50:29","slug":"imerys-le-geant-minier-accuse-de-pollutions-et-descroquerie","status":"publish","type":"post","link":"https:\/\/monde25.info\/index.php\/2025\/03\/06\/imerys-le-geant-minier-accuse-de-pollutions-et-descroquerie\/","title":{"rendered":"Imerys, le g\u00e9ant minier accus\u00e9 de pollutions et d\u2019escroquerie"},"content":{"rendered":"<p> <br \/>\n<\/p>\n<div>\n<p>En France, Imerys se <a target=\"_blank\" href=\"https:\/\/www.imerys.com\/fr\/responsabilite\" class=\"spip_out\" rel=\"external\">positionne<\/a> comme faisant partie des <i>\u00ab<small class=\"fine d-inline\">\u00a0<\/small>leaders du secteur minier en mati\u00e8re de durabilit\u00e9<small class=\"fine d-inline\">\u00a0<\/small>\u00bb<\/i>. Avec le projet d\u2019ouverture d\u2019une mine de lithium destin\u00e9e \u00e0 la production de batteries \u00e9lectriques, dans le sud du d\u00e9partement de l\u2019Allier, la multinationale, h\u00e9riti\u00e8re de la branche m\u00e9tal du groupe Rothschild fond\u00e9e en 1880, est devenue la vitrine de la relance mini\u00e8re dans l\u2019Hexagone.<\/p>\n<p>Au moment o\u00f9 d\u00e9bute l\u2019enqu\u00eate publique sur l\u2019ouverture de cette m\u00e9gamine fran\u00e7aise, le scandale entourant un complexe minier amazonien rattrape la multinationale. Depuis d\u00e9but f\u00e9vrier, a r\u00e9v\u00e9l\u00e9 le magazine <i><a target=\"_blank\" href=\"https:\/\/www.challenges.fr\/entreprise\/un-fonds-americain-assigne-imerys-pour-dissimulation-frauduleuse-a-paris_598606\" class=\"spip_out\" rel=\"external\">Challenges<\/a><\/i>, Imerys est poursuivi par un fonds d\u2019investissement \u00e9tasunien, le groupe Flacks, pour <i>\u00ab<small class=\"fine d-inline\">\u00a0<\/small>dissimulation frauduleuse<small class=\"fine d-inline\">\u00a0<\/small>\u00bb<\/i>. Selon Flacks, contact\u00e9 par <i>Reporterre<\/i>, l\u2019entreprise aurait vendu ses exploitations de kaolin en dissimulant qu\u2019elles seraient \u00e0 l\u2019origine d\u2019un <i>\u00ab<small class=\"fine d-inline\">\u00a0<\/small>d\u00e9sastre humanitaire<small class=\"fine d-inline\">\u00a0<\/small>\u00bb<\/i> d\u00fb aux <i>\u00ab<small class=\"fine d-inline\">\u00a0<\/small>mauvaises pratiques de l\u2019entreprise mini\u00e8re<small class=\"fine d-inline\">\u00a0<\/small>\u00bb<\/i>. La premi\u00e8re audience se tiendra le 3\u00a0avril au tribunal de commerce de Paris.<\/p>\n<p>L\u2019affaire nous emm\u00e8ne en Amazonie, dans l\u2019\u00c9tat du Par\u00e1, dans le nord-est du Br\u00e9sil. Depuis 1996, Imerys y exploite des mines de kaolin \u2014 un min\u00e9ral blanc utilis\u00e9 entre autres pour produire des pigments qui font briller le papier et les emballages \u2014 dans la for\u00eat tropicale. Deux pipelines de 200 kilom\u00e8tres l\u2019acheminent jusqu\u2019\u00e0 Barcarena, une ville de 125\u00a0000 habitants \u00e0 l\u2019embouchure du fleuve Amazone, o\u00f9 l\u2019entreprise exploitait encore il y a peu un terminal portuaire et deux usines de transformation.<\/p>\n<div class=\"spip_document_89189 spip_document spip_documents spip_document_image spip_documents_center spip_document_center spip_document_avec_legende\" data-legende-len=\"182\" data-legende-lenx=\"xxx\">\n<figure class=\"spip_doc_inner\">\n      <picture><source type=\"image\/webp\" srcset=\"https:\/\/reporterre.net\/local\/cache-vignettes\/L1050xH700\/1foraimeysdec2021-19307.png@.webp?1741193063\"><img decoding=\"async\" src=\"https:\/\/reporterre.net\/IMG\/png\/1foraimeysdec2021.png\" width=\"1200\" height=\"800\" loading=\"lazy\" alt=\"\"\/><br \/>\n    <\/source><\/picture><figcaption class=\"spip_doc_legende\">\n<p>\u00ab<small class=\"fine d-inline\">\u00a0<\/small><small class=\"fine d-inline\">\u00a0<\/small>On veut la justice, Imerys dehors<small class=\"fine d-inline\">\u00a0<\/small><small class=\"fine d-inline\">\u00a0<\/small>!<small class=\"fine d-inline\">\u00a0<\/small><small class=\"fine d-inline\">\u00a0<\/small>\u00bb Rencontre d\u2019habitants \u00e0 Barcarena juste apr\u00e8s l\u2019incendie de l\u2019entrep\u00f4t d\u2019Imerys en d\u00e9cembre 2021.<br \/>\n<i>Rapport de l\u2019assembl\u00e9e l\u00e9gislative du Par\u00e1<br \/>\n<\/i><\/p>\n<\/figcaption><\/figure>\n<\/p><\/div>\n<h2 class=\"spip\">Imerys cherche-t-il \u00e0 \u00e9chapper aux cons\u00e9quences de sa pollution<small class=\"fine d-inline\">\u00a0<\/small>?<\/h2>\n<p>En juillet 2024, Imerys a vendu \u00e0 Flacks ces sites de production regroup\u00e9s au sein d\u2019une nouvelle filiale baptis\u00e9e Artemyn. Une semaine apr\u00e8s la signature, le 12\u00a0juillet, les autorit\u00e9s de l\u2019\u00c9tat ont inform\u00e9 Flacks qu\u2019elles venaient de faire fermer les mines de kaolin\u00a0: Imerys n\u2019a pas respect\u00e9 les droits des populations amazoniennes et n\u2019avait plus d\u2019autorisation environnementale.<\/p>\n<p>Le fonds d\u2019investissement accuse Imerys de l\u2019avoir <i>\u00ab<small class=\"fine d-inline\">\u00a0<\/small>flou\u00e9 de bout en bout<small class=\"fine d-inline\">\u00a0<\/small>\u00bb<\/i> en dissimulant la situation. Ce dernier affirme avoir c\u00e9d\u00e9 ces actifs pour <i>\u00ab<small class=\"fine d-inline\">\u00a0<\/small>concentrer sa strat\u00e9gie sur des march\u00e9s de sp\u00e9cialit\u00e9 comme la transition \u00e9nerg\u00e9tique<small class=\"fine d-inline\">\u00a0<\/small>\u00bb<\/i>. Mais le groupe Flacks se dit <i>\u00ab<small class=\"fine d-inline\">\u00a0<\/small>totalement convaincu<small class=\"fine d-inline\">\u00a0<\/small>\u00bb<\/i> qu\u2019Imerys cherche en fait \u00e0 \u00e9chapper aux cons\u00e9quences de ses trente ans d\u2019activit\u00e9 au nord-est du Br\u00e9sil.<\/p>\n<blockquote class=\"spip\">\n<p>\u00ab<small class=\"fine d-inline\">\u00a0<\/small>Toute vie aquatique a disparu<small class=\"fine d-inline\">\u00a0<\/small>\u00bb<\/p>\n<\/blockquote>\n<p><i>\u00ab<small class=\"fine d-inline\">\u00a0<\/small>Ce qui est surprenant, c\u2019est que les installations d\u2019Imerys n\u2019aient pas \u00e9t\u00e9 mises \u00e0 l\u2019arr\u00eat plus t\u00f4t<small class=\"fine d-inline\">\u00a0<\/small>\u00bb<\/i>, dit Marcel Hazeu, chercheur en sciences de l\u2019environnement, interrog\u00e9 par <i>Reporterre<\/i>. Responsable du groupe de recherche Soci\u00e9t\u00e9, territoire et r\u00e9sistance en Amazonie, rattach\u00e9 \u00e0 l\u2019Universit\u00e9 f\u00e9d\u00e9rale de Par\u00e1, il documente depuis douze ans avec son \u00e9quipe les <i>\u00ab<small class=\"fine d-inline\">\u00a0<\/small>crimes socio-environnementaux<small class=\"fine d-inline\">\u00a0<\/small>\u00bb<\/i> de l\u2019entreprise. Imerys a caus\u00e9 plus de vingt accidents en vingt ans. L\u2019entreprise est vis\u00e9e par 169\u00a0plaintes pour pollution, infraction au droit du travail ou non-respect des droits des peuples autochtones.<\/p>\n<div class=\"spip_document_89185 spip_document spip_documents spip_document_image spip_documents_center spip_document_center spip_document_avec_legende\" data-legende-len=\"151\" data-legende-lenx=\"xxx\">\n<figure class=\"spip_doc_inner\">\n      <picture><source type=\"image\/webp\" srcset=\"https:\/\/reporterre.net\/local\/cache-vignettes\/L1050xH700\/4-91-191fb.jpg@.webp?1741193173\"><img decoding=\"async\" src=\"https:\/\/reporterre.net\/IMG\/jpg\/4-91.jpg\" width=\"1200\" height=\"800\" loading=\"lazy\" alt=\"\"\/><br \/>\n    <\/source><\/picture><figcaption class=\"spip_doc_legende\">\n<p>Pollution des eaux apr\u00e8s la rupture d\u2019un ol\u00e9oduc qui transporte du kaolin vers l\u2019usine de traitement, en 2011.<br \/>\n<i>Laquanam \/ Universit\u00e9 f\u00e9d\u00e9rale du Par\u00e1<br \/>\n<\/i><\/p>\n<\/figcaption><\/figure>\n<\/p><\/div>\n<p>\u00c0 Barcarena, le quartier de Vila\u00a0do\u00a0Cond\u00e9 est travers\u00e9 de toutes parts par les rivi\u00e8res et habit\u00e9 depuis des si\u00e8cles par des <i>ribeirinhos<\/i>, des communaut\u00e9s traditionnelles de p\u00eacheurs install\u00e9es dans des maisons sur pilotis sur les rives. Certaines sont des <a target=\"_blank\" href=\"https:\/\/reporterre.net\/Au-Bresil-des-descendants-d-esclaves-protegent-un-ecosysteme-unique\">quilombos<\/a>, fond\u00e9es par d\u2019anciens esclaves africains qui ont combattu et fui les plantations. D\u2019autres sont habit\u00e9es par des peuples autochtones. Depuis l\u2019arriv\u00e9e d\u2019Imerys, ces communaut\u00e9s vivent parfois \u00e0 quelques centaines de m\u00e8tres d\u2019immenses barrages o\u00f9 ses deux usines \u2014\u00a0Rio Capim Caulim et Par\u00e1 Pigmentos\u00a0\u2014 d\u00e9versent leurs d\u00e9chets, des r\u00e9sidus semi-liquides issus de la transformation du kaolin.<\/p>\n<p>R\u00e9guli\u00e8rement, les rivi\u00e8res et les fleuves de Barcarena deviennent blancs et des poissons flottent \u00e0 la surface. Aux fuites et d\u00e9bordements peuvent s\u2019ajouter des ruptures de barrages\u00a0: en 2007, quand l\u2019une des digues retenant les r\u00e9sidus s\u2019est rompue, ce sont plus de 200\u00a0000\u00a0m<sup>3<\/sup> d\u2019eaux contamin\u00e9es ont d\u00e9ferl\u00e9 dans les cours d\u2019eau. En mai 2014, le minist\u00e8re public de l\u2019\u00c9tat a recens\u00e9 cinq d\u00e9versements accidentels en moins de quinze jours.<\/p>\n<h2 class=\"spip\">Des \u00ab<small class=\"fine d-inline\">\u00a0<\/small>\u00e9l\u00e9ments toxiques<small class=\"fine d-inline\">\u00a0<\/small>\u00bb dans les rivi\u00e8res<\/h2>\n<p><i>\u00ab<small class=\"fine d-inline\">\u00a0<\/small>\u00c9tant donn\u00e9s tous les accidents d\u2019Imerys, on peut consid\u00e9rer les rivi\u00e8res Dend\u00ea et Curuper\u00e9 comme impropres \u00e0 toute activit\u00e9 humaine<small class=\"fine d-inline\">\u00a0<\/small>\u00bb<\/i>, a r\u00e9sum\u00e9 Simone Pereira, chimiste \u00e0 l\u2019Universit\u00e9 f\u00e9d\u00e9rale du Par\u00e1, interview\u00e9e par <i>Reporterre<\/i>. Son laboratoire de chimie environnementale (Laquanam) a \u00e9t\u00e9 appel\u00e9 \u00e0 plusieurs reprises pour analyser l\u2019eau apr\u00e8s des d\u00e9versements.<\/p>\n<p><i>\u00ab<small class=\"fine d-inline\">\u00a0<\/small>Imerys nie ses d\u00e9g\u00e2ts en r\u00e9p\u00e9tant que le kaolin est \u201cinerte\u201d [il ne subit aucune modification dans le temps] et \u201cnon dangereux\u201d<\/i>, explique-t-elle. <i>Mais \u00e0 cause de l\u2019acide sulfurique utilis\u00e9 dans le traitement, ces effluents sont tr\u00e8s acides, ce qui fait dispara\u00eetre toute vie aquatique. Ils contiennent aussi des \u00e9l\u00e9ments toxiques, comme le baryum<small class=\"fine d-inline\">\u00a0<\/small>\u00bb<\/i>, dont l\u2019exposition chronique peut provoquer des maladies respiratoires et art\u00e9rielles.<\/p>\n<div class=\"spip_document_89187 spip_document spip_documents spip_document_image spip_documents_center spip_document_center spip_document_avec_legende\" data-legende-len=\"88\" data-legende-lenx=\"xx\">\n<figure class=\"spip_doc_inner\">\n      <picture><source type=\"image\/webp\" srcset=\"https:\/\/reporterre.net\/local\/cache-vignettes\/L1050xH700\/7-63-f30bb.jpg@.webp?1741193063\"><img decoding=\"async\" src=\"https:\/\/reporterre.net\/IMG\/jpg\/7-63.jpg\" width=\"1200\" height=\"800\" loading=\"lazy\" alt=\"\"\/><br \/>\n    <\/source><\/picture><figcaption class=\"spip_doc_legende\">\n<p>Une coul\u00e9e de r\u00e9sidus toxiques caus\u00e9e par la rupture de la digue d\u2019un bassin, en 2007.\n<\/p>\n<\/figcaption><\/figure>\n<\/p><\/div>\n<p>Depuis 2007, apr\u00e8s chaque accident, le minist\u00e8re public de l\u2019\u00c9tat du Par\u00e1 ordonne \u00e0 Imerys de prendre des mesures imm\u00e9diates pour s\u00e9curiser ses installations et de fournir de l\u2019eau et de la nourriture aux communaut\u00e9s. En 2007, selon Simone Pereira, Imerys s\u2019est content\u00e9 de forer un puits \u2014 sans traiter l\u2019eau. <i>\u00ab<small class=\"fine d-inline\">\u00a0<\/small>Apr\u00e8s analyse, nous avons constat\u00e9 que l\u2019eau fournie par l\u2019entreprise n\u2019\u00e9tait pas potable<small class=\"fine d-inline\">\u00a0<\/small>\u00bb<\/i>, dit la chimiste. Qui a signal\u00e9 plusieurs fois qu\u2019Imerys n\u2019a jamais install\u00e9 de syst\u00e8me pour traiter les m\u00e9taux lourds dans ses rejets, d\u00e9vers\u00e9s directement dans le fleuve Par\u00e1.<\/p>\n<p>En octobre 2016, quand les rivi\u00e8res ont de nouveau vir\u00e9 au blanc, le minist\u00e8re public de l\u2019\u00c9tat a constat\u00e9 qu\u2019Imerys avait tent\u00e9 de dissimuler l\u2019accident, en ne communiquant qu\u2019apr\u00e8s y avoir \u00e9t\u00e9 oblig\u00e9 par l\u2019alerte donn\u00e9e par les habitants. Il notait aussi, qu\u2019<i>\u00ab<small class=\"fine d-inline\">\u00a0<\/small>\u00e0 nouveau, la soci\u00e9t\u00e9 Imerys a pr\u00e9sent\u00e9 de fausses informations sur les causes et les cons\u00e9quences de la fuite, ce qui aggrave le probl\u00e8me du manque de fiabilit\u00e9 de son fonctionnement<small class=\"fine d-inline\">\u00a0<\/small>\u00bb<\/i><span class=\"spip_note_ref\">\u00a0[<a target=\"_blank\" href=\"#nb1\" class=\"spip_note\" rel=\"appendix\" title=\"Cit\u00e9 par M.\u00a0Hazeu, E. C. de Souza e Souza, D. V. da Silva Bezerra, B.\u00a0(\u2026)\" id=\"nh1\">1<\/a>]<\/span>.<\/p>\n<p>D\u2019apr\u00e8s une <a target=\"_blank\" href=\"https:\/\/observatoriodamineracao.com.br\/multinacional-francesa-imerys-coleciona-violacoes-ambientais-em-producao-de-caulim-no-para\/\" class=\"spip_out\" rel=\"external\">enqu\u00eate de l\u2019Observatoire des mines<\/a>, \u00e0 la suite de ce nouvel accident, le procureur de l\u2019\u00c9tat a demand\u00e9 la suspension de ses activit\u00e9s, sans l\u2019obtenir.<\/p>\n<h2 class=\"spip\">Catastrophe chimique<\/h2>\n<p>Le 6\u00a0d\u00e9cembre 2021, vers 20\u00a0heures, les habitants de Barcarena ont entendu une d\u00e9tonation provenant du quartier de Vila\u00a0do\u00a0Conde et observ\u00e9 une colonne de fum\u00e9e noire monter d\u2019un entrep\u00f4t de l\u2019usine Imerys Rio Capim Caulim. Pendant toute la nuit, la ville s\u2019est retrouv\u00e9e prisonni\u00e8re d\u2019un nuage de fum\u00e9e toxique. <i>\u00ab<small class=\"fine d-inline\">\u00a0<\/small>Nous ne pouvions pas respirer, nous avions tr\u00e8s mal \u00e0 la t\u00eate, nous ne savions pas o\u00f9 nous r\u00e9fugier<small class=\"fine d-inline\">\u00a0<\/small>\u00bb<\/i>, a t\u00e9moign\u00e9 un habitant cit\u00e9 par l\u2019<span class=\"caps\">ONG<\/span> d\u2019investigation <a target=\"_blank\" href=\"https:\/\/insustentaveis.sumauma.com\/en\/norwegian-and-french-companies-turn-barcarena-into-a-city-of-environmental-disasters\/\" class=\"spip_out\" rel=\"external\">Suma\u00fama<\/a> lors d\u2019un proc\u00e8s en octobre 2023.<\/p>\n<p>Une trentaine de personnes ont \u00e9t\u00e9 hospitalis\u00e9es, une <a target=\"_blank\" href=\"https:\/\/amazoniareal.com.br\/fumaca-toxica-em-barcarena\/\" class=\"spip_out\" rel=\"external\">centaine<\/a> a re\u00e7u des soins m\u00e9dicaux. L\u2019incendie aurait \u00e9t\u00e9 caus\u00e9 par les mauvaises conditions de stockage d\u2019un produit chimique utilis\u00e9 pour purifier le kaolin\u00a0: l\u2019hydrosulfite de sodium. Il s\u2019enflamme au contact de l\u2019air humide, explose au contact de la chaleur et d\u00e9gage un gaz toxique.<\/p>\n<p>Imerys n\u2019a pas reconnu sa responsabilit\u00e9 pour les cons\u00e9quences de ce qu\u2019elle a qualifi\u00e9 de <i>\u00ab<small class=\"fine d-inline\">\u00a0<\/small>d\u00e9but d\u2019incendie<small class=\"fine d-inline\">\u00a0<\/small>\u00bb<\/i>. Ainsi se conclut l\u2019<a target=\"_blank\" href=\"https:\/\/reporterre.net\/IMG\/pdf\/rapportassembleelegislativepara2021.pdf\">enqu\u00eate parlementaire<\/a> men\u00e9e apr\u00e8s l\u2019accident par l\u2019Assembl\u00e9e l\u00e9gislative de l\u2019\u00c9tat du Par\u00e1\u00a0: <i>\u00ab<small class=\"fine d-inline\">\u00a0<\/small>Nous pouvons affirmer sans crainte que l\u2019entreprise Imerys Rio Capim Caulim S\/A est absolument incapable de respecter la r\u00e9glementation.<small class=\"fine d-inline\">\u00a0<\/small>\u00bb<\/i> Elle ne disposait d\u2019aucun plan d\u2019urgence pour un accident chimique et n\u2019avait pas pr\u00e9vu, <i>\u00ab<small class=\"fine d-inline\">\u00a0<\/small>ne serait-ce qu\u2019en une ligne, de mesures de pr\u00e9vention, de protection, de communication et de sauvetage pour les populations environnantes<small class=\"fine d-inline\">\u00a0<\/small>\u00bb<\/i>, notent les d\u00e9put\u00e9s, qui recommandent la suspension de toutes les activit\u00e9s de l\u2019entreprise. Quarante-trois plaintes ont \u00e9t\u00e9 d\u00e9pos\u00e9es par des habitants et le minist\u00e8re public de l\u2019\u00c9tat a engag\u00e9 des poursuites.<\/p>\n<h2 class=\"spip\">Imerys pr\u00e9parait discr\u00e8tement son d\u00e9part<\/h2>\n<p>Avant m\u00eame l\u2019incendie, Imerys avait commenc\u00e9 \u00e0 pr\u00e9parer son d\u00e9part. Fin d\u00e9cembre 2021, l\u2019avocat Ismael Moraes, sp\u00e9cialis\u00e9 en droit de l\u2019environnement, r\u00e9v\u00e9lait dans le journal <i>Ver\u00a0o\u00a0Fato<\/i> qu\u2019Imerys avait, d\u00e8s septembre, <i>\u00ab<small class=\"fine d-inline\">\u00a0<\/small>discr\u00e8tement ferm\u00e9<small class=\"fine d-inline\">\u00a0<\/small>\u00bb<\/i> l\u2019une de ses deux mines de kaolin et d\u00e9branch\u00e9 son pipeline. Quelques mois plus t\u00f4t, le secr\u00e9tariat d\u2019\u00c9tat \u00e0 l\u2019environnement avait suspendu l\u2019autorisation de cette m\u00eame mine, en raison <i>\u00ab<small class=\"fine d-inline\">\u00a0<\/small>de l\u2019\u00e9norme d\u00e9vastation environnementale dans les municipalit\u00e9s d\u2019Ipixuna et de Paragominas, o\u00f9 des dizaines de gigantesques fosses d\u2019extraction abandonn\u00e9es n\u2019ont toujours pas \u00e9t\u00e9 r\u00e9habilit\u00e9es<small class=\"fine d-inline\">\u00a0<\/small>\u00bb<\/i>.<\/p>\n<p>Fin janvier 2022, des dirigeants fran\u00e7ais du groupe \u00e9taient all\u00e9s \u00e0 Barcarena pour <a target=\"_blank\" href=\"https:\/\/ver-o-fato.com.br\/exclusivo-imerys-negocia-porto-por-r-1-bilhao-e-deixa-para-a-ver-navios\/\" class=\"spip_out\" rel=\"external\">n\u00e9gocier<\/a> la vente du terminal portuaire avec <i>\u00ab<small class=\"fine d-inline\">\u00a0<\/small>un grand groupe europ\u00e9en<small class=\"fine d-inline\">\u00a0<\/small>\u00bb<\/i>. Ismael Moraes a lanc\u00e9 une action civile contre l\u2019\u00c9tat du Par\u00e1 pour qu\u2019il emp\u00eache Imerys de partir en laissant une <i>\u00ab<small class=\"fine d-inline\">\u00a0<\/small>importante dette fiscale<small class=\"fine d-inline\">\u00a0<\/small>\u00bb<\/i> et <i>\u00ab<small class=\"fine d-inline\">\u00a0<\/small>tout le passif de la d\u00e9forestation, des fuites, de la contamination des rivi\u00e8res et de la destruction des sources dans les communaut\u00e9s indig\u00e8nes et quilombolas<small class=\"fine d-inline\">\u00a0<\/small>\u00bb<\/i>.<\/p>\n<div class=\"spip_document_89190 spip_document spip_documents spip_document_image spip_documents_center spip_document_center spip_document_avec_legende\" data-legende-len=\"99\" data-legende-lenx=\"xx\">\n<figure class=\"spip_doc_inner\">\n      <picture><source type=\"image\/webp\" srcset=\"https:\/\/reporterre.net\/local\/cache-vignettes\/L1050xH700\/2-127-474cb.jpg@.webp?1741193063\"><img decoding=\"async\" src=\"https:\/\/reporterre.net\/IMG\/jpg\/2-127.jpg\" width=\"1200\" height=\"800\" loading=\"lazy\" alt=\"\"\/><br \/>\n    <\/source><\/picture><figcaption class=\"spip_doc_legende\">\n<p>L\u2019eau des puits apr\u00e8s un d\u00e9versement accidentel de kaolin.<br \/>\n<i>Laquanam \/ Universit\u00e9 f\u00e9d\u00e9rale du Par\u00e1<br \/>\n<\/i><\/p>\n<\/figcaption><\/figure>\n<\/p><\/div>\n<p>La chercheuse Simone Pereira s\u2019inqui\u00e8te pour la s\u00e9curit\u00e9 de la dizaine de bassins de r\u00e9sidus qui resteront au milieu de l\u2019agglom\u00e9ration de Barcarena\u00a0: <i>\u00ab<small class=\"fine d-inline\">\u00a0<\/small>Il y a d\u00e9j\u00e0 eu de graves accidents alors que le site \u00e9tait sous surveillance, alors imaginez ce que ce serait sans entretien.<small class=\"fine d-inline\">\u00a0<\/small>\u00bb<\/i> Les habitants craignent une trag\u00e9die comme \u00e0 Mariana (2015) puis \u00e0 <a target=\"_blank\" href=\"https:\/\/reporterre.net\/Bresil-les-boues-toxiques-polluent-toujours-Brumadinho\" class=\"spip_in\">Brumadinho<\/a> (2019), o\u00f9 des ruptures de digues mini\u00e8res ont entra\u00een\u00e9 des centaines de morts et d\u00e9truit des \u00e9cosyst\u00e8mes entiers. <i>\u00ab<small class=\"fine d-inline\">\u00a0<\/small>La solution au probl\u00e8me serait de retirer ce mat\u00e9riau du sol de l\u2019Amazonie, peut-\u00eatre en l\u2019envoyant quelque part en France<small class=\"fine d-inline\">\u00a0<\/small>\u00bb<\/i>, sugg\u00e8re Pereira.<\/p>\n<p><a target=\"_blank\" href=\"https:\/\/reporterre.net\/Mine-de-lithium-dans-l-Allier-Ne-nous-parlez-pas-de-sauver-le-climat\" class=\"lien_lireaussi\"><strong>Lire aussi : <\/strong> <span>Mine de lithium dans l\u2019Allier\u00a0: \u00ab<small class=\"fine d-inline\">\u00a0<\/small>Ne nous parlez pas de sauver le climat<small class=\"fine d-inline\">\u00a0<\/small>!<small class=\"fine d-inline\">\u00a0<\/small>\u00bb<\/span><\/a><\/p>\n<p>Contact\u00e9 par <i>Reporterre<\/i>, le groupe Imerys a r\u00e9pondu qu\u2019il <i>\u00ab<small class=\"fine d-inline\">\u00a0<\/small>n\u2019entend pas s\u2019engager dans un dialogue improductif et alimenter des pol\u00e9miques st\u00e9riles<small class=\"fine d-inline\">\u00a0<\/small>\u00bb<\/i>. En mars 2024, il s\u2019est expliqu\u00e9 sur ses activit\u00e9s amazoniennes lors du tout premier d\u00e9bat public organis\u00e9 autour du projet de lithium en France. R\u00e9pondant \u00e0 une habitante qui s\u2019interrogeait sur la <i>\u00ab<small class=\"fine d-inline\">\u00a0<\/small>pollution au Br\u00e9sil<small class=\"fine d-inline\">\u00a0<\/small>\u00bb<\/i>, Guillaume Delacroix, directeur g\u00e9n\u00e9ral d\u2019Imerys Europe, a <a target=\"_blank\" href=\"https:\/\/www.debatpublic.fr\/mine-de-lithium-allier\/reunion-douverture-5403\" class=\"spip_out\" rel=\"external\">d\u00e9clar\u00e9<\/a>\u00a0: <i>\u00ab<small class=\"fine d-inline\">\u00a0<\/small>Effectivement, il y a une dizaine d\u2019ann\u00e9es, un de nos bassins de d\u00e9cantation contenant du kaolin, une substance inerte, a d\u00e9bord\u00e9 dans les ruisseaux. Ce que je peux vous dire, madame, c\u2019est que nous avons pour chacun des incidents environnementaux un plan d\u2019action proportionn\u00e9, et des moyens derri\u00e8re pour que cela ne se reproduise pas.<small class=\"fine d-inline\">\u00a0<\/small>\u00bb<\/i><br class=\"autobr\"\/>\n<\/p>\n<div class=\"wrap-collapsible\">\n<button type=\"button\" class=\"collapsible\"><strong><span class=\"caps\">LES<\/span> <span class=\"caps\">COULISSES<\/span> <span class=\"caps\">DE<\/span> L\u2019<span class=\"caps\">ENQU<\/span>\u00ca<span class=\"caps\">TE<\/span><\/strong><\/button><\/p>\n<div class=\"collapsible-content\">\n<strong>Le courriel de notre journaliste, reproduit <i>in extenso<\/i> ci-dessous, suivi de la r\u00e9ponse d\u2019Imerys.<\/strong><br \/>\nBonjour,<\/p>\n<p>Dans le cadre d\u2019un article pour le m\u00e9dia de l\u2019\u00e9cologie <i>Reporterre<\/i>, je souhaite interroger un ou une porte-parole d\u2019Imerys sur la vente de sa division \u00ab\u00a0Artemyn\u00a0\u00bb et les poursuites entam\u00e9es par le fonds Flacks Group.<\/p>\n<p>Par avance, je vous remercie du temps que vous accepterez de consacrer \u00e0 nos questions pour \u00e9clairer la situation. Ces r\u00e9ponses peuvent \u00eatre apport\u00e9es par mail ou au moyen d\u2019un entretien t\u00e9l\u00e9phonique, \u00e0 votre convenance ce jeudi ou vendredi \u00e0 toute heure.<\/p>\n<p>Ma deadline est ce lundi 3\u00a0mars \u00e0 10:00.<\/p>\n<p>Voici les points que nous souhaitons aborder qui concernent tous les activit\u00e9s de la branche kaolin d\u2019Imerys dans l\u2019Etat br\u00e9silien du Par\u00e0\u00a0: Rio Capim Caulim et Par\u00e0 Pigmentos.<\/p>\n<p>Au moment de la vente d\u2019Artemyn en juillet 2024, le groupe Flacks a-t-il eu connaissance des litiges opposant Imerys aux communaut\u00e9s de Vila do Cond\u00e9, de Moju, Tome-A\u00e7u et Acar, et des dizaines de plaintes d\u00e9pos\u00e9es au sujet des pollutions caus\u00e9es par le site et des conditions<br class=\"autobr\"\/><br \/>\nde travail par les entreprises sous-traitantes<small class=\"fine d-inline\">\u00a0<\/small>?<\/p>\n<p>D\u2019apr\u00e8s nos informations, en 2016, le Minist\u00e9rio P\u00fablico do Estado do Par\u00e0 a recommand\u00e9 la suspension des activit\u00e9s d\u2019Imerys, affirmant que suite \u00e0 une fuite et une contamination des aux, l\u2019entreprise avait fourni de fausses informations aux organismes d\u2019inspection<br class=\"autobr\"\/><br \/>\nenvironnementale et aux procureurs. Qu\u2019en est-il<small class=\"fine d-inline\">\u00a0<\/small>?<\/p>\n<p>Suite \u00e0 l\u2019incendie de d\u00e9cembre 2021 \u00e0 Barcarena et de la pollution chimique d\u00e9gag\u00e9e dans l\u2019atmosph\u00e8re, une enqu\u00eate parlementaire a \u00e9t\u00e9 ouverte, concluant qu\u2019Imerys ne disposait pas de \u00ab\u00a0plan d\u2019urgence\u00a0\u00bb contenant des\u00a0\u00bb mesures de pr\u00e9vention, de protection, de communication<br class=\"autobr\"\/><br \/>\net de sauvetage pour les populations environnantes.<small class=\"fine d-inline\">\u00a0<\/small>\u00bb contrairement \u00e0 la r\u00e9glementation\u00a0\u00bb. Ce rapport demandait \u00e9galement la suspension des activit\u00e9s d\u2019Imerys \u00e0 Barcarena. Est-ce le cas<small class=\"fine d-inline\">\u00a0<\/small>?<\/p>\n<p>Quelle est la cause de cet incendie survenu en d\u00e9cembre 2021 dans l\u2019entrep\u00f4t de l\u2019usine Imerys \u00e0 Barcarena<small class=\"fine d-inline\">\u00a0<\/small>?<\/p>\n<p>Suite aux cons\u00e9quences de cet incendie sur la sant\u00e9 de la population de Barcarena, Imerys a-t-il indemnis\u00e9 les habitants ayant pr\u00e9sent\u00e9 des sympt\u00f4mes ou \u00e9t\u00e9 pris en charge par les services de sant\u00e9<small class=\"fine d-inline\">\u00a0<\/small>? Que deviendront la quarantaine de plaintes d\u00e9pos\u00e9es par ces habitants<br class=\"autobr\"\/><br \/>\ncompte tenu de la cession des activit\u00e9s<small class=\"fine d-inline\">\u00a0<\/small>?<\/p>\n<p>Est-il vrai que le groupe Imerys, dans l\u2019Etat br\u00e9silien du Par\u00e0, a construit des pipelines \u00e0 travers des communaut\u00e9s traditionnelles dans les municipalit\u00e9s de Moju, Tome-A\u00e7u et Acar\u00e1 sans leur consentement pr\u00e9alable et que ces installations ont r\u00e9guli\u00e8rement connu des fuites<small class=\"fine d-inline\">\u00a0<\/small>?<\/p>\n<p>Des concentrations importantes de min\u00e9raux tels que le baryum et l\u2019aluminium ont \u00e9t\u00e9 mesur\u00e9es par des scientifiques ind\u00e9pendants en aval des mines de kaolin d\u2019Ipixuna. En quoi consistait le syst\u00e8me de traitement des eaux op\u00e9r\u00e9 par le groupe sur ce site<small class=\"fine d-inline\">\u00a0<\/small>? \u00c0 quelle date a-t-il \u00e9t\u00e9 mis en place<small class=\"fine d-inline\">\u00a0<\/small>? A-t-il \u00e9t\u00e9 am\u00e9lior\u00e9 sur aux mesures de contaminants<small class=\"fine d-inline\">\u00a0<\/small>? Imerys a-t-il men\u00e9 des op\u00e9rations de d\u00e9pollution avant la cession de ces installations \u00e0 un autre groupe<small class=\"fine d-inline\">\u00a0<\/small>?<\/p>\n<p>D\u2019apr\u00e8s nos informations, le traitement du kaolin dans la commune de Barcarena et Ipixuna a g\u00e9n\u00e9r\u00e9 une grande quantit\u00e9 de r\u00e9sidus stock\u00e9s dans 6 complexes de barrages, et ces derniers ont \u00e9t\u00e9 \u00e0 l\u2019origine de plusieurs d\u00e9versements ayant occasionn\u00e9 des contaminations des cours<br class=\"autobr\"\/><br \/>\nd\u2019eau voisins. Est-ce bien le cas<small class=\"fine d-inline\">\u00a0<\/small>?<\/p>\n<p>Est-il vrai qu\u2019en 2007 et 2014, suite \u00e0 des d\u00e9versements accidentels de r\u00e9sidus ayant caus\u00e9 des pollutions, Imerys a sign\u00e9 avec les autorit\u00e9s br\u00e9siliennes des plans d\u2019ajustement de conduite (<span class=\"caps\">TAC<\/span>) obligeant le groupe \u00e0 distribuer de l\u2019eau et des moyens de subsistance<br class=\"autobr\"\/><br \/>\naux communaut\u00e9s touch\u00e9es par les pollutions<small class=\"fine d-inline\">\u00a0<\/small>?<\/p>\n<p>Au moment de la vente, le groupe Flacks a-t-il \u00e9t\u00e9 pr\u00e9venu des investissements n\u00e9cessaires pour s\u00e9curiser les barrages retenant les r\u00e9sidus de traitement de kaolin qui ont connu de nombreuses d\u00e9faillances ces derni\u00e8res ann\u00e9es<small class=\"fine d-inline\">\u00a0<\/small>? Afin de prot\u00e9ger les populations environnantes, a-t-il \u00e9t\u00e9 demand\u00e9 au groupe acqu\u00e9reur de fournir des garanties en mati\u00e8re d\u2019entretien et de s\u00e9curisation des digues de bassins de r\u00e9sidus<small class=\"fine d-inline\">\u00a0<\/small>?<\/p>\n<p>Le groupe Imerys a-t-il voulu vendre ses actifs que sont les mines d\u2019Ipixuna et les usines de Barcarena en raison des nombreuses plaintes d\u00e9pos\u00e9es par les populations voisines de ses mines, de ses pipelines et de ses usines de traitement, et donc de l\u2019importance croissante des<br class=\"autobr\"\/><br \/>\nconflits avec les populations locales, comme l\u2019affirme le groupe Flacks<small class=\"fine d-inline\">\u00a0<\/small>?<\/p>\n<p>Nous vous remercions pour votre temps et vous souhaitons une bonne fin de semaine.<\/p>\n<p>Cdt,<br class=\"autobr\"\/><br \/>\nCelia Izoard<\/p>\n<hr class=\"spip\"\/>\n<p>Ch\u00e8re Madame,<\/p>\n<p>Nous avons bien pris connaissance de votre message. La liste des \u00ab<small class=\"fine d-inline\">\u00a0<\/small>points<small class=\"fine d-inline\">\u00a0<\/small>\u00bb que vous indiquez souhaiter aborder nous semble, tant sur le fond que sur la forme, inspir\u00e9e de propos partisans.<\/p>\n<p>Imerys n\u2019entend pas s\u2019engager dans un dialogue improductif et alimenter des pol\u00e9miques st\u00e9riles, d\u2019autant que nos efforts d\u2019explications et de p\u00e9dagogie lors de nos pr\u00e9c\u00e9dents \u00e9changes ont syst\u00e9matiquement r\u00e9sult\u00e9 sur une reprise incompl\u00e8te, partielle et partiale de votre part.<\/p>\n<p>Imerys a toujours veill\u00e9 au respect de toutes les r\u00e9glementations en vigueur partout o\u00f9 il exerce ses activit\u00e9s, ainsi qu\u2019\u00e0 la pr\u00e9servation de l\u2019environnement et des droits des populations. Imerys a toujours \u00e9t\u00e9 extr\u00eamement attentif \u00e0 l\u2019impact de ses activit\u00e9s sur les populations environnantes et l\u2019\u00e9cosyst\u00e8me de ses sites et coop\u00e8re avec le plus grand s\u00e9rieux et en liens \u00e9troits et de mani\u00e8re transparente avec les autorit\u00e9s comp\u00e9tentes en cas d\u2019incidents.<\/p>\n<p>Imerys n\u2019entend en outre \u00e9videmment pas commenter la proc\u00e9dure qui l\u2019oppose au Groupe Flacks. Ainsi qu\u2019elle l\u2019a d\u00e9j\u00e0 indiqu\u00e9 \u00e0 plusieurs reprises, elle consid\u00e8re que l\u2019ensemble des all\u00e9gations formul\u00e9es \u00e0 son encontre sont gravement mensong\u00e8res et fera valoir ses droits devant la juridiction saisie.<\/p>\n<p>Dans le cadre de l\u2019op\u00e9ration de cession d\u2019une partie de ses activit\u00e9s au Groupe Flacks, des processus de due diligence parfaitement classiques ont naturellement \u00e9t\u00e9 mis en \u0153uvre, de sorte que l\u2019acqu\u00e9reur a \u00e9t\u00e9 parfaitement inform\u00e9 \u00e0 tous \u00e9gards.<\/p>\n<p>Nous serons par cons\u00e9quent particuli\u00e8rement vigilants face \u00e0 tous propos qui seraient mensongers et susceptibles de porter atteinte \u00e0 notre r\u00e9putation.<\/p>\n<p>Cordialement.<\/p>\n<p>Mathieu Gratiot<\/p>\n<p>Media and Crisis Communication Director<\/p>\n<\/div>\n<\/div>\n<aside class=\"boite_encarts\">\n<div class=\"encart encart_gris noprint\">\n<p><strong>Puisque vous \u00eates l\u00e0&#8230;<\/strong><\/p>\n<p>&#8230; nous avons un petit service \u00e0 vous demander.<br class=\"autobr\"\/><br \/>\nEntre la pr\u00e9sence d\u2019un climatosceptique \u00e0 la t\u00eate de la premi\u00e8re puissance mondiale, un gouvernement fran\u00e7ais qui flirte avec l\u2019extr\u00eame-droite, et les catastrophes climatiques qui s\u2019enchainent&#8230; Faire vivre l\u2019\u00e9cologie dans le d\u00e9bat public est un enjeu crucial.<\/p>\n<p>Personne ne modifie ce que nous publions. Nous n\u2019avons ni actionnaire, ni propri\u00e9taire milliardaire \u2014 seulement une \u00e9quipe d\u2019irr\u00e9ductibles journalistes, pleine de d\u00e9termination.<\/p>\n<p>Nous avons la conviction que l\u2019urgence \u00e9cologique est l\u2019enjeu majeur de notre \u00e9poque. Et comme plus de 2 millions de lectrices et lecteurs chaque mois, vous partagez sans doute cette conviction&#8230;<\/p>\n<p><strong>Depuis 12 ans, nous publions des articles de qualit\u00e9 sur l\u2019\u00e9cologie, en acc\u00e8s libre et sans publicit\u00e9, pour tous.<\/strong><br class=\"autobr\"\/><br \/>\nMais ce travail demande beaucoup de temps et de ressources.<\/p>\n<p>Alors, si vous en avez les moyens, sachez qu\u2019un don, m\u00eame d\u20191\u20ac, est un acte de soutien fort pour l\u2019\u00e9cologie et le journalisme ind\u00e9pendant.<br class=\"autobr\"\/><br \/>\n(Et \u00e7a vous prendra moins de temps que la lecture de ce texte).<\/p>\n<p><strong>Si vous le pouvez, choisissez un soutien mensuel. Merci.<\/strong><\/p>\n<p><a target=\"_blank\" href=\"https:\/\/reporterre.net\/dons\" class=\"bt_soutenir\">Je soutiens <i>Reporterre<\/i><\/a><\/p>\n<\/p><\/div>\n<div class=\"encart encart_vert noprint montre_1023\">\n<div class=\"infolettre-form-container noprint\">\n<p>Abonnez-vous \u00e0 la lettre d\u2019info de Reporterre<\/p>\n<\/div><\/div>\n<\/aside>\n<aside class=\"boite_apresarticle encart_note\">\n<h4>Apr\u00e8s cet article<\/h4>\n<p>      <a target=\"_blank\" href=\"https:\/\/reporterre.net\/Mine-de-lithium-dans-l-Allier-Ne-nous-parlez-pas-de-sauver-le-climat\" class=\"lien_article\">\n      <picture class=\"vignette_gauche\"><source type=\"image\/webp\" srcset=\"https:\/\/reporterre.net\/local\/cache-vignettes\/L450xH300\/2024-03-1112_cndp-caballvalentin-reporterre-20-modified-49eec.jpg@.webp?1737368135\"><img decoding=\"async\" src=\"https:\/\/reporterre.net\/local\/cache-vignettes\/L450xH300\/2024-03-1112_cndp-caballvalentin-reporterre-20-modified-49eec.jpg?1737368135\" width=\"450\" height=\"300\" alt=\"\" class=\"marge12\" loading=\"lazy\"\/><br \/>\n<\/source><\/picture>\n<p class=\"libelle\">\n<p>          Reportage \u2014<\/p>\n<p>      Mines et m\u00e9taux\n    <\/p>\n<p class=\"titre pol20\">Mine de lithium dans l\u2019Allier\u00a0: \u00ab<small class=\"fine d-inline\">\u00a0<\/small>Ne nous parlez pas de sauver le climat<small class=\"fine d-inline\">\u00a0<\/small>!<small class=\"fine d-inline\">\u00a0<\/small>\u00bb<\/p>\n<p>      <\/a><br \/>\n    <\/aside>\n<aside class=\"boite_complement texte\">\n<div class=\"encart_note\">\n<h4>Notes<\/h4>\n<div id=\"nb1\">\n<p><span class=\"spip_note_ref\">[<a target=\"_blank\" href=\"#nh1\" class=\"spip_note\" title=\"Notes 1\" rev=\"appendix\">1<\/a>]\u00a0<\/span>Cit\u00e9 par M.\u00a0Hazeu, <span class=\"caps\"><span class=\"caps\">E. C.<\/span><\/span> de Souza e Souza, <span class=\"caps\"><span class=\"caps\">D. V.<\/span><\/span> da Silva Bezerra, B. Rodrigues da Silva, T. Tavares Albern\u00e1s, <i>\u00ab<small class=\"fine d-inline\">\u00a0<\/small><small class=\"fine d-inline\">\u00a0<\/small>Licenciando a expropria\u00e7ao da natureza na Amazonia\u00a0: conflitos e crimes socioambientais da mineradora Imerys em Barcarena (<span class=\"caps\"><span class=\"caps\">PA<\/span><\/span>) e o lugar da pol\u00edtica ambiental<small class=\"fine d-inline\">\u00a0<\/small><small class=\"fine d-inline\">\u00a0<\/small>\u00bb<\/i>, S\u00e9minaire national, Universit\u00e9 f\u00e9d\u00e9rale de Par\u00e1, B\u00e9lem, novembre 2024.<\/p>\n<\/div><\/div>\n<p>      <!-- zone_forum --><br \/>\n          <\/aside>\n<aside class=\"boite_lireaussi noprint\">\n<\/aside>\n<aside class=\"colonne\">\n<div class=\"article_info cache_1023 noprint\">\n<p>    <span class=\"date\">6 mars 2025  \u00e0 09h44<\/span><\/p>\n<p class=\"duree_lecture\">\n        Dur\u00e9e de lecture : 15 minutes\n      <\/p>\n<\/p><\/div>\n<div class=\"bloc_infolettre\">\n<div class=\"infolettre-form-container noprint\">\n<p>Abonnez-vous \u00e0 la lettre d\u2019info de Reporterre<\/p>\n<\/div><\/div>\n<\/aside>\n<div id=\"galerie\">\n  <img decoding=\"async\" src=\"\" class=\"principale\" id=\"principale\"\/><\/p>\n<p id=\"legende\">legende<\/p>\n<\/div>\n<footer class=\"noprint\">\n<\/footer>\n<\/div>\n<p><br \/>\n<br \/><a href=\"https:\/\/reporterre.net\/Imerys-le-geant-minier-accuse-de-pollutions-et-d-escroquerie\" target=\"_blank\"\">Source link <\/a><\/p>\n","protected":false},"excerpt":{"rendered":"<p>En France, Imerys se positionne comme faisant partie des \u00ab\u00a0leaders du secteur minier en mati\u00e8re de durabilit\u00e9\u00a0\u00bb. Avec le projet d\u2019ouverture d\u2019une mine de lithium destin\u00e9e \u00e0 la production de&hellip; <\/p>\n","protected":false},"author":1,"featured_media":3875,"comment_status":"open","ping_status":"open","sticky":false,"template":"","format":"standard","meta":{"footnotes":""},"categories":[1],"tags":[],"class_list":["post-3874","post","type-post","status-publish","format-standard","has-post-thumbnail","hentry","category-non-classe"],"_links":{"self":[{"href":"https:\/\/monde25.info\/index.php\/wp-json\/wp\/v2\/posts\/3874","targetHints":{"allow":["GET"]}}],"collection":[{"href":"https:\/\/monde25.info\/index.php\/wp-json\/wp\/v2\/posts"}],"about":[{"href":"https:\/\/monde25.info\/index.php\/wp-json\/wp\/v2\/types\/post"}],"author":[{"embeddable":true,"href":"https:\/\/monde25.info\/index.php\/wp-json\/wp\/v2\/users\/1"}],"replies":[{"embeddable":true,"href":"https:\/\/monde25.info\/index.php\/wp-json\/wp\/v2\/comments?post=3874"}],"version-history":[{"count":0,"href":"https:\/\/monde25.info\/index.php\/wp-json\/wp\/v2\/posts\/3874\/revisions"}],"wp:featuredmedia":[{"embeddable":true,"href":"https:\/\/monde25.info\/index.php\/wp-json\/wp\/v2\/media\/3875"}],"wp:attachment":[{"href":"https:\/\/monde25.info\/index.php\/wp-json\/wp\/v2\/media?parent=3874"}],"wp:term":[{"taxonomy":"category","embeddable":true,"href":"https:\/\/monde25.info\/index.php\/wp-json\/wp\/v2\/categories?post=3874"},{"taxonomy":"post_tag","embeddable":true,"href":"https:\/\/monde25.info\/index.php\/wp-json\/wp\/v2\/tags?post=3874"}],"curies":[{"name":"wp","href":"https:\/\/api.w.org\/{rel}","templated":true}]}}