{"id":3876,"date":"2025-03-06T10:23:28","date_gmt":"2025-03-06T09:23:28","guid":{"rendered":"https:\/\/monde25.info\/index.php\/2025\/03\/06\/deconstruire-les-prejuges-combattre-la-haine\/"},"modified":"2025-03-06T10:23:28","modified_gmt":"2025-03-06T09:23:28","slug":"deconstruire-les-prejuges-combattre-la-haine","status":"publish","type":"post","link":"https:\/\/monde25.info\/index.php\/2025\/03\/06\/deconstruire-les-prejuges-combattre-la-haine\/","title":{"rendered":"d\u00e9construire les pr\u00e9jug\u00e9s, combattre la haine"},"content":{"rendered":"<p> <br \/>\n<\/p>\n<div>\n<div class=\"td-post-featured-image\">\n<figure><img loading=\"lazy\" decoding=\"async\" width=\"696\" height=\"312\" class=\"entry-thumb\" src=\"https:\/\/mrmondialisation.org\/wp-content\/uploads\/2025\/02\/1-696x312.jpeg\" srcset=\"https:\/\/mrmondialisation.org\/wp-content\/uploads\/2025\/02\/1-696x312.jpeg 696w, https:\/\/mrmondialisation.org\/wp-content\/uploads\/2025\/02\/1-1024x459.jpeg 1024w, https:\/\/mrmondialisation.org\/wp-content\/uploads\/2025\/02\/1-1524x683.jpeg 1524w, https:\/\/mrmondialisation.org\/wp-content\/uploads\/2025\/02\/1-768x344.jpeg 768w, https:\/\/mrmondialisation.org\/wp-content\/uploads\/2025\/02\/1-1536x688.jpeg 1536w, https:\/\/mrmondialisation.org\/wp-content\/uploads\/2025\/02\/1-2048x918.jpeg 2048w, https:\/\/mrmondialisation.org\/wp-content\/uploads\/2025\/02\/1-1068x479.jpeg 1068w, https:\/\/mrmondialisation.org\/wp-content\/uploads\/2025\/02\/1-937x420.jpeg 937w\" sizes=\"auto, (max-width: 696px) 100vw, 696px\" alt=\"Transidentit\u00e9\u00a0: d\u00e9construire les pr\u00e9jug\u00e9s, combattre la haine\" title=\"Transidentit\u00e9\u00a0: d\u00e9construire les pr\u00e9jug\u00e9s, combattre la haine\"\/><figcaption class=\"wp-caption-text\">Transidentit\u00e9\u00a0: d\u00e9construire les pr\u00e9jug\u00e9s, combattre la haine<\/figcaption><\/figure>\n<\/div>\n<div class=\"td-a-rec td-a-rec-id-content_top_mob \"><span class=\"td-adspot-title\">&#8211; Information &#8211;<\/span><a target=\"_blank\" href=\"https:\/\/fr.tipeee.com\/mr-mondialisation\" class=\"tipeee-project-small\">Soutenir Mr Japanization sur Tipeee<\/a>\n<\/div>\n<h4><b><a target=\"_blank\" href=\"https:\/\/mrmondialisation.org\/9-atrocites-trump-mandat\/\">Depuis sa r\u00e9\u00e9lection, Donald Trump a multipli\u00e9 les attaques contre les droits fondamentaux des personnes transgenres,<\/a> dans un contexte d\u2019hostilit\u00e9 croissante \u00e0 l\u2019\u00e9gard des minorit\u00e9s. Cette situation fait \u00e9cho \u00e0 la mont\u00e9e des id\u00e9es r\u00e9actionnaires en France.<\/b><\/h4>\n<p><strong>La stigmatisation des personnes trans est explosive<\/strong> ; y compris au sein de certains courants soit disant f\u00e9ministes qui incitent \u00e0 l\u2019exclusion des personnes d\u00e9j\u00e0 marginalis\u00e9es. On fait le point.<\/p>\n<figure id=\"attachment_715960\" aria-describedby=\"caption-attachment-715960\" style=\"width: 1024px\" class=\"wp-caption alignnone\"><img fetchpriority=\"high\" decoding=\"async\" class=\"size-medium wp-image-715960\" src=\"https:\/\/mrmondialisation.org\/wp-content\/uploads\/2025\/03\/29730545143-a2a2583fdf-k-1024x682.jpg\" alt=\"\" width=\"1024\" height=\"682\" srcset=\"https:\/\/mrmondialisation.org\/wp-content\/uploads\/2025\/03\/29730545143-a2a2583fdf-k-1024x682.jpg 1024w, https:\/\/mrmondialisation.org\/wp-content\/uploads\/2025\/03\/29730545143-a2a2583fdf-k-1524x1015.jpg 1524w, https:\/\/mrmondialisation.org\/wp-content\/uploads\/2025\/03\/29730545143-a2a2583fdf-k-768x512.jpg 768w, https:\/\/mrmondialisation.org\/wp-content\/uploads\/2025\/03\/29730545143-a2a2583fdf-k-1536x1023.jpg 1536w, https:\/\/mrmondialisation.org\/wp-content\/uploads\/2025\/03\/29730545143-a2a2583fdf-k-696x464.jpg 696w, https:\/\/mrmondialisation.org\/wp-content\/uploads\/2025\/03\/29730545143-a2a2583fdf-k-1068x711.jpg 1068w, https:\/\/mrmondialisation.org\/wp-content\/uploads\/2025\/03\/29730545143-a2a2583fdf-k-631x420.jpg 631w, https:\/\/mrmondialisation.org\/wp-content\/uploads\/2025\/03\/29730545143-a2a2583fdf-k.jpg 2048w\" sizes=\"(max-width: 1024px) 100vw, 1024px\"\/><figcaption id=\"caption-attachment-715960\" class=\"wp-caption-text\">Existrans 2016. <a target=\"_blank\" href=\"https:\/\/www.flickr.com\/photos\/missbutterfly\/29730545143\/in\/photolist-MibPgV-MiagX4-ZK8Znu-ZBzZLA-Qrgrmw-ZFggaa-MidjX6-Ng3hYH-YHbZ13-ZCsEE3-ZFdGtn-N5JKQw-N8sAx6-ZHcY8y-ZhrCqo-YAw5cj-MPps4W-Zhx5ww-NcQL2o-Cz3vFw-ZMQ19B-R9dU7w-ZAThB1-Cz7WqU-ZFiqHe-YArXPC-ZhqZuQ-ZMTsLZ-Cz5r15-MNHwnf-CzSczA-Cz7kAd-ZCoYu9-CzRbyE-ZCuV9Q-Zhqu1E-ZBBGjs-ZDbNe7-MieXzx-YAuY8h-MiLSja-ZFXXCV-Mij7Xn-CzPVUw-CzaDKo-Cz6dbL-ZFaz9t-N6hQ1b-MiLia4-ZFZ8cc\">Flickr<\/a><\/figcaption><\/figure>\n<h2><strong>La transphobie de l\u2019institution Trump<\/strong><\/h2>\n<p>Ces derni\u00e8res semaines, le pr\u00e9sident am\u00e9ricain a intensifi\u00e9 les <b>mesures r\u00e9gressives visant les personnes transgenres<\/b>, remettant en cause plusieurs acquis r\u00e9cents en mati\u00e8re de droits civiques. Par exemple, <a target=\"_blank\" href=\"https:\/\/19thnews.org\/2025\/01\/transgender-passports-state-department\/\">un d\u00e9cret exige d\u00e9sormais que les documents d\u2019identit\u00e9 f\u00e9d\u00e9raux refl\u00e8tent le sexe assign\u00e9 \u00e0 la naissance, excluant l\u2019identit\u00e9 de genre<\/a>.<\/p>\n<p>Cette mesure d\u2019atteinte aux droits humains fondamentaux risque de <strong>priver de nombreux individus trans et non-binaires de l\u2019acc\u00e8s \u00e0 leurs documents officiels, avec des cons\u00e9quences majeures sur leur vie quotidienne.<\/strong><\/p>\n<p>L\u2019administration am\u00e9ricaine a \u00e9galement entrepris de <a target=\"_blank\" href=\"https:\/\/www.huffingtonpost.fr\/international\/article\/aux-etats-unis-des-pages-de-centaines-de-site-du-gouvernement-americain-disparaissent_245742.html\"><b>supprimer des sites web f\u00e9d\u00e9raux tout contenu li\u00e9 aux communaut\u00e9s LGBTQI+, affectant des milliers de pages<\/b><\/a>. Cette initiative a entra\u00een\u00e9 <strong>la disparition de ressources essentielles pour ces communaut\u00e9s, notamment des informations sur la sant\u00e9, des guides de soutien et des donn\u00e9es sur les droits civiques.<\/strong>\u00a0En outre, une proposition de loi en Arizona vise \u00e0 <strong><a target=\"_blank\" href=\"https:\/\/www.thepinknews.com\/2023\/01\/04\/arizona-senate-bill-would-restrict-pronouns\/\"> interdire l\u2019utilisation de pronoms<\/a> par les \u00e9tudiants transgenres, sauf autorisation \u00e9crite des parents<\/strong>. Une mesure qui va les mettre en danger, dans un contexte d\u00e9j\u00e0 hostile.<\/p>\n<p><a target=\"_blank\" href=\"https:\/\/www.reuters.com\/world\/us\/transgender-us-service-members-will-be-separated-military-unless-exempted-2025-02-27\/\"> Les personnes trans sont d\u00e9sormais \u00e9galement interdites de rejoindre l\u2019arm\u00e9e<\/a>, mesure que les organisations de d\u00e9fense des droits humains d\u00e9noncent comme une purge. Elle est actuellement <strong>contest\u00e9e en justice, pour violation des droits constitutionnels des personnes concern\u00e9es<\/strong>.<\/p>\n<h2 class=\"western\"><strong>Violences et discriminations transphobes\u00a0: des chiffres alarmants<\/strong><\/h2>\n<p>Les personnes trans font partie des cat\u00e9gories de population les plus opprim\u00e9es alors qu\u2019<a target=\"_blank\" href=\"https:\/\/www.ipsos.com\/en-ch\/la-part-moyenne-de-la-population-lgbt-dans-le-monde-seleve-9\">elles sont moins de 1\u00a0% \u00e0 l\u2019\u00e9chelle mondiale<\/a>. Selon des \u00e9tudes men\u00e9es par diverses organisations, les taux de violence, de harc\u00e8lement et de meurtre sont alarmants. Aux \u00c9tats-Unis, par exemple, le <em>National Coalition of Anti-Violence Programs<\/em> (NCAVP) rapporte que <a target=\"_blank\" href=\"https:\/\/avp.org\/wp-content\/uploads\/2017\/04\/2013_ncavp_hvreport_final.pdf\"><strong>l<\/strong><b>es personnes transgenres, et particuli\u00e8rement les femmes trans racis\u00e9es, sont victimes d\u2019agressions physiques et de meurtres bien plus fr\u00e9quemment que la population cisgenre<\/b><\/a>. Et au regard des meurtres anti-LGBTQI+, <a target=\"_blank\" href=\"https:\/\/www.radiofrance.fr\/franceinter\/meurtres-par-armes-a-feu-aux-etats-unis-les-personnes-transgenres-en-premiere-ligne-3353281\">la fraction d\u2019assassinats de personnes trans est compl\u00e8tement disproportionn\u00e9e par rapport \u00e0 leur population<\/a>. Dans le cas des violences sexuelles, <a target=\"_blank\" href=\"https:\/\/www.amnesty.fr\/presse\/violences-sexuelles-amnesty-international-denonce-les-obstacles-rencontres-par-les-femmes-migrantes-transgenres-et-travailleuses-du-sexe-lors-des-depots-de-plainte-en-france\">les femmes trans rencontrent encore plus d\u2019obstacles que les femmes cisgenres au regard de la justice<\/a>.<\/p>\n<p>De plus, <a target=\"_blank\" href=\"https:\/\/transequality.org\/sites\/default\/files\/docs\/resources\/NTDS_Report.pdf\">une \u00e9tude de 2015 men\u00e9e par le <em>National Center for Transgender Equality<\/em><\/a> a r\u00e9v\u00e9l\u00e9 que<b> 47 % des personnes transgenres aux \u00c9tats-Unis avaient \u00e9t\u00e9 agress\u00e9es physiquement ou sexuellement au cours de leur vie<\/b>, et pr\u00e8s de 1 personne trans sur 10 avait \u00e9t\u00e9 victime de violences graves, comme des violences polici\u00e8res ou des attaques.<\/p>\n<p>En Europe, les statistiques sont tout aussi inqui\u00e9tantes, bien que la collecte de donn\u00e9es sur la violence \u00e0 l\u2019\u00e9gard des personnes trans reste insuffisante. Ces chiffres montrent<b> une r\u00e9alit\u00e9 particuli\u00e8rement violente, notamment pour les personnes trans racis\u00e9es, les femmes trans, et celles vivant en situation de pr\u00e9carit\u00e9<\/b>. <a target=\"_blank\" href=\"https:\/\/mrmondialisation.org\/violences-femmes-justice\/\">Le manque de reconnaissance des violences sp\u00e9cifiques subies par les personnes trans dans de nombreuses l\u00e9gislations,<\/a> ainsi que la stigmatisation g\u00e9n\u00e9ralis\u00e9e, aggravent d\u2019autant plus cette situation tragique. <a target=\"_blank\" href=\"https:\/\/www.pourquoidocteur.fr\/Articles\/Question-d-actu\/37180-Transgenres-risque-mortalite-fois-eleve-lien-traitements-hormonaux#gsc.tab=0\">La premi\u00e8re cause de mortalit\u00e9 chez les hommes transgenres est le suicide<\/a>, en lien \u00e9troit avec la transphobie dont ils sont victimes.<\/p>\n<h2 class=\"western\"><strong>Mensonges et pr\u00e9jug\u00e9s transphobes<\/strong><\/h2>\n<p>Les personnes trans sont confront\u00e9es \u00e0 une hostilit\u00e9 croissante, nourrie par des discours d\u00e9sinform\u00e9s et malveillants. <strong>Et pour justifier leur haine, les d\u00e9tracteurs de la transidentit\u00e9 se servent g\u00e9n\u00e9ralement de cas isol\u00e9s et de caricatures pour propager des discours truff\u00e9s de contre-v\u00e9rit\u00e9s.<\/strong> Voici quelques mythes et pr\u00e9jug\u00e9s infond\u00e9s\u00a0concernant la transidentit\u00e9 :<\/p>\n<h3 class=\"western\"><strong>1. \u00ab\u00a0La transidentit\u00e9 est une maladie mentale\u00a0\u00bb<\/strong><\/h3>\n<div class=\"td-a-rec td-a-rec-id-content_inline_mob \"><span class=\"td-adspot-title\">&#8211; Information &#8211;<\/span><a target=\"_blank\" href=\"https:\/\/fr.tipeee.com\/mr-mondialisation\" class=\"tipeee-project-small\">Soutenir Mr Japanization sur Tipeee<\/a>\n<\/div>\n<p><b>FAUX.<\/b> <a target=\"_blank\" href=\"https:\/\/news.un.org\/fr\/story\/2019\/05\/1044591\">L\u2019Organisation Mondiale de la Sant\u00e9 (OMS) a retir\u00e9 la transidentit\u00e9 de la liste des maladies mentales en 2019<\/a>. Elle est aujourd\u2019hui reconnue comme <b>une variation naturelle de l\u2019identit\u00e9 de genre<\/b>. La d\u00e9tresse ressentie par certaines personnes trans (dysphorie de genre) est principalement due \u00e0 la transphobie et aux obstacles soci\u00e9taux, plut\u00f4t qu\u2019\u00e0 leur identit\u00e9 elle-m\u00eame. Il est \u00e9galement prouv\u00e9 que <a target=\"_blank\" href=\"https:\/\/www.erudit.org\/fr\/revues\/rqpsy\/2022-v43-n3-rqpsy07552\/1094890ar\">les transitions am\u00e9liorent consid\u00e9rablement le bien-\u00eatre des personnes transgenres<\/a>.<\/p>\n<h3 class=\"western\"><strong>2. \u00ab\u00a0\u00catre trans, c\u2019est une mode\u00a0\u00bb<\/strong><\/h3>\n<p><b>FAUX.<\/b> Les identit\u00e9s transgenres existent depuis toujours, dans toutes les cultures. <strong>La seule chose qui a chang\u00e9 ces derni\u00e8res ann\u00e9es est la visibilit\u00e9 et la reconnaissance accrue de leurs droits,<\/strong> m\u00eame si ceux-ci sont de nouveau menac\u00e9s par la d\u00e9sinformation propag\u00e9e par l\u2019extr\u00eame droite.<\/p>\n<p><b>Dans de nombreuses cultures anciennes, <\/b><b>les personnes<\/b><b> transgenres ou \u00e0 genre non-binaire \u00e9taient reconnu<\/b><b>e<\/b><b>s et parfois m\u00eame v\u00e9n\u00e9r\u00e9<\/b><b>e<\/b><b>s<\/b>. Par exemple, en <a target=\"_blank\" href=\"https:\/\/www.thecanadianencyclopedia.ca\/fr\/article\/two-spirit\">Am\u00e9rique du Nord autochtone, les \u00ab\u00a0Two Spirit\u00a0\u00bb<\/a> (\u00ab\u00a0deux-esprits\u00a0\u00bb) <a target=\"_blank\" href=\"https:\/\/droitsdelapersonne.ca\/histoire\/quentend-par-bispirituel-ou-deux-esprits-premiere-partie-origines\">incarnaient \u00e0 la fois des expressions <\/a><a target=\"_blank\" href=\"https:\/\/droitsdelapersonne.ca\/histoire\/quentend-par-bispirituel-ou-deux-esprits-premiere-partie-origines\">masculines et f\u00e9minines <\/a><a target=\"_blank\" href=\"https:\/\/droitsdelapersonne.ca\/histoire\/quentend-par-bispirituel-ou-deux-esprits-premiere-partie-origines\">de genre<\/a>. Ces personnes occupaient souvent <b>des<\/b><b> r\u00f4les importants au sein de leurs communaut\u00e9s <\/b>et \u00e9taient per\u00e7ues comme une b\u00e9n\u00e9diction. Bien entendu, <strong>cette diversit\u00e9 des genres ne correspondait pas aux normes impos\u00e9es par les colons europ\u00e9ens, qui ont rapidement cherch\u00e9 \u00e0 l\u2019effacer.<\/strong><\/p>\n<p><iframe loading=\"lazy\" title=\"Les Etres-aux-Deux-Esprits, c&#039;est quoi ?\" width=\"1110\" height=\"624\" src=\"https:\/\/www.youtube.com\/embed\/rVSsNt53X_A?feature=oembed\" frameborder=\"0\" allow=\"accelerometer; autoplay; clipboard-write; encrypted-media; gyroscope; picture-in-picture; web-share\" referrerpolicy=\"strict-origin-when-cross-origin\" allowfullscreen><\/iframe><\/p>\n<p>\u00a0<\/p>\n<p><strong>En Inde, <a target=\"_blank\" href=\"https:\/\/theconversation.com\/les-hijras-une-communaute-transgenre-en-voie-de-disparition-106412\">les Hijras \u2013 g\u00e9n\u00e9ralement des personnes assign\u00e9es hommes \u00e0 la naissance qui s\u2019identifient et vivent en tant que femmes<\/a> \u2013 sont pr\u00e9sentes dans la culture et la religion depuis des si\u00e8cles, notamment en tant que figures spirituelles.<\/strong> Elles sont \u00e0 la fois respect\u00e9es et marginalis\u00e9es, dans une dualit\u00e9 complexe qui t\u00e9moigne des contradictions soci\u00e9tales autour de la diversit\u00e9 de genre.<\/p>\n<p>L\u2019\u00e8re coloniale et l\u2019essor du christianisme principalement (mais aussi d\u2019autres religions monoth\u00e9istes) ont entra\u00een\u00e9<b> une r\u00e9pression brutale des identit\u00e9s de genre \u00ab non conformes \u00bb<\/b>. Dans le m\u00eame temps, ces syst\u00e8mes ont tent\u00e9 d\u2019\u00e9radiquer <b>les spiritualit\u00e9s et croyances pa\u00efennes, <\/b><b>souvent en harmonie<\/b><b> avec la nature et la diversit\u00e9 des genres<\/b>. En Europe, pendant des si\u00e8cles, les personnes trans \u00e9taient per\u00e7ues comme des individus anormaux, des p\u00e9cheurs, et ont \u00e9t\u00e9 sujets de moqueries et de violences.<\/p>\n<p>Pourtant, <b>la diversit\u00e9 <\/b><b>sexuelle et de<\/b><b> genre existe depuis la nuit des temps. <\/b>L\u2019histoire de la transidentit\u00e9 est <strong>u<\/strong><b>ne histoire de r\u00e9sistance, de r\u00e9silience et de qu\u00eate de reconnaissance<\/b>. Malgr\u00e9 leur existence mill\u00e9naire, les personnes trans ont longtemps \u00e9t\u00e9 invisibilis\u00e9es, stigmatis\u00e9es et discrimin\u00e9es. <strong>Aujourd\u2019hui, gr\u00e2ce aux luttes men\u00e9es par plusieurs g\u00e9n\u00e9rations d\u2019activistes, la transidentit\u00e9 est de plus en plus reconnue et englobe une diversit\u00e9 d\u2019expressions de genre l\u00e9gitimes.<\/strong><\/p>\n<p>Cependant, le chemin vers l\u2019\u00e9galit\u00e9 est encore sem\u00e9 d\u2019emb\u00fbches. Les parcours de transition restent extr\u00eamement complexes \u00e0 tous les niveaux : personnel, social, professionnel, m\u00e9dical et administratif. Rien que pour changer d\u2019\u00e9tat civil, une personne trans doit r\u00e9pondre \u00e0 des crit\u00e8res stricts. <strong>Si elle s\u2019\u00e9carte des normes de genre impos\u00e9es (par exemple, une femme trans jug\u00e9e \u00ab pas assez f\u00e9minine \u00bb), son changement peut lui \u00eatre refus\u00e9.<\/strong><\/p>\n<p>Contrairement \u00e0 certains pr\u00e9jug\u00e9s,<strong> ce ne sont pas les personnes trans qui renforcent les st\u00e9r\u00e9otypes de genre : c\u2019est la soci\u00e9t\u00e9 qui les leur impose.<\/strong> Pour avoir acc\u00e8s \u00e0 des droits fondamentaux, elles sont souvent contraintes de s\u2019y conformer. <a target=\"_blank\" href=\"https:\/\/mrmondialisation.org\/violences-sexuelles-une-de-nos-redactrices-temoigne\/\"><b>Cette lutte est indissociable du f\u00e9minisme : <\/b><em><b>notre corps, notre choix<\/b><\/em><b>.<\/b><\/a><\/p>\n<h3 class=\"western\"><strong>3. \u00ab Les femmes trans ne sont pas de \u00ab\u00a0vraies\u00a0\u00bb femmes \u00bb (et inversement pour les hommes trans)<\/strong><\/h3>\n<p><strong>FAUX. <\/strong><strong>Le genre ne se limite pas \u00e0 la biologie. La notion de \u00ab\u202fvraie femme\u202f\u00bb ou de \u00ab\u202fvrai homme\u202f\u00bb repose sur des crit\u00e8res arbitraires et \u00e9volutifs. <\/strong><strong>R\u00e9duire les femmes \u00e0 des organes reproducteurs est une vision sexiste qui va \u00e0 l\u2019encontre m\u00eame de la lutte f\u00e9ministe, puisque c\u2019est pr\u00e9cis\u00e9ment cette r\u00e9duction qui a historiquement servi de justification \u00e0 leur oppression.<\/strong><\/p>\n<p>Mais alors, qu\u2019est-ce qu\u2019une \u00ab\u202fvraie femme\u202f\u00bb\u202f? Une personne qui a ses r\u00e8gles\u202f? Alors les personnes m\u00e9nopaus\u00e9es ne seraient pas des femmes\u202f? Une personnes capable d\u2019enfanter\u202f? Cela exclurait donc les femmes st\u00e9riles\u202f? <strong>Ces crit\u00e8res sont absurdes et refl\u00e8tent des st\u00e9r\u00e9otypes oppressifs.<\/strong> Le f\u00e9minisme combat ces \u00e9tiquettes restrictives, qui enferment les femmes dans des r\u00f4les d\u00e9termin\u00e9s par leur biologie. Son but est de traiter chaque personne comme un \u00eatre humain \u00e0 part enti\u00e8re, ind\u00e9pendamment de son sexe et de son genre.<\/p>\n<p>Par ailleurs, <strong>m\u00eame le sexe biologique est un concept multifactoriel, qui ne se r\u00e9duit pas simplement aux chromosomes ou aux organes g\u00e9nitaux.<\/strong> Il inclut des dimensions g\u00e9n\u00e9tiques, hormonales, anatomiques et morphologiques.<\/p>\n<p><iframe loading=\"lazy\" title=\"PERSONNES TRANS, POURQUOI TANT DE HAINE ?\" width=\"1110\" height=\"624\" src=\"https:\/\/www.youtube.com\/embed\/joLda2BMVGU?feature=oembed\" frameborder=\"0\" allow=\"accelerometer; autoplay; clipboard-write; encrypted-media; gyroscope; picture-in-picture; web-share\" referrerpolicy=\"strict-origin-when-cross-origin\" allowfullscreen><\/iframe><\/p>\n<h4 class=\"western\"><strong>Quelle diff\u00e9rence entre le sexe et le genre\u202f?<\/strong><\/h4>\n<p><strong>Le sexe est une caract\u00e9ristique biologique d\u00e9termin\u00e9e \u00e0 la naissance en fonction des chromosomes (XX, XY ou variations intersexes), des organes g\u00e9nitaux et des caract\u00e9ristiques hormonales.<\/strong> On parle g\u00e9n\u00e9ralement de sexe f\u00e9minin et masculin, mais il existe des variations naturelles qui ne rentrent pas strictement dans ces cat\u00e9gories. Ainsi, <b>m\u00eame en biologie, le sexe est une r\u00e9alit\u00e9 complexe<\/b>. Selon les sp\u00e9cialistes, <a target=\"_blank\" href=\"https:\/\/www.ohchr.org\/fr\/sexual-orientation-and-gender-identity\/intersex-people\">environ <strong>2\u202f% de la population na\u00eet avec des caract\u00e9ristiques intersex<\/strong><strong>u\u00e9es<\/strong><\/a>, soit un chiffre plus \u00e9lev\u00e9 que celui des personnes transgenres (moins de 1\u202f% de la population).<\/p>\n<p><strong>Le genre, quant \u00e0 lui, est une <\/strong><b>construction sociale et culturelle<\/b>. Il d\u00e9finit les r\u00f4les, attentes et comportements associ\u00e9s aux identit\u00e9s masculines et f\u00e9minines dans une soci\u00e9t\u00e9 donn\u00e9e. Il n\u2019est ni fig\u00e9, ni universel\u202f: il varie selon les \u00e9poques, les cultures et les contextes sociaux. <strong>Le genre inclut \u00e9galement les identit\u00e9s non binaires ou fluides, qui ne se reconnaissent pas forc\u00e9ment dans la stricte dichotomie homme\/femme.<\/strong><\/p>\n<h4 class=\"western\"><strong>Non, les personnes trans ne sont pas des \u00ab\u202fhommes d\u00e9guis\u00e9s en femmes\u202f\u00bb (ou inversement)<\/strong><\/h4>\n<p>L\u2019identit\u00e9 de genre ne se r\u00e9duit pas aux apparences. <strong>\u00catre trans ne signifie pas \u00ab\u202ffaire semblant\u202f\u00bb\u202f: c\u2019est un profond ressenti d\u2019inad\u00e9quation entre l\u2019identit\u00e9 et le sexe assign\u00e9 \u00e0 la naissance.<\/strong> La transition (sociale, hormonale ou chirurgicale) est un parcours personnel, que chacun\u00b7e vit diff\u00e9remment.<\/p>\n<p>Certains mettent en avant <a target=\"_blank\" href=\"https:\/\/www.desclic.net\/post\/comprendre-et-accompagner-les-mineurs-transgenres\">les cas de personnes ayant regrett\u00e9 leur transition<\/a> pour discr\u00e9diter l\u2019ensemble des parcours trans. Toutefois, si ce taux peut aller jusqu\u2019\u00e0 14,4\u00a0% (voire 20 % pour les arthroplasties totales du genou selon une \u00e9tude), il inclut principalement les regrets dus \u00e0 la pression sociale et \u00e0 la transphobie engendr\u00e9e par la transition. En revanche, <a target=\"_blank\" href=\"https:\/\/blogs.mediapart.fr\/jean-vincot\/blog\/020623\/detransition-retransition-et-ce-que-tout-le-monde-oublie\"><b>le taux de regrets r\u00e9sultant du doute concernant l\u2019identit\u00e9 de genre varie seulement entre 0,09\u00a0% et 2,4\u00a0% selon les \u00e9tudes<\/b><\/a>. C\u2019est compl\u00e8tement d\u00e9risoire. Mais bien s\u00fbr, l\u2019extr\u00eame droite, qui adore mettre en avant des exceptions pour d\u00e9cr\u00e9dibiliser toute id\u00e9e de tol\u00e9rance, s\u2019en sert d\u2019\u00e9pouvantail.<\/p>\n<p>Par ailleurs, \u00e0 titre de comparaison, <a target=\"_blank\" href=\"https:\/\/fr.yougov.com\/society\/articles\/43186-europeens-ont-ils-deja-regrette-davoir-des-enfants\"><b>selon une enqu\u00eate europ\u00e9enne, entre 9 et 16 % des parents regrettent avoir eu des enfants<\/b><\/a>. <strong>Et ici, il ne s\u2019agit pas seulement d\u2019un choix personnel qui concerne son propre corps, mais d\u2019une d\u00e9cision qui implique la vie et le bien-\u00eatre d\u2019autres \u00eatres humains.<\/strong> Pourtant, personne ne milite pour emp\u00eacher les gens d\u2019avoir des enfants sous pr\u00e9texte qu\u2019une minorit\u00e9 d\u2019entre eux pourraient le regretter. Ce parall\u00e8le met en \u00e9vidence <b>l\u2019incoh\u00e9rence et la malhonn\u00eatet\u00e9 intellectuelle des discours transphobes<\/b> :<b> ils ne visent pas \u00e0 prot\u00e9ger les individus d\u2019un potentiel regret, mais bien \u00e0 entraver le droit des personnes trans \u00e0 disposer d\u2019elles-m\u00eames.<\/b><\/p>\n<p><iframe loading=\"lazy\" title=\"Peut-on changer de sexe ?\" width=\"1110\" height=\"624\" src=\"https:\/\/www.youtube.com\/embed\/IjA_Q31PwSA?feature=oembed\" frameborder=\"0\" allow=\"accelerometer; autoplay; clipboard-write; encrypted-media; gyroscope; picture-in-picture; web-share\" referrerpolicy=\"strict-origin-when-cross-origin\" allowfullscreen><\/iframe><\/p>\n<h3 class=\"western\"><strong>4. \u00ab <\/strong><strong>La transidentit\u00e9<\/strong><strong> met en danger les enfants\u00a0\u00bb<\/strong><\/h3>\n<p>Pour ne rien changer, une nouvelle panique morale propag\u00e9e par l\u2019extr\u00eame droite : \u00ab Attention, ils s\u2019attaquent aux enfants ! \u00bb <strong>\u00c9videmment, tout le monde veut prot\u00e9ger les enfants, donc comment ne pas tomber dans le pi\u00e8ge ? Avez-vous remarqu\u00e9 que <\/strong><strong>l\u2019extr\u00eame droite utilise syst\u00e9matiquement l\u2019argument de la \u00ab protection des enfants \u00bb pour discr\u00e9diter tout mouvement pr\u00f4nant l\u2019\u00e9galit\u00e9 ou la tol\u00e9rance <\/strong><strong>? Une technique vieille comme le monde.<\/strong><\/p>\n<p>En mati\u00e8re de malhonn\u00eatet\u00e9 intellectuelle, ils n\u2019en sont pas \u00e0 leur coup d\u2019essai. <strong>Exploiter l\u2019\u00e9motion et notre instinct primaire de protection pour manipuler l\u2019opinion publique est une m\u00e9thode bien rod\u00e9e, permettant d\u2019infuser la haine de l\u2019autre et de justifier la mise en place de politiques discriminatoires.<\/strong> Un paradoxe, quand on y pense.<\/p>\n<p>En r\u00e9alit\u00e9, cette id\u00e9e alarmiste selon laquelle la transidentit\u00e9 mettrait les enfants en danger ne repose sur <b>aucun fondement s\u00e9rieux<\/b>. Elle v\u00e9hicule la peur et la confusion en insinuant que reconna\u00eetre l\u2019identit\u00e9 des enfants transgenres pourrait leur nuire, alors que <b>cette reconnaissance contribue au contraire \u00e0 leur bien-\u00eatre<\/b>. Un site qui d\u00e9monte avec brio ces arguments est \u00ab Toutes des femmes \u00bb, qui propose une <a target=\"_blank\" href=\"https:\/\/toutesdesfemmes.fr\/ressources\/enfants-trans-de-quoi-parle-t-on\/\">analyse approfondie des enjeux li\u00e9s \u00e0 la transidentit\u00e9 chez les mineurs<\/a>.<\/p>\n<h4 class=\"western\"><strong>La m\u00e9dicalisation pr\u00e9coce : un mythe<\/strong><\/h4>\n<p><strong>La prise en charge m\u00e9dicale des enfants trans est un processus long et progressif,<\/strong> d\u00e9butant par une exploration de l\u2019identit\u00e9 de genre avec un suivi psychologique et m\u00e9dical pluridisciplinaire (psychologues, m\u00e9decins, etc.). <b>Aucun enfant ne subit une transition m\u00e9dicale (hormonale ou chirurgicale) avant d\u2019avoir atteint une maturit\u00e9 suffisante. <\/b>Ces parcours sont soumis \u00e0 <strong>des protocoles m\u00e9dicaux stricts<\/strong> et n\u00e9cessitent un suivi approfondi.<\/p>\n<p>Les bloqueurs de pubert\u00e9, souvent diabolis\u00e9s, sont en r\u00e9alit\u00e9 un<b> traitement r\u00e9versible reconnu par la communaut\u00e9 scientifique<\/b> pour aider les enfants trans \u00e0 \u00e9viter les souffrances li\u00e9es aux transformations corporelles non d\u00e9sir\u00e9es.<\/p>\n<p>Par ailleurs, <a target=\"_blank\" href=\"https:\/\/www.parents.fr\/enfant\/sante\/les-troubles\/bloqueurs-de-puberte-de-quoi-sagit-il-963930\"><b>l<\/b><b>es bloqueurs de pubert\u00e9 sont utilis\u00e9s depuis des d\u00e9cennies pour traiter la <\/b><strong><b>pubert\u00e9 pr\u00e9coce<\/b><\/strong><b> chez les enfants cisgenres<\/b><\/a>. <a target=\"_blank\" href=\"https:\/\/www.chuv.ch\/fileadmin\/sites\/dedop\/52184_21_fiche_endocrinologie_pediatrique__1_.pdf\">Un traitement valid\u00e9 par les instances m\u00e9dicales<\/a> et consid\u00e9r\u00e9 comme s\u00fbr et r\u00e9versible. Quant aux chirurgies de r\u00e9assignation sexuelle, elles sont <b>extr\u00eamement rares chez les mineurs et g\u00e9n\u00e9ralement r\u00e9serv\u00e9es \u00e0 l\u2019\u00e2ge adulte apr\u00e8s un long processus d\u2019\u00e9valuation<\/b>.<\/p>\n<h4 class=\"western\"><strong>Quid des enfants intersexes mutil\u00e9s sans leur consentement ?<\/strong><\/h4>\n<p>Contrairement aux discours alarmistes sur les transitions m\u00e9dicales des enfants trans, il existe une autre r\u00e9alit\u00e9 gravissime : <a target=\"_blank\" href=\"https:\/\/www.amnesty.fr\/chronique\/intersexe-genre-operation-discrimination\"><b>les op\u00e9rations impos\u00e9es aux enfants intersexes d\u00e8s la naissance pour leur assigner un sexe, sans leur consentement<\/b><\/a>. Ces interventions irr\u00e9versibles visent \u00e0 conformer ces enfants aux attentes sociales et constituent une v\u00e9ritable mutilation.<\/p>\n<p><iframe loading=\"lazy\" title=\"M\u00f6, maltrait\u00e9\u00b7e par le corps m\u00e9dical - Oc\u00e9an S2\" width=\"1110\" height=\"624\" src=\"https:\/\/www.youtube.com\/embed\/391-HM3lcmU?feature=oembed\" frameborder=\"0\" allow=\"accelerometer; autoplay; clipboard-write; encrypted-media; gyroscope; picture-in-picture; web-share\" referrerpolicy=\"strict-origin-when-cross-origin\" allowfullscreen><\/iframe><\/p>\n<p>Les bloqueurs de pubert\u00e9 sont <b><a target=\"_blank\" href=\"https:\/\/www.amnesty.org\/fr\/latest\/campaigns\/2017\/05\/intersex-rights\">\u00e9galement utilis\u00e9s sur les enfants intersexes, souvent sans leur consentement, pour les conformer aux normes binaires de sexe<\/a>, <\/b>pour aligner leur d\u00e9veloppement sur une identit\u00e9 sexuelle assign\u00e9e par les m\u00e9decins ou les parents. <strong>Des interventions m\u00e9dicales vivement critiqu\u00e9es par des organisations de d\u00e9fense des droits humains \u00e9tant donn\u00e9 qu\u2019elles peuvent \u00eatre r\u00e9alis\u00e9es sans le consentement des personnes concern\u00e9es.<\/strong> Contrairement aux bloqueurs prescrits aux enfants trans ou aux enfants atteints de pubert\u00e9 pr\u00e9coce, ces traitements ne visent pas \u00e0 offrir un choix, mais \u00e0 imposer une trajectoire corporelle per\u00e7ue comme \u00ab\u00a0normale\u00a0\u00bb par la m\u00e9decine et la soci\u00e9t\u00e9. Rien qu\u2019en 2016, la<b> France <\/b><a target=\"_blank\" href=\"https:\/\/www.senat.fr\/questions\/base\/2019\/qSEQ190410164.html\"><b>a \u00e9t\u00e9 condamn\u00e9e \u00e0 trois reprises p<\/b><b>ar l\u2019ONU pour <\/b><b>de<\/b><b>s mutilations <\/b><b>r\u00e9alis\u00e9es<\/b><b> sur <\/b><b>des <\/b><b>enfants intersexes<\/b><\/a><b>.<\/b><\/p>\n<p><strong>Or, les m\u00eames militants transphobes qui se r\u00e9clament de la \u00ab biologie \u00bb pour refuser la reconnaissance des personnes trans ne d\u00e9noncent pas ces mutilations \u2013 et les soutiennent m\u00eame souvent.<\/strong> Faut-il en conclure que, selon eux, les personnes n\u00e9es intersexes ne seraient pas \u00ab naturelles \u00bb ? Une contradiction flagrante qui prouve que <b>leur combat ne repose pas sur la science, mais sur un d\u00e9sir de contr\u00f4le des corps et des identit\u00e9s.<\/b><\/p>\n<p><iframe loading=\"lazy\" title=\"Prot\u00e9geons les enfants intersexes : changer son corps ou non, ce sera son choix\" width=\"1110\" height=\"624\" src=\"https:\/\/www.youtube.com\/embed\/AVvBOKalscg?feature=oembed\" frameborder=\"0\" allow=\"accelerometer; autoplay; clipboard-write; encrypted-media; gyroscope; picture-in-picture; web-share\" referrerpolicy=\"strict-origin-when-cross-origin\" allowfullscreen><\/iframe><\/p>\n<h4 class=\"western\"><strong>Les<\/strong><strong> enfants trans existent bel et bien <\/strong><\/h4>\n<p>Beaucoup de personnes transgenres t\u00e9moignent avoir ressenti d\u00e8s leur plus jeune \u00e2ge une incongruence entre leur identit\u00e9 de genre et leur sexe assign\u00e9 \u00e0 la naissance. <strong>L\u2019augmentation des t\u00e9moignages de jeunes trans s\u2019explique par une meilleure visibilit\u00e9 et une diminution de la stigmatisation, et non par un effet de mode<\/strong>. Si certains enfants explorent leur identit\u00e9 et \u00e9voluent avec le temps, d\u2019autres sont tr\u00e8s clairs sur leur genre d\u00e8s leur plus jeune \u00e2ge. L\u2019essentiel n\u2019est pas d\u2019imposer une vision adulte, mais d\u2019accompagner ces enfants avec bienveillance.<\/p>\n<p>Les enfants transgenres qui sont soutenus dans leur parcours, qui peuvent s\u2019exprimer librement sur leur genre et qui re\u00e7oivent l\u2019amour et l\u2019acceptation n\u00e9cessaires, ont de bien meilleures chances de vivre une vie \u00e9panouie. En revanche, <strong>lorsqu\u2019on leur impose de r\u00e9primer leur identit\u00e9 de genre ou qu\u2019on les emp\u00eache d\u2019exprimer qui ils sont, ils courent un risque accru de d\u00e9pression, d\u2019anxi\u00e9t\u00e9, et de pens\u00e9es suicidaires<\/strong>.<\/p>\n<p><a target=\"_blank\" href=\"https:\/\/www.erudit.org\/fr\/revues\/smq\/2015-v40-n3-smq02336\/1034913ar\">Des travaux scientifiques montrent que l\u2019accompagnement des enfants transgenres, loin de les \u00ab\u00a0mettre en danger\u00a0\u00bb, est une des cl\u00e9s pour leur sant\u00e9 mentale et leur bien-\u00eatre<\/a>. D\u2019apr\u00e8s une \u00e9tude notamment,<strong> le taux de pens\u00e9es suicidaires diminue de 93\u00a0% chez les jeunes qui vivent dans une famille avec un soutien parental fort<\/strong>. Une autre \u00e9tude a montr\u00e9 que <a target=\"_blank\" href=\"https:\/\/pmc.ncbi.nlm.nih.gov\/articles\/PMC5951662\">les enfants trans qui sont soutenus dans leur identit\u00e9 de genre ont une sant\u00e9 mentale aussi favorable que les enfants cisgenres<\/a>.<\/p>\n<p>D\u2019autres recherches ont mis en lumi\u00e8re <a target=\"_blank\" href=\"https:\/\/pmc.ncbi.nlm.nih.gov\/articles\/PMC5112018\/\">le fait que <strong>l\u2019absence de soutien familial ad\u00e9quat chez les jeunes transgenres <\/strong><\/a><strong>accro\u00eet consid\u00e9rablement leur risque de souffrir d\u2019anxi\u00e9t\u00e9, de d\u00e9pression, de faible estime de soi<\/strong>. L\u2019absence de soutien parental est associ\u00e9e \u00e0 un <a target=\"_blank\" href=\"https:\/\/pmc.ncbi.nlm.nih.gov\/articles\/PMC5951662\">taux de tentatives de suicide 14 fois plus \u00e9lev\u00e9 chez les jeunes transgenres<\/a>. <a target=\"_blank\" href=\"https:\/\/trajectoiresjeunestrans.fr\/actualites\/la-sante-mentale-des-jeunes-trans-ayant-beneficie-dune-transition-sociale-et-dun-acces-precoces-aux-soins-daffirmation-de-genre-est-normale-et-stable\/\">Les soins d\u2019affirmation de genre, combin\u00e9s \u00e0 un environnement familial favorable<\/a>, contribuent \u00e0 une trajectoire de sant\u00e9 mentale stable chez les jeunes transgenres.<\/p>\n<h4 class=\"western\"><strong>Il n\u2019y a pas d\u2019\u00ab \u00e9pid\u00e9mie \u00bb de jeunes trans<\/strong><\/h4>\n<p>L\u2019id\u00e9e d\u2019une \u00ab \u00e9pid\u00e9mie \u00bb de jeunes trans est infond\u00e9e scientifiquement. <a target=\"_blank\" href=\"https:\/\/transparents.info\/faq\/le-nombre-de-personnes-trans-est-il-en-augmentation\/\">L\u2019accroissement des coming out trans s\u2019explique notamment par <b>un meilleur acc\u00e8s \u00e0 l\u2019information et une sensibilisation accrue des professionnels de sant\u00e9<\/b><\/a>. Pourtant, faire son coming out en tant que personne trans reste <b>une prise de risque \u00e9norme en raison du rejet familial et social<\/b>. Imaginer que des enfants le font par effet de mode est extr\u00eamement r\u00e9ducteur.<\/p>\n<h4 class=\"western\"><strong>On ne peut pas \u00ab gu\u00e9rir \u00bb la transidentit\u00e9<\/strong><\/h4>\n<p>La transidentit\u00e9 n\u2019est pas une maladie, il n\u2019y a rien \u00e0 gu\u00e9rir. <a target=\"_blank\" href=\"https:\/\/educaloi.qc.ca\/capsules\/therapie-de-conversion\/\"><b>Les th\u00e9rapies de conversion visant \u00e0 \u00ab corriger \u00bb la transidentit\u00e9 sont inefficaces, dangereuses et scientifiquement discr\u00e9dit\u00e9es<\/b><\/a>. Les professionnels encouragent plut\u00f4t un accompagnement bienveillant, permettant aux jeunes d\u2019explorer leur identit\u00e9 en toute s\u00e9curit\u00e9. Rappelons que <b>l\u2019homosexualit\u00e9 a elle aussi \u00e9t\u00e9 psychiatris\u00e9e et m\u00e9dicalis\u00e9e, consid\u00e9r\u00e9e auparavant comme une pathologie<\/b>, une d\u00e9viance. C\u2019est en 1990 seulement que l\u2019OMS a cess\u00e9 de la consid\u00e9rer comme une maladie mentale. Des progr\u00e8s r\u00e9cents et encore tr\u00e8s fragiles.<\/p>\n<p><iframe loading=\"lazy\" title=\"Les ravages des th\u00e9rapies de conversion | L&#039;Enqu\u00eate\" width=\"1110\" height=\"833\" src=\"https:\/\/www.youtube.com\/embed\/23Eqv45SdOg?feature=oembed\" frameborder=\"0\" allow=\"accelerometer; autoplay; clipboard-write; encrypted-media; gyroscope; picture-in-picture; web-share\" referrerpolicy=\"strict-origin-when-cross-origin\" allowfullscreen><\/iframe><\/p>\n<h4 class=\"western\"><strong>L\u2019\u00e9ducation sexuelle et affective : un danger pour les enfants, vraiment ?<\/strong><\/h4>\n<p>L\u2019id\u00e9e selon laquelle l\u2019\u00e9ducation scolaire au genre et \u00e0 la sexualit\u00e9 \u00ab corrompt \u00bb les enfants repose sur une d\u00e9sinformation flagrante. <strong><a target=\"_blank\" href=\"https:\/\/www.education.gouv.fr\/education-la-vie-affective-relationnelle-et-la-sexualite-le-programme-de-l-education-nationale-est-416537\">Les cours d\u2019\u00e9ducation \u00e0 la vie relationnelle, sexuelle et affective (EVRAS) ont pour but de sensibiliser les enfants \u00e0 leurs droits, de leur apprendre \u00e0 reconna\u00eetre les situations d\u2019abus et de leur fournir des outils pour se prot\u00e9ger<\/a><\/strong>.<\/p>\n<p>Il est important de rappeler que <a target=\"_blank\" href=\"https:\/\/solidarites.gouv.fr\/plan-de-lutte-contre-les-violences-faites-aux-enfants-2023-2027\"><b>la majorit\u00e9 des agressions sexuelles sur mineurs sont des incestes <\/b><b>(77%)<\/b>, se produisant dans le cadre familial<\/a> et non sous l\u2019influence d\u2019un pr\u00e9tendu \u00ab endoctrinement scolaire \u00bb. Ces cours sont une mesure pr\u00e9ventive essentielle pour lutter contre les violences faites aux enfants. R\u00e9server l\u2019\u00e9ducation sexuelle au cadre familial est criminel.<\/p>\n<p>Concernant l\u2019identit\u00e9 de genre, elle n\u2019appara\u00eet dans le programme scolaire fran\u00e7ais qu\u2019\u00e0 partir du lyc\u00e9e et a pour but de sensibiliser au respect de la diversit\u00e9. Ces enseignements visent \u00e0 promouvoir le respect, la compr\u00e9hension et l\u2019inclusion. Il ne s\u2019agit pas d\u2019imposer une id\u00e9ologie, mais de <b>donner aux jeunes des cl\u00e9s pour comprendre le monde qui les entoure<\/b>. Encore une fois, la diversit\u00e9 sexuelle et de genre existe. On ne peut pas la faire dispara\u00eetre simplement parce qu\u2019elle d\u00e9range certaines personnes.<\/p>\n<h3 class=\"western\"><strong>5. \u00ab Les personnes trans veulent imposer leur id\u00e9ologie \u00bb<\/strong><\/h3>\n<p><b>FAUX.<\/b> <b>Revendiquer des droits fondamentaux (acc\u00e8s aux soins, respect, protection contre la discrimination) n\u2019est pas \u00ab\u00a0imposer une id\u00e9ologie\u00a0\u00bb<\/b>, mais simplement r\u00e9clamer une \u00e9galit\u00e9 de traitement. Les personnes trans ne forcent personne \u00e0 transitionner, elles demandent juste \u00e0 exister librement. Personne ne vous force non plus \u00e0 lire ou \u00e0 visionner des contenus qui les concernent (en encore moins \u00e0 les bombarder de commentaires haineux). De surcro\u00eet,<b> la propagande anti-trans est bien plus virulente sur internet que les discours des personnes concern\u00e9es<\/b>. La d\u00e9sinformation et la haine a, comme pour de nombreux sujets, le monopole sur la toile.<\/p>\n<h3 class=\"western\"><strong>6. \u00ab Les personnes transgenres sont toutes homosexuelles \u00bb<\/strong><\/h3>\n<p><b>FAUX.<\/b> L\u2019orientation sexuelle et l\u2019identit\u00e9 de genre sont deux choses distinctes. Les personnes transgenres peuvent \u00eatre h\u00e9t\u00e9rosexuelles, homosexuelles, bisexuelles, asexuelles, etc.<\/p>\n<h3 class=\"western\"><strong>7. \u00ab L\u2019inclusion des personnes trans met en danger les femmes cisgenres \u00bb<\/strong><\/h3>\n<p><b>FAUX. <\/b>Ce mythe repose sur l\u2019id\u00e9e erron\u00e9e que les femmes trans seraient une menace dans les espaces non mixtes (toilettes, vestiaires, sports). Or, <b>aucune \u00e9tude s\u00e9rieuse ne prouve une augmentation des violences due \u00e0 la pr\u00e9sence de femmes trans<\/b>. En revanche, les personnes trans elles-m\u00eames, tout en repr\u00e9sentant un infime pourcentage de la population, sont <a target=\"_blank\" href=\"https:\/\/williamsinstitute.law.ucla.edu\/press\/ncvs-trans-press-release\">bien plus expos\u00e9es aux violences que les personnes cisgenres (quatre fois plus, selon une \u00e9tude)<\/a>. Environ<a target=\"_blank\" href=\"https:\/\/trajectoiresjeunestrans.fr\/personnes-concernees-et-proches\/chiffres-cles\"><b> 80\u00a0%<\/b><b> des personnes transgenres o<\/b><b>nt d\u00e9j\u00e0 subi des agressions dans l\u2019espace public<\/b><\/a> (physiques, verbales ou sexuelles).<\/p>\n<p><a target=\"_blank\" href=\"https:\/\/transrespect.org\/en\/trans-murder-monitoring-2023\/\">Entre octobre 2022 et septembre 2023, <b>320 meurtres de personnes trans et non binaires ont \u00e9t\u00e9 enregistr\u00e9s dans 59 pays<\/b><\/a>, selon le TGEU (Transgender Europe). Un chiffre toutefois sous-estim\u00e9 en raison du manque de reconnaissance l\u00e9gale et de la sous-d\u00e9claration des crimes, et en m\u00eame temps disproportionn\u00e9 en sachant que l\u2019on parle ici de moins de 1\u00a0% de la population. <a target=\"_blank\" href=\"https:\/\/www.unaids.org\/fr\/resources\/presscentre\/featurestories\/2018\/april\/injustices-faced-by-transgender-women-in-peru\"><b>L\u2019<\/b><strong><b>esp\u00e9rance de vie moyenne des femmes trans en Am\u00e9rique latine<\/b><\/strong><b> est estim\u00e9e \u00e0 <\/b><strong><b>35 ans<\/b><\/strong><\/a>, en raison des violences syst\u00e9miques, de l\u2019exclusion sociale et de la pr\u00e9carit\u00e9.<\/p>\n<p><strong>Les femmes trans subissent le sexisme, comme toutes les autres femmes, si ce n\u2019est davantage : on parle de transmisogynie. <\/strong>M\u00eame si elles ont \u00e9t\u00e9 per\u00e7ues comme des hommes une partie de leur vie, elles ne conservent pas leurs privil\u00e8ges masculins en transitionnant. De plus, n\u2019ayant g\u00e9n\u00e9ralement pas respect\u00e9 les normes de genre d\u00e8s l\u2019enfance, elles n\u2019ont souvent jamais r\u00e9ellement eu acc\u00e8s \u00e0 ces privil\u00e8ges. Lorsqu\u2019elles sont identifi\u00e9es comme trans, elles sont d\u2019autant plus vuln\u00e9rables aux violences, car <b>la soci\u00e9t\u00e9 patriarcale punit bien plus s\u00e9v\u00e8rement les femmes per\u00e7ues comme ayant renonc\u00e9 \u00e0 \u00eatre des hommes<\/b>.<\/p>\n<p>Penser qu\u2019une personne puisse traverser un parcours aussi difficile, l\u2019exposant \u00e0 des violences d\u00e9mesur\u00e9es, voire au meurtre, dans le seul but de nuire aux femmes, rel\u00e8ve de l\u2019absurde. <strong>Puisque le f\u00e9minisme lutte contre le sexisme, les discriminations et les oppressions, il est donc logique d\u2019unir nos forces entre celles et ceux qui subissent ces injustices.<\/strong><\/p>\n<h3 class=\"western\"><strong>8. \u00ab Les femmes trans dans les comp\u00e9titions f\u00e9minines sportives, c\u2019est de la triche \u00bb<\/strong><\/h3>\n<p><b>FAUX.<\/b> <a target=\"_blank\" href=\"https:\/\/toutesdesfemmes.fr\/ressources\/faq-sport-trans\/\">L\u2019id\u00e9e que les femmes trans seraient \u00ab\u00a0ill\u00e9gitimes\u00a0\u00bb dans les comp\u00e9titions sportives f\u00e9minines repose sur des pr\u00e9jug\u00e9s faux et discriminatoires<\/a>. Tout d\u2019abord, les performances en sport ne d\u00e9pendent pas uniquement du sexe biologique. Elles sont influenc\u00e9es par une multitude de facteurs : l\u2019entra\u00eenement, la technique, la motivation, et bien s\u00fbr, la g\u00e9n\u00e9tique. Par ailleurs, <b>de nombreuses athl\u00e8tes cisgenres b\u00e9n\u00e9ficient \u00e9galement de pr\u00e9dispositions physiques naturelles<\/b>, comme une taille ou une musculature plus avantageuse. Cela n\u2019enl\u00e8ve rien \u00e0 leur m\u00e9rite, et cela ne les rend pas \u00ab\u00a0moins l\u00e9gitimes\u00a0\u00bb.<\/p>\n<p>En outre, les femmes trans qui participent \u00e0 des comp\u00e9titions sportives f\u00e9minines doivent souvent suivre<b> un traitement hormonal pour aligner leur taux de testost\u00e9rone sur celui des autres femmes<\/b>. Ces r\u00e9gulations hormonales sont strictement contr\u00f4l\u00e9es par les f\u00e9d\u00e9rations sportives, et les athl\u00e8tes doivent respecter des seuils sp\u00e9cifiques pour garantir l\u2019\u00e9quit\u00e9. Cette d\u00e9marche vise \u00e0 niveler les diff\u00e9rences hormonales, afin d\u2019assurer une comp\u00e9tition juste et \u00e9quilibr\u00e9e. Donc, aucun avantage de ce point de vue l\u00e0 en comparaison des autres comp\u00e9titrices.<\/p>\n<p>En r\u00e9alit\u00e9, <strong>les femmes trans sont r\u00e9guli\u00e8rement confront\u00e9es \u00e0 des discriminations et des violences, y compris dans le monde du sport.<\/strong> Beaucoup ont d\u00fb surmonter des obstacles immenses pour se faire une place dans des disciplines desquelles elles \u00e9taient exclues, d\u2019abord en raison de leur sexe assign\u00e9 \u00e0 la naissance. <strong>L\u2019inclusion des femmes trans dans le sport n\u2019est pas une tentative de \u00ab\u00a0privil\u00e9gier\u00a0\u00bb certaines athl\u00e8tes, mais plut\u00f4t de les reconna\u00eetre comme des femmes \u00e0 part enti\u00e8re, avec des droits \u00e9gaux \u00e0 ceux des autres.<\/strong><\/p>\n<h3 class=\"western\"><strong>9. \u00ab Les femmes trans sont des hommes f\u00e9tichistes de la f\u00e9minit\u00e9 \u00bb<\/strong><\/h3>\n<p><b>FAUX. <\/b><strong>\u00catre une femme trans, ce n\u2019est pas une \u00ab\u00a0mascarade\u00a0\u00bb ou une tentative de jouer \u00e0 \u00eatre une femme pour des raisons superficielles.<\/strong> Une femme trans est une personne dont l\u2019identit\u00e9 de genre est f\u00e9minine, mais qui a \u00e9t\u00e9 assign\u00e9e homme \u00e0 la naissance. Cette identit\u00e9 est profond\u00e9ment ressentie et v\u00e9cue au-del\u00e0 de la simple apparence ou de l\u2019orientation sexuelle. <strong>Le f\u00e9tichisme, en revanche, se rapporte \u00e0 l\u2019attirance sexuelle pour des caract\u00e9ristiques ou des objets sp\u00e9cifiques, ce qui n\u2019a rien \u00e0 voir avec l\u2019exp\u00e9rience de vivre en tant que personne trans.<\/strong><\/p>\n<p><strong>La transition n\u2019est pas une qu\u00eate de validation ext\u00e9rieure. <\/strong>Les personnes trans ne cherchent pas \u00e0 \u00ab\u00a0f\u00e9tichiser\u00a0\u00bb les genres ou \u00e0 satisfaire des fantasmes. La transition est un processus profond et personnel qui vise \u00e0 aligner leur corps avec leur identit\u00e9 de genre. Il ne s\u2019agit pas d\u2019une performance pour les autres, mais d\u2019un chemin de bien-\u00eatre et de reconnaissance de soi.<\/p>\n<p>Par ailleurs, beaucoup de femmes trans ont d\u00fb affronter des obstacles immenses pour \u00eatre accept\u00e9es dans leur genre et vivre en accord avec leur identit\u00e9. <strong>R\u00e9duire leur existence \u00e0 des st\u00e9r\u00e9otypes erron\u00e9s comme le f\u00e9tichisme est non seulement inexact, mais \u00e9galement cruel.<\/strong><\/p>\n<p><iframe loading=\"lazy\" title=\"6 PERSONNES TRANS Vs. CLICH\u00c9S\" width=\"1110\" height=\"624\" src=\"https:\/\/www.youtube.com\/embed\/YwUUW73VGgc?feature=oembed\" frameborder=\"0\" allow=\"accelerometer; autoplay; clipboard-write; encrypted-media; gyroscope; picture-in-picture; web-share\" referrerpolicy=\"strict-origin-when-cross-origin\" allowfullscreen><\/iframe><\/p>\n<h2 class=\"western\"><strong>Peur, haine et d\u00e9sinformation, les ressorts de la transphobie<\/strong><\/h2>\n<p>En fin de compte,<b> la transphobie ne repose sur aucun fondement scientifique ou logique<\/b> :<b> elle est nourrie par la peur, l\u2019ignorance et une volont\u00e9 politique de d\u00e9signer des boucs \u00e9missaires<\/b>. Si l\u2019homophobie est aujourd\u2019hui moins \u00ab\u00a0acceptable\u00a0\u00bb, ce sont les trans qui prennent pour leur grade, comme s\u2019iels \u00e9taient responsables de tous les maux de la soci\u00e9t\u00e9. Les m\u00e9dias et les r\u00e9seaux sociaux jouent un r\u00f4le majeur dans la propagation de discours haineux, qui trouvent un \u00e9cho dans les groupes conservateurs et r\u00e9actionnaires.<\/p>\n<p>D\u00e9fendre les droits des personnes trans, c\u2019est d\u00e9fendre le droit de chacun\u00b7e \u00e0 exister librement, sans peur et sans honte. Il est temps d\u2019arr\u00eater de d\u00e9battre de leur existence et de se concentrer sur l\u2019urgence de leur protection, \u00e0 l\u2019heure o\u00f9 leurs droits les plus fondamentaux sont plus que jamais menac\u00e9s.<\/p>\n<p align=\"right\"><strong>\u2013<\/strong> <i><b>Elena Meilune<\/b><\/i><\/p>\n<hr\/>\n<h2 class=\"western\"><b><strong>Bibliographie et ressources<\/strong><\/b><\/h2>\n<h3><strong>Articles scientifiques et rapports<\/strong><\/h3>\n<h3><strong>Organisations et ressources institutionnelles<\/strong><\/h3>\n<h3><strong>Articles et chroniques en ligne<\/strong><\/h3>\n<h3><strong>\u00c9missions et podcasts<\/strong><\/h3>\n<div class=\"td-a-rec td-a-rec-id-content_bottom_mob \"><span class=\"td-adspot-title\">&#8211; Information &#8211;<\/span><\/p>\n<div class=\"td-all-devices\">\n    <a target=\"_blank\" href=\"https:\/\/mrmondialisation.org\/donation\/\" title=\"Faire_un_don\"><img decoding=\"async\" class=\"donationArticle\" src=\"https:\/\/mrmondialisation.org\/wp-content\/uploads\/2022\/12\/220405-flikalicious-final.jpg\" alt=\"Donation\"\/><\/a>\n<\/div>\n<\/div><\/div>\n<p><br \/>\n<br \/><a href=\"https:\/\/mrmondialisation.org\/transidentite-deconstruire-les-prejuges-combattre-la-haine\/\" target=\"_blank\"\">Source link <\/a><\/p>\n","protected":false},"excerpt":{"rendered":"<p>Transidentit\u00e9\u00a0: d\u00e9construire les pr\u00e9jug\u00e9s, combattre la haine &#8211; Information &#8211;Soutenir Mr Japanization sur Tipeee Depuis sa r\u00e9\u00e9lection, Donald Trump a multipli\u00e9 les attaques contre les droits fondamentaux des personnes transgenres,&hellip; <\/p>\n","protected":false},"author":1,"featured_media":3877,"comment_status":"open","ping_status":"open","sticky":false,"template":"","format":"standard","meta":{"footnotes":""},"categories":[1],"tags":[],"class_list":["post-3876","post","type-post","status-publish","format-standard","has-post-thumbnail","hentry","category-non-classe"],"_links":{"self":[{"href":"https:\/\/monde25.info\/index.php\/wp-json\/wp\/v2\/posts\/3876","targetHints":{"allow":["GET"]}}],"collection":[{"href":"https:\/\/monde25.info\/index.php\/wp-json\/wp\/v2\/posts"}],"about":[{"href":"https:\/\/monde25.info\/index.php\/wp-json\/wp\/v2\/types\/post"}],"author":[{"embeddable":true,"href":"https:\/\/monde25.info\/index.php\/wp-json\/wp\/v2\/users\/1"}],"replies":[{"embeddable":true,"href":"https:\/\/monde25.info\/index.php\/wp-json\/wp\/v2\/comments?post=3876"}],"version-history":[{"count":0,"href":"https:\/\/monde25.info\/index.php\/wp-json\/wp\/v2\/posts\/3876\/revisions"}],"wp:featuredmedia":[{"embeddable":true,"href":"https:\/\/monde25.info\/index.php\/wp-json\/wp\/v2\/media\/3877"}],"wp:attachment":[{"href":"https:\/\/monde25.info\/index.php\/wp-json\/wp\/v2\/media?parent=3876"}],"wp:term":[{"taxonomy":"category","embeddable":true,"href":"https:\/\/monde25.info\/index.php\/wp-json\/wp\/v2\/categories?post=3876"},{"taxonomy":"post_tag","embeddable":true,"href":"https:\/\/monde25.info\/index.php\/wp-json\/wp\/v2\/tags?post=3876"}],"curies":[{"name":"wp","href":"https:\/\/api.w.org\/{rel}","templated":true}]}}