{"id":388,"date":"2024-11-18T11:39:37","date_gmt":"2024-11-18T10:39:37","guid":{"rendered":"https:\/\/monde25.info\/index.php\/2024\/11\/18\/vincent-bollore-bernard-arnault-et-dautres-proprietaires-de-medias-mainstream-reprennent-lesj-de-paris\/"},"modified":"2024-11-18T11:39:37","modified_gmt":"2024-11-18T10:39:37","slug":"vincent-bollore-bernard-arnault-et-dautres-proprietaires-de-medias-mainstream-reprennent-lesj-de-paris","status":"publish","type":"post","link":"https:\/\/monde25.info\/index.php\/2024\/11\/18\/vincent-bollore-bernard-arnault-et-dautres-proprietaires-de-medias-mainstream-reprennent-lesj-de-paris\/","title":{"rendered":"Vincent Bollor\u00e9, Bernard Arnault et d\u2019autres propri\u00e9taires de m\u00e9dias mainstream \u201creprennent\u201d l\u2019ESJ de Paris"},"content":{"rendered":"<p> <br \/>\n<\/p>\n<div>\n<p><span data-contrast=\"auto\">D\u00e9j\u00e0 propri\u00e9taires des nombreux m\u00e9dias mainstream en France, Bernard Arnault, la famille Dassault, Vincent Bollor\u00e9 ou encore Rodolphe Saad\u00e9 reprennent avec un consortium d\u2019autres investisseurs l&rsquo;ESJ de Paris, la plus ancienne \u00e9cole de journalisme au monde. Si les lignes \u00e9ditoriales des journaux et cha\u00eenes de t\u00e9l\u00e9vision appartenant aux nouveaux propri\u00e9taires de cet \u00e9tablissement font d\u00e9j\u00e0 grincer des dents, cette nouvelle suscite particuli\u00e8rement des craintes de les voir se m\u00ealer de la formation des prochaines g\u00e9n\u00e9rations de journalistes.<\/span><span data-ccp-props=\"{&quot;134233117&quot;:false,&quot;134233118&quot;:false,&quot;201341983&quot;:0,&quot;335559738&quot;:270,&quot;335559739&quot;:270,&quot;335559740&quot;:324}\">\u00a0<\/span><\/p>\n<p><span data-contrast=\"auto\"><strong>Une \u00e9cole \u201cnon reconnue\u201d r\u00e9cup\u00e9r\u00e9e par les Bollor\u00e9 &amp; Co<\/strong><\/span><span data-ccp-props=\"{&quot;134233117&quot;:false,&quot;134233118&quot;:false,&quot;201341983&quot;:0,&quot;335559738&quot;:150,&quot;335559739&quot;:270,&quot;335559740&quot;:288}\"><strong>\u00a0<\/strong><\/span><span data-contrast=\"auto\">\u00a0<\/span><span data-ccp-props=\"{&quot;134233117&quot;:false,&quot;134233118&quot;:false,&quot;201341983&quot;:0,&quot;335559738&quot;:270,&quot;335559739&quot;:270,&quot;335559740&quot;:324}\">\u00a0<\/span><\/p>\n<p><span data-contrast=\"auto\">Fond\u00e9e en 1899 par Jeanne Weill, romanci\u00e8re plus connue sous son nom de plume Dick May, l&rsquo;\u00e9cole sup\u00e9rieure de journalisme (ESJ) de Paris conna\u00eetrait depuis de nombreux mois une crise, due essentiellement \u00e0 sa mauvaise gestion. L\u2019\u00e9tablissement \u00e9tait dirig\u00e9 depuis 2009 par Guillaume Jobin, journaliste sp\u00e9cialis\u00e9 dans la presse m\u00e9dicale et m\u00e9decin neurobiologiste de formation, que Le Point avait d\u00e9peint, dans un article publi\u00e9 en d\u00e9cembre 2023, comme \u201cpro-russe\u201d et \u201cpro-palestinien\u201d.\u00a0<\/span><span data-ccp-props=\"{&quot;134233117&quot;:false,&quot;134233118&quot;:false,&quot;201341983&quot;:0,&quot;335559738&quot;:270,&quot;335559739&quot;:270,&quot;335559740&quot;:324}\">\u00a0<\/span><\/p>\n<p><span data-contrast=\"auto\">Le journal d\u00e9crivait alors une \u00e9cole \u201cen d\u00e9rive id\u00e9ologique\u201d, ayant pris un \u201ctournant militant\u201d et d\u00e9velopp\u00e9 des \u201cr\u00e9seaux troubles\u201d au Moyen-Orient, recrutant des enseignants qui seraient \u201ccontrovers\u00e9s\u201d. Le Point \u00e9voquait surtout une \u00e9ventuelle situation financi\u00e8re compliqu\u00e9e avec des retards de paiement de salaires malgr\u00e9 les milliers d\u2019euros annuels que doit r\u00e9gler chaque \u00e9tudiant. L\u2019ESJ Paris avait d\u00e9nonc\u00e9 une publication \u201cmensong\u00e8re\u201d et \u201cdiffamatoire\u201d, tandis que certains saluaient les efforts de Guillaume Jobin \u00e0 offrir une formation \u00e0 des journalistes de la r\u00e9gion MENA.\u00a0\u00a0<\/span><span data-ccp-props=\"{&quot;134233117&quot;:false,&quot;134233118&quot;:false,&quot;201341983&quot;:0,&quot;335559738&quot;:270,&quot;335559739&quot;:270,&quot;335559740&quot;:324}\">\u00a0<\/span><\/p>\n<p><span data-contrast=\"auto\">Toutefois, \u00e0 la diff\u00e9rence de l\u2019ESJ de Lille, l\u2019\u00e9cole de Paris (aucun lien, NDLR) ne faisait d\u00e9j\u00e0 plus partie des 14 \u00e9coles reconnues par la profession. En 2015, l\u2019\u00e9tablissement avait perdu sa certification RNCP (R\u00e9pertoire national des certifications professionnelles).\u00a0<\/span><span data-ccp-props=\"{&quot;134233117&quot;:false,&quot;134233118&quot;:false,&quot;201341983&quot;:0,&quot;335559738&quot;:270,&quot;335559739&quot;:270,&quot;335559740&quot;:324}\">\u00a0<\/span><\/p>\n<p><span data-contrast=\"auto\">Le communiqu\u00e9 de l\u2019ESJ de Paris ne cite aucunement la situation actuelle qui expliquerait sa reprise par un collectif d\u2019investisseurs. L\u2019\u00e9tablissement se dit \u201cheureux\u201d d\u2019annoncer vendredi 15 novembre 2024 cette reprise par des \u00e9diteurs et entrepreneurs fran\u00e7ais. Parmi ces derniers figurent Financi\u00e8re Agache, propri\u00e9t\u00e9 de Bernard Arnault, qui d\u00e9tient Le Parisien et Les Echos, le groupe Bayard presse, qui d\u00e9tient le journal La Croix et le magazine Phosphore, le groupe Dassault, propri\u00e9taire du Figaro, \u00e0 travers sa filiale Koodenvoi, l\u2019ancien pr\u00e9sident du Medef ou encore la propri\u00e9t\u00e9 de Vincent Bollor\u00e9, la Compagnie de l\u2019Odet, qui est actionnaire de Canal plus et Prisma m\u00e9dia). Figure aussi la CMA M\u00e9dia, propri\u00e9t\u00e9 de Rodolphe Saad\u00e9 et filiale de l&rsquo;armateur fran\u00e7ais CMA CGM qui d\u00e9tient La Provence, BFM ou encore RMC.<\/span><span data-ccp-props=\"{&quot;134233117&quot;:false,&quot;134233118&quot;:false,&quot;201341983&quot;:0,&quot;335559738&quot;:270,&quot;335559739&quot;:270,&quot;335559740&quot;:324}\">\u00a0<\/span><\/p>\n<p><span data-contrast=\"auto\">Le communiqu\u00e9 \u00e9voque aussi les fr\u00e8res Bentzmann ( Stanislas et Godefroy) et TSV Immobilier. Aucun des repreneurs ne s\u2019est exprim\u00e9 sur cette reprise, n\u2019a d\u00e9taill\u00e9 son projet, ou d\u00e9voil\u00e9 son apport financier.\u00a0<\/span><span data-ccp-props=\"{&quot;134233117&quot;:false,&quot;134233118&quot;:false,&quot;201341983&quot;:0,&quot;335559738&quot;:270,&quot;335559739&quot;:270,&quot;335559740&quot;:324}\">\u00a0<\/span><\/p>\n<p><span data-contrast=\"auto\"><strong>Main basse sur la fabrique de l&rsquo;info<\/strong><\/span><span data-ccp-props=\"{&quot;134233117&quot;:false,&quot;134233118&quot;:false,&quot;201341983&quot;:0,&quot;335559738&quot;:150,&quot;335559739&quot;:270,&quot;335559740&quot;:288}\"><strong>\u00a0<\/strong><\/span><\/p>\n<p><span data-contrast=\"auto\">La pr\u00e9sidence, poursuit l\u2019ESJ de Paris, \u201cest confi\u00e9e \u00e0 Vianney d\u2019Alan\u00e7on\u201d, un entrepreneur lyonnais catholique sp\u00e9cialis\u00e9 dans le patrimoine, la bijouterie et la culture, propri\u00e9taire de Financi\u00e8re de la Lance, un des nouveaux repreneurs de l\u2019\u00e9cole et un des actionnaires du parc \u00e0 th\u00e8me Rocher Mistral dans le d\u00e9partement des Bouches-du-Rh\u00f4ne, objet de nombreux contentieux judiciaires. Vianney d\u2019Alan\u00e7on serait l\u2019un des meneurs des n\u00e9gociations de reprise selon Challenges, qui \u00e9voquait un montant de 2 \u00e0 3 millions d\u2019euros.\u00a0<\/span><span data-ccp-props=\"{&quot;134233117&quot;:false,&quot;134233118&quot;:false,&quot;201341983&quot;:0,&quot;335559738&quot;:270,&quot;335559739&quot;:270,&quot;335559740&quot;:324}\">\u00a0<\/span><\/p>\n<p><span data-contrast=\"auto\">La direction g\u00e9n\u00e9rale par int\u00e9rim sera assur\u00e9e par Elhame Medjahed, ancienne pr\u00e9sentatrice sur Europe 1 et actuelle responsable p\u00e9dagogique de l\u2019\u00e9cole, en attendant de nouvelles recrues \u00e0 la direction en janvier et de nouveaux locaux.<\/span><span data-ccp-props=\"{&quot;134233117&quot;:false,&quot;134233118&quot;:false,&quot;201341983&quot;:0,&quot;335559738&quot;:270,&quot;335559739&quot;:270,&quot;335559740&quot;:324}\">\u00a0<\/span><\/p>\n<p><span data-contrast=\"auto\">Si cette reprise est consid\u00e9r\u00e9e par certains m\u00e9dias comme une opportunit\u00e9 pour les repreneurs de faire de l\u2019ESJ de Paris une \u201cp\u00e9pini\u00e8re de journalistes\u201d pour leurs journaux, les autres r\u00e9actions expriment surtout de l\u2019inqui\u00e9tude. Aux yeux de certains \u00e9tudiants et journalistes, les nombreux propri\u00e9taires des m\u00e9dias priv\u00e9s \u00e9tendent leur mainmise aux \u00e9coles et \u00e0 la formation.\u00a0<\/span><span data-ccp-props=\"{&quot;134233117&quot;:false,&quot;134233118&quot;:false,&quot;201341983&quot;:0,&quot;335559738&quot;:270,&quot;335559739&quot;:270,&quot;335559740&quot;:324}\">\u00a0<\/span><\/p>\n<p><span data-contrast=\"auto\">\u201cQue Bollor\u00e9, Arnault, Saad\u00e9 et Dassault veuillent se m\u00ealer de la formation des journalistes devraient tous nous inqui\u00e9ter. Les \u00e9coles doivent rester ind\u00e9pendantes des actionnaires qui d\u00e9tiennent les m\u00e9dias\u201d, estime Alexis L\u00e9vrier, historien de la presse et des m\u00e9dias, sur un <\/span><a target=\"_blank\" href=\"https:\/\/x.com\/Alexlevrier\/status\/1857380516967731250\"><span data-contrast=\"none\" data-ccp-charstyle=\"Hyperlink\">post X<\/span><\/a><span data-contrast=\"auto\">. D\u2019autres ne voient rien d&rsquo;autre qu\u2019une consolidation de la puissance des milliardaires dans le secteur des m\u00e9dias et dans leur contr\u00f4le de la cha\u00eene de valeur de la presse, de la formation \u00e0 la publication.<\/span><\/p>\n<\/div>\n<p><script>(function(d, s, id) {  var js, fjs = d.getElementsByTagName(s)[0];  if (d.getElementById(id)) return;  js = d.createElement(s); js.id = id;  js.src = \"\/\/connect.facebook.net\/fr_FR\/sdk.js#xfbml=1&version=v2.3\";  fjs.parentNode.insertBefore(js, fjs);}(document, \"script\", \"facebook-jssdk\"));<\/script><br \/>\n<br \/><br \/>\n<br \/><a href=\"https:\/\/www.francesoir.fr\/culture-medias\/vincent-bollore-bernard-arnault-et-d-autres-proprietaires-de-medias-mainstream\" target=\"_blank\"\">Source link <\/a><\/p>\n","protected":false},"excerpt":{"rendered":"<p>D\u00e9j\u00e0 propri\u00e9taires des nombreux m\u00e9dias mainstream en France, Bernard Arnault, la famille Dassault, Vincent Bollor\u00e9 ou encore Rodolphe Saad\u00e9 reprennent avec un consortium d\u2019autres investisseurs l&rsquo;ESJ de Paris, la plus&hellip; <\/p>\n","protected":false},"author":1,"featured_media":389,"comment_status":"open","ping_status":"open","sticky":false,"template":"","format":"standard","meta":{"footnotes":""},"categories":[1],"tags":[],"class_list":["post-388","post","type-post","status-publish","format-standard","has-post-thumbnail","hentry","category-non-classe"],"_links":{"self":[{"href":"https:\/\/monde25.info\/index.php\/wp-json\/wp\/v2\/posts\/388","targetHints":{"allow":["GET"]}}],"collection":[{"href":"https:\/\/monde25.info\/index.php\/wp-json\/wp\/v2\/posts"}],"about":[{"href":"https:\/\/monde25.info\/index.php\/wp-json\/wp\/v2\/types\/post"}],"author":[{"embeddable":true,"href":"https:\/\/monde25.info\/index.php\/wp-json\/wp\/v2\/users\/1"}],"replies":[{"embeddable":true,"href":"https:\/\/monde25.info\/index.php\/wp-json\/wp\/v2\/comments?post=388"}],"version-history":[{"count":0,"href":"https:\/\/monde25.info\/index.php\/wp-json\/wp\/v2\/posts\/388\/revisions"}],"wp:featuredmedia":[{"embeddable":true,"href":"https:\/\/monde25.info\/index.php\/wp-json\/wp\/v2\/media\/389"}],"wp:attachment":[{"href":"https:\/\/monde25.info\/index.php\/wp-json\/wp\/v2\/media?parent=388"}],"wp:term":[{"taxonomy":"category","embeddable":true,"href":"https:\/\/monde25.info\/index.php\/wp-json\/wp\/v2\/categories?post=388"},{"taxonomy":"post_tag","embeddable":true,"href":"https:\/\/monde25.info\/index.php\/wp-json\/wp\/v2\/tags?post=388"}],"curies":[{"name":"wp","href":"https:\/\/api.w.org\/{rel}","templated":true}]}}