{"id":3880,"date":"2025-03-06T11:30:36","date_gmt":"2025-03-06T10:30:36","guid":{"rendered":"https:\/\/monde25.info\/index.php\/2025\/03\/06\/macron-recoit-orban-a-lelysee-la-veille-du-sommet-europeen-a-bruxelles-sur-lukraine\/"},"modified":"2025-03-06T11:30:36","modified_gmt":"2025-03-06T10:30:36","slug":"macron-recoit-orban-a-lelysee-la-veille-du-sommet-europeen-a-bruxelles-sur-lukraine","status":"publish","type":"post","link":"https:\/\/monde25.info\/index.php\/2025\/03\/06\/macron-recoit-orban-a-lelysee-la-veille-du-sommet-europeen-a-bruxelles-sur-lukraine\/","title":{"rendered":"Macron re\u00e7oit Orban \u00e0 l\u2019Elys\u00e9e la veille du sommet europ\u00e9en \u00e0 Bruxelles sur l\u2019Ukraine"},"content":{"rendered":"<p> <br \/>\n<\/p>\n<div>\n<p><span data-contrast=\"auto\">Le Premier ministre hongrois, Viktor Orban, \u00e9tait en visite \u00e0 Paris ce mercredi pour y rencontrer le pr\u00e9sident Emmanuel Macron. Cet entretien entre deux dirigeants que tout s\u00e9pare a eu lieu la veille du sommet europ\u00e9en \u00e0 Bruxelles consacr\u00e9 \u00e0 l\u2019Ukraine, que le chef du gouvernement hongrois envisage de bloquer si l\u2019UE n\u2019entame pas de n\u00e9gociations directes avec la Russie pour mettre fin au conflit. \u00ab\u00a0Certains veulent la guerre et d&rsquo;autres veulent la paix. C&rsquo;est le d\u00e9fi auquel nous devons faire face\u201d, a d\u00e9clar\u00e9 un Orban conservateur et nationaliste \u00e0 Budapest, avant de rencontrer un chef de l\u2019\u00c9tat fran\u00e7ais, young global leader, pro-europ\u00e9en qui tente de reprendre le contr\u00f4le des n\u00e9gociations pour la paix en Ukraine.<\/span><\/p>\n<p><span data-contrast=\"auto\">Samedi dernier, le PM hongrois a transmis une lettre au pr\u00e9sident du Conseil europ\u00e9en Antonio Costa pour lui faire part de sa d\u00e9termination \u00e0 bloquer le prochain sommet europ\u00e9en, pendant lequel il sera question du renforcement de la d\u00e9fense europ\u00e9enne et de la nouvelle aide militaire \u00e0 Kiev, sur fond de menaces am\u00e9ricaines de d\u00e9sengagement.<\/span><\/p>\n<p><span data-contrast=\"auto\"><strong>\u201cProgressistes\u201d VS \u201cpatriotes\u201d<\/strong><\/span><\/p>\n<p><span data-contrast=\"auto\">Viktor Orban, qui profitait des n\u00e9gociations men\u00e9es par l\u2019administration Trump, envoyait sa lettre au lendemain de l\u2019\u00e9change tendu entre Volodymyr Zelensky et son homologue am\u00e9ricain dans le bureau Ovale \u00e0 la Maison Blanche. Le chef du Fidesz \u00e9tait d\u2019ailleurs l&rsquo;un des rares en Europe \u00e0 avoir pris le parti du pr\u00e9sident am\u00e9ricain, \u00e9voquant \u00ab\u00a0des liens qui se renforcent\u00a0\u00bb entre les deux pays, pays \u00ab\u00a0engag\u00e9s dans un combat de civilisation : les progressistes d&rsquo;un c\u00f4t\u00e9 et les patriotes de l&rsquo;autre\u00a0\u00bb, a-t-il ajout\u00e9.<\/span><\/p>\n<p><span data-contrast=\"auto\">Le PM hongrois avait d\u00e8s le d\u00e9but de la pr\u00e9sidence hongroise de l\u2019UE en juillet dernier effectu\u00e9 plusieurs d\u00e9placements pour rencontrer Vladimir Poutine, son \u201cami\u201d Donald Trump, ou encore Xi Jinping en vue de discuter de la paix en Ukraine. Il s\u2019\u00e9tait toujours oppos\u00e9 aux enveloppes europ\u00e9ennes pour Kiev en affirmant que cela alimentait la guerre mais jusque-l\u00e0, les 27 avaient toujours r\u00e9ussi \u00e0 faire passer leurs textes.\u00a0<\/span><\/p>\n<p><span data-contrast=\"auto\">A l\u2019oppos\u00e9, Emmanuel Macron a adopt\u00e9 une position beaucoup plus ferme envers la Russie et de soutien \u00e0 l&rsquo;Ukraine, provoquant m\u00eame des pol\u00e9miques aussi bien en France que parmi ses partenaires europ\u00e9ens, comme lorsqu\u2019il se disait favorable \u00e0 l&rsquo;envoi de troupes occidentales en Ukraine. Lors d&rsquo;une r\u00e9union avec les dirigeants occidentaux la semaine pass\u00e9e \u00e0 l\u2019Elys\u00e9e, le pr\u00e9sident fran\u00e7ais a \u00e9galement affirm\u00e9 qu&rsquo;il n&rsquo;y avait \u00ab\u00a0aucune limite\u00a0\u00bb ni \u00ab\u00a0aucune ligne rouge\u00a0\u00bb au soutien de Paris \u00e0 Kiev.\u00a0<\/span><\/p>\n<p><span data-contrast=\"auto\">Avant de recevoir Viktor Orban \u00e0 d\u00eener, il \u00e9voquait dans une allocution t\u00e9l\u00e9vis\u00e9e le recours \u00e0 l\u2019arme nucl\u00e9aire, qui \u201ca toujours \u00e9t\u00e9 et restera entre les mains du pr\u00e9sident de la R\u00e9publique\u201d, pour \u201cprot\u00e9ger l\u2019Europe\u201d. \u201cR\u00e9pondant \u00e0 l&rsquo;appel historique du futur chancelier allemand, j&rsquo;ai d\u00e9cid\u00e9 d&rsquo;ouvrir le d\u00e9bat strat\u00e9gique sur la protection par notre dissuasion de nos alli\u00e9s du continent europ\u00e9en\u201d, a-t-il d\u00e9clar\u00e9, ajoutant que \u201cla Russie devient une menace pour la France et l\u2019Europe\u201d.<\/span><\/p>\n<p><span data-contrast=\"auto\"><strong>Orban d\u00e9plore le \u00ab\u00a0foss\u00e9 transatlantique\u00a0\u00bb<\/strong><\/span><\/p>\n<p><span data-contrast=\"auto\">Une position qui tranche nettement avec celle de son h\u00f4te mercredi soir et qui illustre surtout les divisions au sein de l&rsquo;UE sur la question ukrainienne, \u00e0 la veille d&rsquo;un sommet europ\u00e9en crucial sur la d\u00e9fense, en pr\u00e9vision duquel Emmanuel Macron a pr\u00e9cis\u00e9ment tent\u00e9 de rapprocher ces positions divergentes.<\/span><\/p>\n<p><span data-contrast=\"auto\">Avant son arriv\u00e9e en France, Viktor Orban donnait d\u00e9j\u00e0 le ton, en d\u00e9clarant \u00e0 la presse que \u00ab\u00a0certains veulent la guerre et d&rsquo;autres veulent la paix. C&rsquo;est le d\u00e9fi auquel nous devons faire face\u201d. Il a d\u00e9plor\u00e9 l\u2019attitude de ses \u00ab\u00a0alli\u00e9s europ\u00e9ens\u00a0\u00bb et le \u00ab\u00a0foss\u00e9 transatlantique\u00a0\u00bb.<\/span><\/p>\n<p><span data-contrast=\"auto\">Dans sa lettre \u00e0 Antonio Costa, il se dit \u201cconvaincu que l\u2019Union europ\u00e9enne, \u00e0 l\u2019instar des \u00c9tats-Unis, devrait entamer des discussions directes avec la Russie sur un cessez-le-feu et une paix durable en Ukraine\u201d, a-t-il \u00e9crit. A propos du sommet de jeudi, il a propos\u00e9 \u201cde ne pas tenter d\u2019adopter de conclusions \u00e9crites sur l\u2019Ukraine lors du Conseil europ\u00e9en sp\u00e9cial\u201d, afin d\u2019\u00e9viter de divulguer les \u201cdivisions\u201d.\u00a0<\/span><\/p>\n<p><span data-contrast=\"auto\">Les 27 devront ainsi faire face \u00e0 la d\u00e9termination du PM hongrois de bloquer tout accord, mais surtout \u00e0 la division de leurs dirigeants sur l\u2019envoi de militaires pour garantir une tr\u00eave, comme r\u00e9clam\u00e9 par Kiev. Les aides \u00e0 l\u2019Ukraine sont d\u2019autant plus cruciales que le pr\u00e9sident am\u00e9ricain a ordonn\u00e9 lundi dernier une \u00ab\u00a0pause\u00a0\u00bb dans l&rsquo;aide militaire de son pays, reprochant \u00e0 Volodymyr Zelensky, qui rejette toute tr\u00eave sans garanties de s\u00e9curit\u00e9 pour son pays, de s&rsquo;\u00eatre montr\u00e9 irrespectueux et de manquer de gratitude.<\/span><\/p>\n<\/div>\n<p><script>(function(d, s, id) {  var js, fjs = d.getElementsByTagName(s)[0];  if (d.getElementById(id)) return;  js = d.createElement(s); js.id = id;  js.src = \"\/\/connect.facebook.net\/fr_FR\/sdk.js#xfbml=1&version=v2.3\";  fjs.parentNode.insertBefore(js, fjs);}(document, \"script\", \"facebook-jssdk\"));<\/script><br \/>\n<br \/><br \/>\n<br \/><a href=\"https:\/\/www.francesoir.fr\/politique-monde\/macron-recoit-orban-l-elysee-la-veille-du-sommet-europeen-bruxelles-sur-l-ukraine\" target=\"_blank\"\">Source link <\/a><\/p>\n","protected":false},"excerpt":{"rendered":"<p>Le Premier ministre hongrois, Viktor Orban, \u00e9tait en visite \u00e0 Paris ce mercredi pour y rencontrer le pr\u00e9sident Emmanuel Macron. Cet entretien entre deux dirigeants que tout s\u00e9pare a eu&hellip; <\/p>\n","protected":false},"author":1,"featured_media":3881,"comment_status":"open","ping_status":"open","sticky":false,"template":"","format":"standard","meta":{"footnotes":""},"categories":[1],"tags":[],"class_list":["post-3880","post","type-post","status-publish","format-standard","has-post-thumbnail","hentry","category-non-classe"],"_links":{"self":[{"href":"https:\/\/monde25.info\/index.php\/wp-json\/wp\/v2\/posts\/3880","targetHints":{"allow":["GET"]}}],"collection":[{"href":"https:\/\/monde25.info\/index.php\/wp-json\/wp\/v2\/posts"}],"about":[{"href":"https:\/\/monde25.info\/index.php\/wp-json\/wp\/v2\/types\/post"}],"author":[{"embeddable":true,"href":"https:\/\/monde25.info\/index.php\/wp-json\/wp\/v2\/users\/1"}],"replies":[{"embeddable":true,"href":"https:\/\/monde25.info\/index.php\/wp-json\/wp\/v2\/comments?post=3880"}],"version-history":[{"count":0,"href":"https:\/\/monde25.info\/index.php\/wp-json\/wp\/v2\/posts\/3880\/revisions"}],"wp:featuredmedia":[{"embeddable":true,"href":"https:\/\/monde25.info\/index.php\/wp-json\/wp\/v2\/media\/3881"}],"wp:attachment":[{"href":"https:\/\/monde25.info\/index.php\/wp-json\/wp\/v2\/media?parent=3880"}],"wp:term":[{"taxonomy":"category","embeddable":true,"href":"https:\/\/monde25.info\/index.php\/wp-json\/wp\/v2\/categories?post=3880"},{"taxonomy":"post_tag","embeddable":true,"href":"https:\/\/monde25.info\/index.php\/wp-json\/wp\/v2\/tags?post=3880"}],"curies":[{"name":"wp","href":"https:\/\/api.w.org\/{rel}","templated":true}]}}