{"id":3886,"date":"2025-03-06T13:10:24","date_gmt":"2025-03-06T12:10:24","guid":{"rendered":"https:\/\/monde25.info\/index.php\/2025\/03\/06\/le-depute-aly-diouara-on-ma-menace-au-facies\/"},"modified":"2025-03-06T13:10:24","modified_gmt":"2025-03-06T12:10:24","slug":"le-depute-aly-diouara-on-ma-menace-au-facies","status":"publish","type":"post","link":"https:\/\/monde25.info\/index.php\/2025\/03\/06\/le-depute-aly-diouara-on-ma-menace-au-facies\/","title":{"rendered":"Le d\u00e9put\u00e9 Aly Diouara:\u00a0\u00abOn m\u2019a menac\u00e9 au faci\u00e8s\u00bb"},"content":{"rendered":"<p> <br \/>\n<br \/>L\u2019\u00e9lu de Seine-Saint-Denis observait un contr\u00f4le d\u2019identit\u00e9, le 26 f\u00e9vrier, quand un policier a sorti son pistolet \u00e0 impulsion \u00e9lectrique et d\u00e9clar\u00e9: \u00abTu vas faire quoi si je te tase?\u00bb Les discriminations racistes, y compris contre des politiques, ne cessent de s\u2019accentuer, estime-t-il.<br \/>\n<br \/><br \/>\n<br \/><a href=\"https:\/\/www.mediapart.fr\/journal\/politique\/060325\/le-depute-aly-diouara-m-menace-au-facies\" target=\"_blank\"\">Source link <\/a><\/p>\n","protected":false},"excerpt":{"rendered":"<p>L\u2019\u00e9lu de Seine-Saint-Denis observait un contr\u00f4le d\u2019identit\u00e9, le 26 f\u00e9vrier, quand un policier a sorti son pistolet \u00e0 impulsion \u00e9lectrique et d\u00e9clar\u00e9: \u00abTu vas faire quoi si je te tase?\u00bb&hellip; <\/p>\n","protected":false},"author":1,"featured_media":3887,"comment_status":"open","ping_status":"open","sticky":false,"template":"","format":"standard","meta":{"footnotes":""},"categories":[1],"tags":[],"class_list":["post-3886","post","type-post","status-publish","format-standard","has-post-thumbnail","hentry","category-non-classe"],"_links":{"self":[{"href":"https:\/\/monde25.info\/index.php\/wp-json\/wp\/v2\/posts\/3886","targetHints":{"allow":["GET"]}}],"collection":[{"href":"https:\/\/monde25.info\/index.php\/wp-json\/wp\/v2\/posts"}],"about":[{"href":"https:\/\/monde25.info\/index.php\/wp-json\/wp\/v2\/types\/post"}],"author":[{"embeddable":true,"href":"https:\/\/monde25.info\/index.php\/wp-json\/wp\/v2\/users\/1"}],"replies":[{"embeddable":true,"href":"https:\/\/monde25.info\/index.php\/wp-json\/wp\/v2\/comments?post=3886"}],"version-history":[{"count":0,"href":"https:\/\/monde25.info\/index.php\/wp-json\/wp\/v2\/posts\/3886\/revisions"}],"wp:featuredmedia":[{"embeddable":true,"href":"https:\/\/monde25.info\/index.php\/wp-json\/wp\/v2\/media\/3887"}],"wp:attachment":[{"href":"https:\/\/monde25.info\/index.php\/wp-json\/wp\/v2\/media?parent=3886"}],"wp:term":[{"taxonomy":"category","embeddable":true,"href":"https:\/\/monde25.info\/index.php\/wp-json\/wp\/v2\/categories?post=3886"},{"taxonomy":"post_tag","embeddable":true,"href":"https:\/\/monde25.info\/index.php\/wp-json\/wp\/v2\/tags?post=3886"}],"curies":[{"name":"wp","href":"https:\/\/api.w.org\/{rel}","templated":true}]}}