{"id":3888,"date":"2025-03-06T13:43:02","date_gmt":"2025-03-06T12:43:02","guid":{"rendered":"https:\/\/monde25.info\/index.php\/2025\/03\/06\/mosquee-synagogue-incendiees-le-traitement-mediatico-politique-est-totalement-different\/"},"modified":"2025-03-06T13:43:02","modified_gmt":"2025-03-06T12:43:02","slug":"mosquee-synagogue-incendiees-le-traitement-mediatico-politique-est-totalement-different","status":"publish","type":"post","link":"https:\/\/monde25.info\/index.php\/2025\/03\/06\/mosquee-synagogue-incendiees-le-traitement-mediatico-politique-est-totalement-different\/","title":{"rendered":"Mosqu\u00e9e\/Synagogue incendi\u00e9es : le traitement m\u00e9diatico-politique est totalement diff\u00e8rent"},"content":{"rendered":"<p> <br \/>\n<\/p>\n<div>\n<p><span class=\"dropcap \" style=\"background-color: #ffffff; color: #000000; border-color: #ffffff;\"><strong>V<\/strong><\/span>oici la preuve factuelle et v\u00e9rifiable par tous que le traitement de la communaut\u00e9 musulmane et de l\u2019islam est totalement diff\u00e9rent et rel\u00e8ve du deux poids deux mesures. Vous vous souvenez de la tentative <a target=\"_blank\" href=\"https:\/\/www.francebleu.fr\/infos\/faits-divers-justice\/incendie-devant-la-synagogue-de-la-grande-motte-ce-que-l-on-sait-du-suspect-1509791\">d\u2019incendie de la synagogue de La Grande-Motte<\/a> \u2013 Beth Yacoov \u2013 et de l\u2019emballement m\u00e9diatique qui s\u2019en est suivi. On a eu droit \u00e0 des directes pendant plusieurs jours avec des d\u00e9placements des plus hautes autorit\u00e9s de l\u2019\u00c9tat sur place. Curieusement, lorsque l\u2019on a la m\u00eame chose qui arrive pour les musulmans avec une mosqu\u00e9e incendi\u00e9e, personne n\u2019en parle. Aucune t\u00e9l\u00e9vision n\u2019a fait son travail \u2013 ou si peu et tr\u00e8s vite \u2013 en envoyant un reporter sur place. Que dire des hommes politiques, non seulement ils ne se sont pas d\u00e9plac\u00e9s, ils n\u2019ont m\u00eame pas post\u00e9 le moindre message sur les r\u00e9seaux sociaux !<\/p>\n<p>Nous n\u2019allons pas parler ici de l\u2019individu responsable de la tentative d\u2019incendie de la synagogue qui s\u2019\u00e9tait pr\u00e9sent\u00e9 avec un grossier keffieh sur la t\u00eate et un drapeau palestinien autour de la taille tant la situation est ridicule. Par contre on peut constater, heureusement, que la tentative a \u00e9t\u00e9 avort\u00e9e et que la synagogue n\u2019a pas br\u00fbl\u00e9. <a target=\"_blank\" href=\"https:\/\/france3-regions.francetvinfo.fr\/centre-val-de-loire\/loiret\/orleans\/incendie-de-la-mosquee-de-jargeau-l-hypothese-de-l-acte-criminel-confirmee-par-l-enquete-3115426.html\">Dans le cas de cette mosqu\u00e9e de Jargeau<\/a>, elle a \u00e9t\u00e9 totalement d\u00e9truite par l\u2019incendie et pourtant personne n\u2019a boug\u00e9 le petit doigt pour condamner avec la m\u00eame s\u00e9v\u00e9rit\u00e9 cet acte nocturne d\u2019une grande l\u00e2chet\u00e9.<\/p>\n<hr\/>\n<figure id=\"attachment_6052616\" aria-describedby=\"caption-attachment-6052616\" style=\"width: 2048px\" class=\"wp-caption alignnone\"><a target=\"_blank\" href=\"https:\/\/i0.wp.com\/www.lelibrepenseur.org\/wp-content\/uploads\/2025\/03\/Les-actes-islamophobes-se-multiplient-en-France.jpg?ssl=1\"><img data-recalc-dims=\"1\" loading=\"lazy\" decoding=\"async\" data-attachment-id=\"6052616\" data-permalink=\"https:\/\/www.lelibrepenseur.org\/mosquee-synagogue-incendiees-le-traitement-mediatico-politique-est-totalement-different\/les-actes-islamophobes-se-multiplient-en-france\/\" data-orig-file=\"https:\/\/i0.wp.com\/www.lelibrepenseur.org\/wp-content\/uploads\/2025\/03\/Les-actes-islamophobes-se-multiplient-en-France.jpg?fit=2048%2C1151&amp;ssl=1\" data-orig-size=\"2048,1151\" data-comments-opened=\"1\" data-image-meta=\"{&quot;aperture&quot;:&quot;0&quot;,&quot;credit&quot;:&quot;&quot;,&quot;camera&quot;:&quot;&quot;,&quot;caption&quot;:&quot;&quot;,&quot;created_timestamp&quot;:&quot;0&quot;,&quot;copyright&quot;:&quot;&quot;,&quot;focal_length&quot;:&quot;0&quot;,&quot;iso&quot;:&quot;0&quot;,&quot;shutter_speed&quot;:&quot;0&quot;,&quot;title&quot;:&quot;&quot;,&quot;orientation&quot;:&quot;0&quot;}\" data-image-title=\"Les actes islamophobes se multiplient en France\" data-image-description=\"&lt;p&gt;Les actes islamophobes se multiplient en France&lt;\/p&gt;&#10;\" data-image-caption=\"&lt;p&gt;Les actes islamophobes se multiplient en France&lt;\/p&gt;&#10;\" data-medium-file=\"https:\/\/i0.wp.com\/www.lelibrepenseur.org\/wp-content\/uploads\/2025\/03\/Les-actes-islamophobes-se-multiplient-en-France.jpg?fit=300%2C169&amp;ssl=1\" data-large-file=\"https:\/\/i0.wp.com\/www.lelibrepenseur.org\/wp-content\/uploads\/2025\/03\/Les-actes-islamophobes-se-multiplient-en-France.jpg?fit=1024%2C576&amp;ssl=1\" class=\"size-full wp-image-6052616\" src=\"https:\/\/i0.wp.com\/www.lelibrepenseur.org\/wp-content\/uploads\/2025\/03\/Les-actes-islamophobes-se-multiplient-en-France.jpg?resize=2048%2C1151&amp;ssl=1\" alt=\"Les actes islamophobes se multiplient en France\" width=\"2048\" height=\"1151\" srcset=\"https:\/\/i0.wp.com\/www.lelibrepenseur.org\/wp-content\/uploads\/2025\/03\/Les-actes-islamophobes-se-multiplient-en-France.jpg?w=2048&amp;ssl=1 2048w, https:\/\/i0.wp.com\/www.lelibrepenseur.org\/wp-content\/uploads\/2025\/03\/Les-actes-islamophobes-se-multiplient-en-France.jpg?resize=300%2C169&amp;ssl=1 300w, https:\/\/i0.wp.com\/www.lelibrepenseur.org\/wp-content\/uploads\/2025\/03\/Les-actes-islamophobes-se-multiplient-en-France.jpg?resize=1024%2C576&amp;ssl=1 1024w, https:\/\/i0.wp.com\/www.lelibrepenseur.org\/wp-content\/uploads\/2025\/03\/Les-actes-islamophobes-se-multiplient-en-France.jpg?resize=768%2C432&amp;ssl=1 768w, https:\/\/i0.wp.com\/www.lelibrepenseur.org\/wp-content\/uploads\/2025\/03\/Les-actes-islamophobes-se-multiplient-en-France.jpg?resize=1536%2C863&amp;ssl=1 1536w, https:\/\/i0.wp.com\/www.lelibrepenseur.org\/wp-content\/uploads\/2025\/03\/Les-actes-islamophobes-se-multiplient-en-France.jpg?resize=24%2C13&amp;ssl=1 24w, https:\/\/i0.wp.com\/www.lelibrepenseur.org\/wp-content\/uploads\/2025\/03\/Les-actes-islamophobes-se-multiplient-en-France.jpg?resize=36%2C20&amp;ssl=1 36w, https:\/\/i0.wp.com\/www.lelibrepenseur.org\/wp-content\/uploads\/2025\/03\/Les-actes-islamophobes-se-multiplient-en-France.jpg?resize=48%2C27&amp;ssl=1 48w, https:\/\/i0.wp.com\/www.lelibrepenseur.org\/wp-content\/uploads\/2025\/03\/Les-actes-islamophobes-se-multiplient-en-France.jpg?resize=600%2C337&amp;ssl=1 600w, https:\/\/i0.wp.com\/www.lelibrepenseur.org\/wp-content\/uploads\/2025\/03\/Les-actes-islamophobes-se-multiplient-en-France.jpg?resize=750%2C422&amp;ssl=1 750w, https:\/\/i0.wp.com\/www.lelibrepenseur.org\/wp-content\/uploads\/2025\/03\/Les-actes-islamophobes-se-multiplient-en-France.jpg?resize=1140%2C641&amp;ssl=1 1140w\" sizes=\"auto, (max-width: 1000px) 100vw, 1000px\"\/><\/a><figcaption id=\"caption-attachment-6052616\" class=\"wp-caption-text\">Les actes islamophobes se multiplient en France<\/figcaption><\/figure>\n<hr\/>\n<h3><strong>N\u00e9gation du r\u00e9el<\/strong><\/h3>\n<p class=\"main-title\">Comble du comble de la b\u00eatise et du mensonge, le ministre de l\u2019Int\u00e9rieur Bruno Retailleau a os\u00e9 annoncer une <a target=\"_blank\" href=\"https:\/\/www.lejdd.fr\/Societe\/bruno-retailleau-annonce-une-chute-de-29-des-actes-antimusulmans-en-2024-155114\">chute de 29 % des actes antimusulmans en France en 2024<\/a> ! Ce n\u2019est pas ce que dit l\u2019actualit\u00e9 et ce que l\u2019on peut observer assez r\u00e9guli\u00e8rement sur le territoire. Sans parler bien entendu de l\u2019ambiance \u00e9lectrique et pesante qu\u2019impose la caste politique et sa serpilli\u00e8re m\u00e9diatique. Ils parlent quotidiennement de l\u2019islam et des musulmans sans arr\u00eat.<\/p>\n<p>L\u2019ambiance est tellement explosive que sur les r\u00e9seaux sociaux on peut voir la d\u00e9g\u00e9n\u00e9r\u00e9e Mila se r\u00e9jouir de l\u2019incendie de la mosqu\u00e9e de Jargeau, en toute d\u00e9contraction. Elle ne semble pas craindre de repr\u00e9sailles judiciaires, elle est confiante.<\/p>\n<hr\/>\n<figure id=\"attachment_6052619\" aria-describedby=\"caption-attachment-6052619\" style=\"width: 835px\" class=\"wp-caption alignnone\"><a target=\"_blank\" href=\"https:\/\/i0.wp.com\/www.lelibrepenseur.org\/wp-content\/uploads\/2025\/03\/Mila-se-rejouit-incendite-mosquee-Jargeau.jpg?ssl=1\"><img data-recalc-dims=\"1\" loading=\"lazy\" decoding=\"async\" data-attachment-id=\"6052619\" data-permalink=\"https:\/\/www.lelibrepenseur.org\/mosquee-synagogue-incendiees-le-traitement-mediatico-politique-est-totalement-different\/mila-se-rejouit-incendite-mosquee-jargeau\/\" data-orig-file=\"https:\/\/i0.wp.com\/www.lelibrepenseur.org\/wp-content\/uploads\/2025\/03\/Mila-se-rejouit-incendite-mosquee-Jargeau.jpg?fit=835%2C1053&amp;ssl=1\" data-orig-size=\"835,1053\" data-comments-opened=\"1\" data-image-meta=\"{&quot;aperture&quot;:&quot;0&quot;,&quot;credit&quot;:&quot;&quot;,&quot;camera&quot;:&quot;&quot;,&quot;caption&quot;:&quot;&quot;,&quot;created_timestamp&quot;:&quot;0&quot;,&quot;copyright&quot;:&quot;&quot;,&quot;focal_length&quot;:&quot;0&quot;,&quot;iso&quot;:&quot;0&quot;,&quot;shutter_speed&quot;:&quot;0&quot;,&quot;title&quot;:&quot;&quot;,&quot;orientation&quot;:&quot;0&quot;}\" data-image-title=\"Mila se r\u00e9jouit de l&amp;rsquo;incendie de la mosqu\u00e9e de Jargeau\" data-image-description=\"&lt;p&gt;Mila se r\u00e9jouit de l&amp;rsquo;incendie de la mosqu\u00e9e de Jargeau&lt;\/p&gt;&#10;\" data-image-caption=\"&lt;p&gt;Mila se r\u00e9jouit de l&amp;rsquo;incendie de la mosqu\u00e9e de Jargeau&lt;\/p&gt;&#10;\" data-medium-file=\"https:\/\/i0.wp.com\/www.lelibrepenseur.org\/wp-content\/uploads\/2025\/03\/Mila-se-rejouit-incendite-mosquee-Jargeau.jpg?fit=238%2C300&amp;ssl=1\" data-large-file=\"https:\/\/i0.wp.com\/www.lelibrepenseur.org\/wp-content\/uploads\/2025\/03\/Mila-se-rejouit-incendite-mosquee-Jargeau.jpg?fit=812%2C1024&amp;ssl=1\" class=\"size-full wp-image-6052619\" src=\"https:\/\/i0.wp.com\/www.lelibrepenseur.org\/wp-content\/uploads\/2025\/03\/Mila-se-rejouit-incendite-mosquee-Jargeau.jpg?resize=835%2C1053&amp;ssl=1\" alt=\"Mila se r\u00e9jouit de l'incendie de la mosqu\u00e9e de Jargeau\" width=\"835\" height=\"1053\" srcset=\"https:\/\/i0.wp.com\/www.lelibrepenseur.org\/wp-content\/uploads\/2025\/03\/Mila-se-rejouit-incendite-mosquee-Jargeau.jpg?w=835&amp;ssl=1 835w, https:\/\/i0.wp.com\/www.lelibrepenseur.org\/wp-content\/uploads\/2025\/03\/Mila-se-rejouit-incendite-mosquee-Jargeau.jpg?resize=238%2C300&amp;ssl=1 238w, https:\/\/i0.wp.com\/www.lelibrepenseur.org\/wp-content\/uploads\/2025\/03\/Mila-se-rejouit-incendite-mosquee-Jargeau.jpg?resize=812%2C1024&amp;ssl=1 812w, https:\/\/i0.wp.com\/www.lelibrepenseur.org\/wp-content\/uploads\/2025\/03\/Mila-se-rejouit-incendite-mosquee-Jargeau.jpg?resize=768%2C969&amp;ssl=1 768w, https:\/\/i0.wp.com\/www.lelibrepenseur.org\/wp-content\/uploads\/2025\/03\/Mila-se-rejouit-incendite-mosquee-Jargeau.jpg?resize=19%2C24&amp;ssl=1 19w, https:\/\/i0.wp.com\/www.lelibrepenseur.org\/wp-content\/uploads\/2025\/03\/Mila-se-rejouit-incendite-mosquee-Jargeau.jpg?resize=29%2C36&amp;ssl=1 29w, https:\/\/i0.wp.com\/www.lelibrepenseur.org\/wp-content\/uploads\/2025\/03\/Mila-se-rejouit-incendite-mosquee-Jargeau.jpg?resize=38%2C48&amp;ssl=1 38w, https:\/\/i0.wp.com\/www.lelibrepenseur.org\/wp-content\/uploads\/2025\/03\/Mila-se-rejouit-incendite-mosquee-Jargeau.jpg?resize=600%2C757&amp;ssl=1 600w, https:\/\/i0.wp.com\/www.lelibrepenseur.org\/wp-content\/uploads\/2025\/03\/Mila-se-rejouit-incendite-mosquee-Jargeau.jpg?resize=750%2C946&amp;ssl=1 750w\" sizes=\"auto, (max-width: 835px) 100vw, 835px\"\/><\/a><figcaption id=\"caption-attachment-6052619\" class=\"wp-caption-text\">Mila se r\u00e9jouit de l\u2019incendie de la mosqu\u00e9e de Jargeau<\/figcaption><\/figure>\n<hr\/>\n<\/div>\n<p><br \/>\n<br \/><a href=\"https:\/\/www.lelibrepenseur.org\/mosquee-synagogue-incendiees-le-traitement-mediatico-politique-est-totalement-different\/\" target=\"_blank\"\">Source link <\/a><\/p>\n","protected":false},"excerpt":{"rendered":"<p>Voici la preuve factuelle et v\u00e9rifiable par tous que le traitement de la communaut\u00e9 musulmane et de l\u2019islam est totalement diff\u00e9rent et rel\u00e8ve du deux poids deux mesures. Vous vous&hellip; <\/p>\n","protected":false},"author":1,"featured_media":3889,"comment_status":"open","ping_status":"open","sticky":false,"template":"","format":"standard","meta":{"footnotes":""},"categories":[1],"tags":[],"class_list":["post-3888","post","type-post","status-publish","format-standard","has-post-thumbnail","hentry","category-non-classe"],"_links":{"self":[{"href":"https:\/\/monde25.info\/index.php\/wp-json\/wp\/v2\/posts\/3888","targetHints":{"allow":["GET"]}}],"collection":[{"href":"https:\/\/monde25.info\/index.php\/wp-json\/wp\/v2\/posts"}],"about":[{"href":"https:\/\/monde25.info\/index.php\/wp-json\/wp\/v2\/types\/post"}],"author":[{"embeddable":true,"href":"https:\/\/monde25.info\/index.php\/wp-json\/wp\/v2\/users\/1"}],"replies":[{"embeddable":true,"href":"https:\/\/monde25.info\/index.php\/wp-json\/wp\/v2\/comments?post=3888"}],"version-history":[{"count":0,"href":"https:\/\/monde25.info\/index.php\/wp-json\/wp\/v2\/posts\/3888\/revisions"}],"wp:featuredmedia":[{"embeddable":true,"href":"https:\/\/monde25.info\/index.php\/wp-json\/wp\/v2\/media\/3889"}],"wp:attachment":[{"href":"https:\/\/monde25.info\/index.php\/wp-json\/wp\/v2\/media?parent=3888"}],"wp:term":[{"taxonomy":"category","embeddable":true,"href":"https:\/\/monde25.info\/index.php\/wp-json\/wp\/v2\/categories?post=3888"},{"taxonomy":"post_tag","embeddable":true,"href":"https:\/\/monde25.info\/index.php\/wp-json\/wp\/v2\/tags?post=3888"}],"curies":[{"name":"wp","href":"https:\/\/api.w.org\/{rel}","templated":true}]}}