{"id":3892,"date":"2025-03-06T15:23:01","date_gmt":"2025-03-06T14:23:01","guid":{"rendered":"https:\/\/monde25.info\/index.php\/2025\/03\/06\/cette-usine-de-laine-a-ete-reprise-par-ses-salaries\/"},"modified":"2025-03-06T15:23:01","modified_gmt":"2025-03-06T14:23:01","slug":"cette-usine-de-laine-a-ete-reprise-par-ses-salaries","status":"publish","type":"post","link":"https:\/\/monde25.info\/index.php\/2025\/03\/06\/cette-usine-de-laine-a-ete-reprise-par-ses-salaries\/","title":{"rendered":"cette usine de laine a \u00e9t\u00e9 reprise par ses salari\u00e9s"},"content":{"rendered":"<p> <br \/>\n<\/p>\n<div>\n<p class=\"indication_lieu\">Bar-le-Duc (Meuse), reportage<\/p>\n<p>\u00c0 Bar-le-Duc, dans la Meuse, les ouvri\u00e8res de Berg\u00e8re de France sont aussi actionnaires. Aux portes de la ville, on ne peut pas louper l\u2019une des derni\u00e8res filatures de laine du pays. C\u2019est une institution depuis 1946. Mais l\u2019usine meusienne, qui a compt\u00e9 jusqu\u2019\u00e0 800\u00a0personnes \u00e0 la grande \u00e9poque, a bien failli dispara\u00eetre en 2024.<\/p>\n<p>Apr\u00e8s sa liquidation pour des raisons \u00e9conomiques, l\u2019entreprise a \u00e9t\u00e9 reprise en octobre 2024 en Soci\u00e9t\u00e9 coop\u00e9rative de production (Scop) par 56\u00a0salari\u00e9s-associ\u00e9s. Un projet encourag\u00e9 par le nouveau <span class=\"caps\">PDG<\/span>, Jean-Michel Nicolas. <i>\u00ab<small class=\"fine d-inline\">\u00a0<\/small>On a d\u00fb repartir de z\u00e9ro, ren\u00e9gocier tous les contrats et se battre au tribunal de commerce<\/i>, raconte-t-il. <i>Tout le monde a mis la main \u00e0 la p\u00e2te, avec au bout, une belle aventure humaine.<small class=\"fine d-inline\">\u00a0<\/small>\u00bb<\/i> Elle cherche d\u00e9sormais encore un \u00e9quilibre financier.<\/p>\n<div class=\"spip_document_89048 spip_document spip_documents spip_document_image spip_documents_center spip_document_center spip_document_avec_legende\" data-legende-len=\"127\" data-legende-lenx=\"xx\">\n<figure class=\"spip_doc_inner\">\n      <picture><source type=\"image\/webp\" srcset=\"https:\/\/reporterre.net\/local\/cache-vignettes\/L1050xH700\/photo_3-30-d83bd.jpg@.webp?1740655134\"><img decoding=\"async\" src=\"https:\/\/reporterre.net\/IMG\/jpg\/photo_3-30.jpg\" width=\"1200\" height=\"800\" loading=\"lazy\" alt=\"\"\/><br \/>\n    <\/source><\/picture><figcaption class=\"spip_doc_legende\">\n<p>Aujourd\u2019hui, les ouvriers de l\u2019usine sont polyvalents et occupent les t\u00e2ches qu\u2019ils souhaitent.<br \/>\n<i>\u00a9 Cl\u00e9ment Villaume\/Reporterre<br \/>\n<\/i><\/p>\n<\/figcaption><\/figure>\n<\/p><\/div>\n<p>La visite de l\u2019usine commence. Par une porte d\u00e9rob\u00e9e, on arrive directement \u00e0 l\u2019atelier. <i>\u00ab<small class=\"fine d-inline\">\u00a0<\/small>C\u2019est ma maison ici<small class=\"fine d-inline\">\u00a0<\/small>\u00bb<\/i>, s\u2019amuse Fabien Joannes, 49\u00a0ans, dans la bo\u00eete depuis 1997. Ce <i>\u00ab<small class=\"fine d-inline\">\u00a0<\/small>petit jeune de Berg\u00e8re<small class=\"fine d-inline\">\u00a0<\/small>\u00bb<\/i> a tout connu ici. Il est responsable de la maintenance de ce site de 6\u00a0hectares.<\/p>\n<p>M\u00eame s\u2019il a \u00e9t\u00e9 dans les premiers \u00e0 lancer la Scop, Fabien Joannes n\u2019est pas <i>\u00ab<small class=\"fine d-inline\">\u00a0<\/small>en costard-cravate, mais en tenue comme [s]es gars<small class=\"fine d-inline\">\u00a0<\/small>\u00bb<\/i>. <i>\u00ab<small class=\"fine d-inline\">\u00a0<\/small>Plut\u00f4t que de voir un concurrent ou un fonds d\u2019investissement d\u00e9cider de notre sort, on a pr\u00e9f\u00e9r\u00e9 se d\u00e9mener<small class=\"fine d-inline\">\u00a0<\/small>\u00bb<\/i>, dit-il.<\/p>\n<p>Les ballots de laine, venue d\u2019Uruguay (l\u2019acrylique provient du Portugal) sont d\u2019abord teint\u00e9s et essor\u00e9s. La mati\u00e8re est ensuite fil\u00e9e, puis assembl\u00e9e pour cr\u00e9er un fil de laine, puis des pelotes. Plus loin, des salari\u00e9s pr\u00e9parent les commandes pour les clients.<\/p>\n<div class=\"spip_document_89055 spip_document spip_documents spip_document_image spip_documents_center spip_document_center spip_document_avec_legende\" data-legende-len=\"122\" data-legende-lenx=\"xx\">\n<figure class=\"spip_doc_inner\">\n      <picture><source type=\"image\/webp\" srcset=\"https:\/\/reporterre.net\/local\/cache-vignettes\/L1050xH700\/photo_13-7-d9593.jpg@.webp?1740734532\"><img decoding=\"async\" src=\"https:\/\/reporterre.net\/IMG\/jpg\/photo_13-7.jpg\" width=\"1200\" height=\"800\" loading=\"lazy\" alt=\"\"\/><br \/>\n    <\/source><\/picture><figcaption class=\"spip_doc_legende\">\n<p>Les employ\u00e9s ont investi une partie de leur prime de licenciement pour int\u00e9grer la Scop.<br \/>\n<i>\u00a9 Cl\u00e9ment Villaume \/ Reporterre<\/i><\/p>\n<\/figcaption><\/figure>\n<\/p><\/div>\n<p>La marque de laine Phildar avait aussi une proposition de rachat de l\u2019usine, <i>\u00ab<small class=\"fine d-inline\">\u00a0<\/small>mais ils ne voulaient garder que le service cr\u00e9ation et le nom. Ils auraient tout fait faire \u00e0 l\u2019\u00e9tranger et on se serait retrouv\u00e9s sur le carreau<\/i>, poursuit le responsable de maintenance. <i>Et bon courage pour r\u00e9int\u00e9grer une autre bo\u00eete dans le coin. Par ici, \u00e7a n\u2019embauche pas, c\u2019est sinistr\u00e9<small class=\"fine d-inline\">\u00a0<\/small>\u00bb<\/i>.<\/p>\n<p>Pour int\u00e9grer la Scop, les employ\u00e9s ont d\u00fb investir 15<small class=\"fine d-inline\">\u00a0<\/small>% de leur prime de licenciement. M\u00eame quelques-uns, \u00e0 un an de la retraite, ont pris des parts dans l\u2019entreprise.<\/p>\n<blockquote class=\"spip\">\n<p>\u00ab<small class=\"fine d-inline\">\u00a0<\/small>Que l\u2019on soit ouvrier, contrema\u00eetre ou cadre, on aura tous le m\u00eame dividende \u00e0 la fin<small class=\"fine d-inline\">\u00a0<\/small>\u00bb<\/p>\n<\/blockquote>\n<p>Si l\u2019entreprise se porte bien, peu importe le montant de d\u00e9part engag\u00e9, chacun profite des b\u00e9n\u00e9fices \u00e9quitablement. <i>\u00ab<small class=\"fine d-inline\">\u00a0<\/small>Que l\u2019on soit ouvrier, contrema\u00eetre ou cadre, on aura tous le m\u00eame dividende \u00e0 la fin de l\u2019ann\u00e9e<small class=\"fine d-inline\">\u00a0<\/small>\u00bb<\/i>, s\u2019enthousiasme Fabien Joannes.<\/p>\n<p>L\u2019ambiance est au travail ce mois de f\u00e9vrier, o\u00f9 les demandes en pelotes de laine atteignent leur apog\u00e9e. <i>\u00ab<small class=\"fine d-inline\">\u00a0<\/small>On ne tricote pas en maillot de bain sur la plage, le tricot, c\u2019est un sport d\u2019hiver<small class=\"fine d-inline\">\u00a0<\/small>\u00bb<\/i>, s\u2019amuse le quadrag\u00e9naire.<\/p>\n<p>Dans cette usine vieillissante, il faut chauffer au moins \u00e0\u00a023\u00a0\u00b0C et produire 60<small class=\"fine d-inline\">\u00a0<\/small>% d\u2019humidit\u00e9 dans l\u2019air \u2014\u00a0une m\u00e9t\u00e9o digne des tropiques\u00a0\u2014 pour \u00e9viter que le fil de laine casse. Jour et nuit, les g\u00e9n\u00e9ratrices tournent dans un boucan assourdissant.<\/p>\n<div class=\"spip_document_89050 spip_document spip_documents spip_document_image spip_documents_center spip_document_center spip_document_avec_legende\" data-legende-len=\"128\" data-legende-lenx=\"xxx\">\n<figure class=\"spip_doc_inner\">\n      <picture><source type=\"image\/webp\" srcset=\"https:\/\/reporterre.net\/local\/cache-vignettes\/L1050xH700\/photo_14-9-d5b1e.jpg@.webp?1740655343\"><img decoding=\"async\" src=\"https:\/\/reporterre.net\/IMG\/jpg\/photo_14-9.jpg\" width=\"1200\" height=\"800\" loading=\"lazy\" alt=\"\"\/><br \/>\n    <\/source><\/picture><figcaption class=\"spip_doc_legende\">\n<p>Les \u00e9quipes travaillent dans une atmosph\u00e8re tropicale pour \u00e9viter que les fils de laine cassent.<br \/>\n<i>\u00a9 Cl\u00e9ment Villaume\/Reporterre<br \/>\n<\/i><\/p>\n<\/figcaption><\/figure>\n<\/p><\/div>\n<p>Les factures d\u2019\u00e9nergie sont \u00e9normes\u00a0: 1,7\u00a0million d\u2019euros de gaz et d\u2019\u00e9lectricit\u00e9 par an. <i>\u00ab<small class=\"fine d-inline\">\u00a0<\/small>On consomme 7,5\u00a0m\u00e9gawatts annuels. C\u2019est colossal<small class=\"fine d-inline\">\u00a0<\/small>\u00bb<\/i>, dit Jean-Michel Nicolas, le <span class=\"caps\">PDG<\/span>. <i>\u00ab<small class=\"fine d-inline\">\u00a0<\/small>Et c\u2019est pire quand il fait froid<\/i>, ajoute son coll\u00e8gue Fabien Joannes. <i>On a d\u00e9cid\u00e9 de ne plus produire de laine en hiver [d\u00e8s l\u2019hiver prochain] pour faire des \u00e9conomies.<small class=\"fine d-inline\">\u00a0<\/small>\u00bb<\/i><\/p>\n<p>Il s\u2019agit alors de s\u2019organiser autrement\u00a0: programmer les collections de tricot assez en avance pour fabriquer seulement les pelotes de laine entre mars et septembre. Sur ces 38\u00a0000\u00a0m<sup class=\"typo_exposants\">2<\/sup> de b\u00e2timents, la production a aussi \u00e9t\u00e9 recentr\u00e9e pour ne chauffer qu\u2019un seul endroit.<\/p>\n<p><i>\u00ab<small class=\"fine d-inline\">\u00a0<\/small>Les autres b\u00e2timents pourraient servir \u00e0 d\u2019autres entreprises de logistique pour aussi r\u00e9duire leur empreinte carbone<\/i>, continue Jean-Michel Nicolas. <i>Avec toutes ces d\u00e9cisions, on est d\u00e9j\u00e0 \u00e0 moiti\u00e9 moins de consommation.<small class=\"fine d-inline\">\u00a0<\/small>\u00bb<\/i><\/p>\n<div class=\"spip_document_89052 spip_document spip_documents spip_document_image spip_documents_center spip_document_center spip_document_avec_legende\" data-legende-len=\"142\" data-legende-lenx=\"xxx\">\n<figure class=\"spip_doc_inner\">\n      <picture><source type=\"image\/webp\" srcset=\"https:\/\/reporterre.net\/local\/cache-vignettes\/L1050xH700\/bergere-de-france_hd-3214-07700.jpg@.webp?1740734532\"><img decoding=\"async\" src=\"https:\/\/reporterre.net\/IMG\/jpg\/bergere-de-france_hd-3214.jpg\" width=\"1200\" height=\"800\" loading=\"lazy\" alt=\"\"\/><br \/>\n    <\/source><\/picture><figcaption class=\"spip_doc_legende\">\n<p>La r\u00e9organisation des t\u00e2ches depuis la reprise de l\u2019usine a permis de drastiquement r\u00e9duire sa consommation.<br \/>\n<i>\u00a9 Cl\u00e9ment Villaume \/ Reporterre<\/i><\/p>\n<\/figcaption><\/figure>\n<\/p><\/div>\n<p>Depuis la reprise en coop\u00e9rative, les ouvriers sont compl\u00e8tement polyvalents. De l\u2019assemblage de la laine \u00e0 l\u2019envoi des colis, en passant par la fabrication des catalogues et la confection des pelotes, ils touchent \u00e0 tout.<\/p>\n<p><i>\u00ab<small class=\"fine d-inline\">\u00a0<\/small>Avant, c\u2019\u00e9tait chacun sa place sur la cha\u00eene, on ne bougeait pas de sa machine<\/i>, pr\u00e9sente Fabien Joannes. <i>Aujourd\u2019hui, je m\u2019occupe des espaces verts, mais je parle aussi \u00e0 la R\u00e9gion pour trouver des financements.<small class=\"fine d-inline\">\u00a0<\/small>\u00bb<\/i><\/p>\n<blockquote class=\"spip\">\n<p>\u00ab<small class=\"fine d-inline\">\u00a0<\/small>C\u2019est plus convivial, on est moins grognons<small class=\"fine d-inline\">\u00a0<\/small>\u00bb<\/p>\n<\/blockquote>\n<p>Un peu plus loin, Nathalie inspecte les pelotes de laine pr\u00eates \u00e0 partir dans les cartons. <i>\u00ab<small class=\"fine d-inline\">\u00a0<\/small>La qualit\u00e9 n\u2019est pas encore parfaite, on peut faire mieux<small class=\"fine d-inline\">\u00a0<\/small>\u00bb<\/i>, lance-t-elle \u00e0 son <span class=\"caps\">PDG<\/span>.<\/p>\n<p>Et son confr\u00e8re, Fran\u00e7ois, contrema\u00eetre \u00e0 l\u2019usine, d\u2019abonder\u00a0: <i>\u00ab<small class=\"fine d-inline\">\u00a0<\/small>C\u2019est s\u00fbr que \u00e7a donne envie de se bouger. On veut que notre bo\u00eete vive. C\u2019est notre usine, c\u2019est nos dividendes.<small class=\"fine d-inline\">\u00a0<\/small>\u00bb<\/i><\/p>\n<div class=\"spip_document_89058 spip_document spip_documents spip_document_image spip_documents_center spip_document_center spip_document_avec_legende\" data-legende-len=\"118\" data-legende-lenx=\"xx\">\n<figure class=\"spip_doc_inner\">\n      <picture><source type=\"image\/webp\" srcset=\"https:\/\/reporterre.net\/local\/cache-vignettes\/L1050xH700\/photo_5-23-6952a.jpg@.webp?1740734532\"><img decoding=\"async\" src=\"https:\/\/reporterre.net\/IMG\/jpg\/photo_5-23.jpg\" width=\"1200\" height=\"800\" loading=\"lazy\" alt=\"\"\/><br \/>\n    <\/source><\/picture><figcaption class=\"spip_doc_legende\">\n<p>La convivialit\u00e9 du nouveau caract\u00e8re coop\u00e9ratif a motiv\u00e9 certains employ\u00e9s \u00e0 rester.<br \/>\n<i>\u00a9 Cl\u00e9ment Villaume \/ Reporterre<\/i><\/p>\n<\/figcaption><\/figure>\n<\/p><\/div>\n<p>M\u00eame son de cloche du c\u00f4t\u00e9 de Philippe Marmottin, 56\u00a0ans, qui s\u2019occupe de la comptabilit\u00e9 de l\u2019entreprise. <i>\u00ab<small class=\"fine d-inline\">\u00a0<\/small>Au d\u00e9part, je n\u2019\u00e9tais pas certain d\u2019y aller, j\u2019\u00e9tais fatigu\u00e9 des deux derni\u00e8res ann\u00e9es. Mais j\u2019ai un esprit coop\u00e9ratif<\/i>, sourit-il. <i>Aujourd\u2019hui c\u2019est plus convivial, on est moins grognons.<small class=\"fine d-inline\">\u00a0<\/small>\u00bb<\/i><\/p>\n<p>Il reste n\u00e9anmoins du pain sur la planche. \u00c0 titre d\u2019exemple, tous ont \u00e9t\u00e9 repris avec les m\u00eames contrats qu\u2019avant la cessation d\u2019entreprise et les \u00e9carts de salaires entre eux restent \u00e0 discuter.<\/p>\n<div class=\"spip_document_89053 spip_document spip_documents spip_document_image spip_documents_center spip_document_center spip_document_avec_legende\" data-legende-len=\"81\" data-legende-lenx=\"xx\">\n<figure class=\"spip_doc_inner\">\n      <picture><source type=\"image\/webp\" srcset=\"https:\/\/reporterre.net\/local\/cache-vignettes\/L1050xH700\/hd-2874-2-a84c8.jpg@.webp?1740655343\"><img decoding=\"async\" src=\"https:\/\/reporterre.net\/IMG\/jpg\/hd-2874-2.jpg\" width=\"1200\" height=\"800\" loading=\"lazy\" alt=\"\"\/><br \/>\n    <\/source><\/picture><figcaption class=\"spip_doc_legende\">\n<p>F\u00e9vrier est un mois d\u2019intense production pour les salari\u00e9s.<br \/>\n<i>\u00a9 Berg\u00e8re de France<br \/>\n<\/i><\/p>\n<\/figcaption><\/figure>\n<\/p><\/div>\n<p>Chez Berg\u00e8re de France, on est dans les derniers \u00e0 revendiquer des pelotes fran\u00e7aises et un savoir-faire unique. <i>\u00ab<small class=\"fine d-inline\">\u00a0<\/small>Ici, tout le monde conna\u00eet l\u2019entreprise<small class=\"fine d-inline\">\u00a0<\/small>\u00bb<\/i>, appuie Florence Thiriot, l\u2019ancienne g\u00e9rante de la mercerie Aux Articles de Paris, \u00e0 Bar-le-Duc.<\/p>\n<p><i>\u00ab<small class=\"fine d-inline\">\u00a0<\/small>On esp\u00e8re que \u00e7a va durer, je croise les doigts pour eux<\/i>, poursuit-elle. <i>Mais il n\u2019y a pas de raison, la laine est redevenue compl\u00e8tement tendance. Tricoter, c\u2019est avoir un pull chaud et unique, qui sort de l\u2019ordinaire. Mais c\u2019est surtout un acte durable et \u00e9coresponsable<small class=\"fine d-inline\">\u00a0<\/small>\u00bb<\/i>, \u00e0 rebours de la fast-fashion et de ses <a target=\"_blank\" href=\"https:\/\/reporterre.net\/La-fast-fashion-menace-l-industrie-francaise-du-textile\" class=\"spip_in\">cons\u00e9quences d\u00e9sastreuses<\/a> pour l\u2019emploi textile en France.<\/p>\n<p>Une ancienne salari\u00e9e de Berg\u00e8re, C\u00e9line, devrait bient\u00f4t reprendre sa boutique pour commercialiser la marque iconique. <i>\u00ab<small class=\"fine d-inline\">\u00a0<\/small>Bien s\u00fbr que \u00e7a va continuer. Avec les Scop, les gens vont reprendre leur destin en main<\/i>, s\u2019enthousiasme Fabien Joannes. <i>Quand je parle aux gens d\u2019ici, ils nous disent\u00a0: sauver une bo\u00eete comme \u00e7a, chapeau bas<small class=\"fine d-inline\">\u00a0<\/small>!\u00a0Mais ce n\u2019est pas impossible. La preuve, on le fait<small class=\"fine d-inline\">\u00a0<\/small>!<small class=\"fine d-inline\">\u00a0<\/small>\u00bb<\/i><\/p>\n<aside class=\"boite_encarts\">\n<div class=\"encart encart_gris noprint\">\n<p><strong>Puisque vous \u00eates l\u00e0&#8230;<\/strong><\/p>\n<p>&#8230; nous avons un petit service \u00e0 vous demander.<br class=\"autobr\"\/><br \/>\nEntre la pr\u00e9sence d\u2019un climatosceptique \u00e0 la t\u00eate de la premi\u00e8re puissance mondiale, un gouvernement fran\u00e7ais qui flirte avec l\u2019extr\u00eame-droite, et les catastrophes climatiques qui s\u2019enchainent&#8230; Faire vivre l\u2019\u00e9cologie dans le d\u00e9bat public est un enjeu crucial.<\/p>\n<p>Personne ne modifie ce que nous publions. Nous n\u2019avons ni actionnaire, ni propri\u00e9taire milliardaire \u2014 seulement une \u00e9quipe d\u2019irr\u00e9ductibles journalistes, pleine de d\u00e9termination.<\/p>\n<p>Nous avons la conviction que l\u2019urgence \u00e9cologique est l\u2019enjeu majeur de notre \u00e9poque. Et comme plus de 2 millions de lectrices et lecteurs chaque mois, vous partagez sans doute cette conviction&#8230;<\/p>\n<p><strong>Depuis 12 ans, nous publions des articles de qualit\u00e9 sur l\u2019\u00e9cologie, en acc\u00e8s libre et sans publicit\u00e9, pour tous.<\/strong><br class=\"autobr\"\/><br \/>\nMais ce travail demande beaucoup de temps et de ressources.<\/p>\n<p>Alors, si vous en avez les moyens, sachez qu\u2019un don, m\u00eame d\u20191\u20ac, est un acte de soutien fort pour l\u2019\u00e9cologie et le journalisme ind\u00e9pendant.<br class=\"autobr\"\/><br \/>\n(Et \u00e7a vous prendra moins de temps que la lecture de ce texte).<\/p>\n<p><strong>Si vous le pouvez, choisissez un soutien mensuel. Merci.<\/strong><\/p>\n<p><a target=\"_blank\" href=\"https:\/\/reporterre.net\/dons\" class=\"bt_soutenir\">Je soutiens <i>Reporterre<\/i><\/a><\/p>\n<\/p><\/div>\n<div class=\"encart encart_vert noprint montre_1023\">\n<div class=\"infolettre-form-container noprint\">\n<p>Abonnez-vous \u00e0 la lettre d\u2019info de Reporterre<\/p>\n<\/div><\/div>\n<\/aside>\n<aside class=\"boite_apresarticle encart_note\">\n<h4>Apr\u00e8s cet article<\/h4>\n<p>      <a target=\"_blank\" href=\"https:\/\/reporterre.net\/Autogestion-et-pulls-ecolos-bienvenue-dans-l-une-des-dernieres-usines-a-laine-de-France\" class=\"lien_article\">\n      <picture class=\"vignette_gauche\"><source type=\"image\/webp\" srcset=\"https:\/\/reporterre.net\/local\/cache-vignettes\/L450xH300\/arton31164-d68e2.jpg@.webp?1737375416\"><img decoding=\"async\" src=\"https:\/\/reporterre.net\/local\/cache-vignettes\/L450xH300\/arton31164-d68e2.jpg?1737375416\" width=\"450\" height=\"300\" alt=\"\" class=\"marge12\" loading=\"lazy\"\/><br \/>\n<\/source><\/picture>\n<p class=\"libelle\">\n<p>          Reportage \u2014<\/p>\n<p>      Alternatives\n    <\/p>\n<p class=\"titre pol20\">Autogestion et pulls \u00e9colos\u00a0: bienvenue dans l\u2019une des derni\u00e8res usines \u00e0 laine de France<\/p>\n<p>      <\/a><br \/>\n    <\/aside>\n<aside class=\"boite_complement texte\">\n<p>      <!-- zone_forum --><br \/>\n          <\/aside>\n<aside class=\"boite_lireaussi noprint\">\n<\/aside>\n<aside class=\"colonne\">\n<div class=\"article_info cache_1023 noprint\">\n<p>    <span class=\"date\">6 mars 2025  \u00e0 09h39<\/span><\/p>\n<p class=\"duree_lecture\">\n        Dur\u00e9e de lecture : 5 minutes\n      <\/p>\n<\/p><\/div>\n<div class=\"bloc_infolettre\">\n<div class=\"infolettre-form-container noprint\">\n<p>Abonnez-vous \u00e0 la lettre d\u2019info de Reporterre<\/p>\n<\/div><\/div>\n<\/aside><\/div>\n<p><br \/>\n<br \/><a href=\"https:\/\/reporterre.net\/Ce-sont-nos-dividendes-cette-usine-de-laine-a-ete-reprise-par-les-salaries\" target=\"_blank\"\">Source link <\/a><\/p>\n","protected":false},"excerpt":{"rendered":"<p>Bar-le-Duc (Meuse), reportage \u00c0 Bar-le-Duc, dans la Meuse, les ouvri\u00e8res de Berg\u00e8re de France sont aussi actionnaires. Aux portes de la ville, on ne peut pas louper l\u2019une des derni\u00e8res&hellip; <\/p>\n","protected":false},"author":1,"featured_media":3893,"comment_status":"open","ping_status":"open","sticky":false,"template":"","format":"standard","meta":{"footnotes":""},"categories":[1],"tags":[],"class_list":["post-3892","post","type-post","status-publish","format-standard","has-post-thumbnail","hentry","category-non-classe"],"_links":{"self":[{"href":"https:\/\/monde25.info\/index.php\/wp-json\/wp\/v2\/posts\/3892","targetHints":{"allow":["GET"]}}],"collection":[{"href":"https:\/\/monde25.info\/index.php\/wp-json\/wp\/v2\/posts"}],"about":[{"href":"https:\/\/monde25.info\/index.php\/wp-json\/wp\/v2\/types\/post"}],"author":[{"embeddable":true,"href":"https:\/\/monde25.info\/index.php\/wp-json\/wp\/v2\/users\/1"}],"replies":[{"embeddable":true,"href":"https:\/\/monde25.info\/index.php\/wp-json\/wp\/v2\/comments?post=3892"}],"version-history":[{"count":0,"href":"https:\/\/monde25.info\/index.php\/wp-json\/wp\/v2\/posts\/3892\/revisions"}],"wp:featuredmedia":[{"embeddable":true,"href":"https:\/\/monde25.info\/index.php\/wp-json\/wp\/v2\/media\/3893"}],"wp:attachment":[{"href":"https:\/\/monde25.info\/index.php\/wp-json\/wp\/v2\/media?parent=3892"}],"wp:term":[{"taxonomy":"category","embeddable":true,"href":"https:\/\/monde25.info\/index.php\/wp-json\/wp\/v2\/categories?post=3892"},{"taxonomy":"post_tag","embeddable":true,"href":"https:\/\/monde25.info\/index.php\/wp-json\/wp\/v2\/tags?post=3892"}],"curies":[{"name":"wp","href":"https:\/\/api.w.org\/{rel}","templated":true}]}}