{"id":3896,"date":"2025-03-06T16:29:45","date_gmt":"2025-03-06T15:29:45","guid":{"rendered":"https:\/\/monde25.info\/index.php\/2025\/03\/06\/sarkozy-bracelet-electronique-et-legion-dhonneur-en-sursis\/"},"modified":"2025-03-06T16:29:45","modified_gmt":"2025-03-06T15:29:45","slug":"sarkozy-bracelet-electronique-et-legion-dhonneur-en-sursis","status":"publish","type":"post","link":"https:\/\/monde25.info\/index.php\/2025\/03\/06\/sarkozy-bracelet-electronique-et-legion-dhonneur-en-sursis\/","title":{"rendered":"Sarkozy : bracelet \u00e9lectronique et L\u00e9gion d&rsquo;honneur en sursis"},"content":{"rendered":"<p> <br \/>\n<\/p>\n<div>\n<p><span data-contrast=\"auto\">La L\u00e9gion d&rsquo;honneur de Nicolas Sarkozy est \u00ab\u00a0attach\u00e9e \u00e0 sa fonction\u00a0\u00bb d&rsquo;ancien chef de l&rsquo;Etat et non \u00e0 sa personne, a fait valoir jeudi l&rsquo;avocat aux conseils de l&rsquo;ex-pr\u00e9sident, alors que se pose la question du retrait de cette d\u00e9coration apr\u00e8s sa condamnation d\u00e9finitive dans l&rsquo;affaire des \u00e9coutes.<\/span><span data-ccp-props=\"{&quot;134233117&quot;:false,&quot;134233118&quot;:false,&quot;335559738&quot;:300,&quot;335559739&quot;:300}\">\u00a0<\/span><\/p>\n<p><span data-contrast=\"auto\">\u00ab\u00a0Nicolas Sarkozy est aujourd&rsquo;hui grand-croix. Il l&rsquo;est parce qu&rsquo;il a \u00e9t\u00e9 grand-ma\u00eetre de l&rsquo;Ordre\u00a0\u00bb, a dit sur BFMTV Me Patrice Spinosi, avocat \u00e0 la Cour de cassation, en insistant sur le fait qu&rsquo;il a re\u00e7u ce titre en qualit\u00e9 de chef de l&rsquo;Etat.<\/span><span data-ccp-props=\"{&quot;134233117&quot;:false,&quot;134233118&quot;:false,&quot;335559738&quot;:300,&quot;335559739&quot;:300}\">\u00a0<\/span><\/p>\n<p><span data-contrast=\"auto\">\u00ab\u00a0La question qui se pose, et qui est la question purement juridique que nous posons, c&rsquo;est celle de savoir si la proc\u00e9dure, qui est la proc\u00e9dure commune, habituelle (&#8230;), a vocation \u00e0 \u00eatre transpos\u00e9e de fa\u00e7on parfaitement \u00e9quivalente \u00e0 une hypoth\u00e8se o\u00f9 cette dignit\u00e9 n&rsquo;est pas attach\u00e9e \u00e0 ses m\u00e9rites particuliers, mais bien \u00e0 la fonction qu&rsquo;il a exerc\u00e9e\u00a0\u00bb, a indiqu\u00e9 Me Spinosi.<\/span><span data-ccp-props=\"{&quot;134233117&quot;:false,&quot;134233118&quot;:false,&quot;335559738&quot;:300,&quot;335559739&quot;:300}\">\u00a0<\/span><\/p>\n<p><span data-contrast=\"auto\">\u00ab\u00a0Est-ce qu&rsquo;on peut retirer sa L\u00e9gion d&rsquo;honneur \u00e0 un ancien pr\u00e9sident de la R\u00e9publique fran\u00e7aise, ancien grand-ma\u00eetre de l&rsquo;ordre ? Est-ce qu&rsquo;il va perdre cette qualit\u00e9 d&rsquo;ancien grand-ma\u00eetre de l&rsquo;ordre ?\u00a0\u00bb, s&rsquo;est interrog\u00e9 l&rsquo;avocat.<\/span><span data-ccp-props=\"{&quot;134233117&quot;:false,&quot;134233118&quot;:false,&quot;335559738&quot;:300,&quot;335559739&quot;:300}\">\u00a0<\/span><\/p>\n<p><span data-contrast=\"auto\">Nicolas Sarkozy, a-t-il dit, \u00ab\u00a0n&rsquo;est pas l\u00e0 pour s&rsquo;agripper \u00e0 une L\u00e9gion d&rsquo;honneur\u00a0\u00bb. \u00ab\u00a0Je pense que Nicolas Sarkozy, au-del\u00e0 de lui en fait, ce qu&rsquo;il cherche \u00e0 d\u00e9fendre ici c&rsquo;est sa fonction\u00a0\u00bb, a ajout\u00e9 Me Spinosi qui a par ailleurs annonc\u00e9 qu&rsquo;un recours sera d\u00e9pos\u00e9 devant la Cour europ\u00e9enne des droits de l\u2019Homme (CEDH) \u00ab\u00a0la semaine prochaine\u00a0\u00bb pour contester la condamnation de son client, \u00ab\u00a0contraire au droit du proc\u00e8s \u00e9quitable\u00a0\u00bb, selon lui.<\/span><span data-ccp-props=\"{&quot;134233117&quot;:false,&quot;134233118&quot;:false,&quot;335559738&quot;:300,&quot;335559739&quot;:300}\">\u00a0<\/span><\/p>\n<blockquote>\n<p><span data-ccp-props=\"{&quot;134233117&quot;:false,&quot;134233118&quot;:false,&quot;335559738&quot;:300,&quot;335559739&quot;:300}\"><strong>A lire aussi : <\/strong><\/span><a target=\"_blank\" href=\"https:\/\/edition.francesoir.fr\/politique-france-portraits\/nicolas-sarkozy-lapin-bling-bling-marine-dans-des-affaires-en-tous\"><span data-ccp-props=\"{&quot;134233117&quot;:false,&quot;134233118&quot;:false,&quot;335559738&quot;:300,&quot;335559739&quot;:300}\"><strong>Nicolas Sarkozy, lapin bling-bling marin\u00e9 dans des affaires en tous genres<\/strong><\/span><\/a><\/p>\n<\/blockquote>\n<p><span data-contrast=\"auto\">Lors d&rsquo;une conf\u00e9rence de presse mardi, le g\u00e9n\u00e9ral Fran\u00e7ois Lecointre, chancelier de la L\u00e9gion d&rsquo;honneur, a affirm\u00e9 que le retrait de la L\u00e9gion d&rsquo;honneur de Nicolas Sarkozy \u00e9tait \u00ab\u00a0de droit\u00a0\u00bb.<\/span><span data-ccp-props=\"{&quot;134233117&quot;:false,&quot;134233118&quot;:false,&quot;335559738&quot;:300,&quot;335559739&quot;:300}\">\u00a0<\/span><\/p>\n<p><span data-contrast=\"auto\">\u00ab\u00a0L&rsquo;exclusion \u00e9tant pr\u00e9vue de facto par le code de la L\u00e9gion d&rsquo;honneur, je ne pense pas qu&rsquo;il y ait beaucoup d&rsquo;incertitudes\u00a0\u00bb, a soutenu le g\u00e9n\u00e9ral Lecointre, insistant sur le devoir \u00ab\u00a0d&rsquo;exemplarit\u00e9\u00a0\u00bb des r\u00e9cipiendaires de cette distinction.<\/span><span data-ccp-props=\"{&quot;134233117&quot;:false,&quot;134233118&quot;:false,&quot;335559738&quot;:300,&quot;335559739&quot;:300}\">\u00a0<\/span><\/p>\n<p><span data-contrast=\"auto\">Sarkozy a \u00e9t\u00e9 d\u00e9finitivement condamn\u00e9 \u00e0 trois ans de prison, dont un an ferme, en d\u00e9cembre pour corruption d&rsquo;un haut magistrat dans l&rsquo;affaire dite des \u00e9coutes. Depuis f\u00e9vrier, il est \u00e9quip\u00e9 d&rsquo;un bracelet \u00e9lectronique limitant ses d\u00e9placements.<\/span><\/p>\n<p><span data-contrast=\"auto\">Il est actuellement jug\u00e9 pour les soup\u00e7ons de financement libyen de sa campagne pr\u00e9sidentielle de 2007.<\/span><span data-ccp-props=\"{&quot;134233117&quot;:false,&quot;134233118&quot;:false,&quot;335559738&quot;:300,&quot;335559739&quot;:300}\">\u00a0<\/span><\/p>\n<p><span data-ccp-props=\"{}\">\u00a0<\/span><\/p>\n<\/div>\n<p><script>(function(d, s, id) {  var js, fjs = d.getElementsByTagName(s)[0];  if (d.getElementById(id)) return;  js = d.createElement(s); js.id = id;  js.src = \"\/\/connect.facebook.net\/fr_FR\/sdk.js#xfbml=1&version=v2.3\";  fjs.parentNode.insertBefore(js, fjs);}(document, \"script\", \"facebook-jssdk\"));<\/script><br \/>\n<br \/><br \/>\n<br \/><a href=\"https:\/\/www.francesoir.fr\/politique-france\/sarkozy-bracelet-electronique-et-legion-d-honneur-en-sursis\" target=\"_blank\"\">Source link <\/a><\/p>\n","protected":false},"excerpt":{"rendered":"<p>La L\u00e9gion d&rsquo;honneur de Nicolas Sarkozy est \u00ab\u00a0attach\u00e9e \u00e0 sa fonction\u00a0\u00bb d&rsquo;ancien chef de l&rsquo;Etat et non \u00e0 sa personne, a fait valoir jeudi l&rsquo;avocat aux conseils de l&rsquo;ex-pr\u00e9sident, alors&hellip; <\/p>\n","protected":false},"author":1,"featured_media":3897,"comment_status":"open","ping_status":"open","sticky":false,"template":"","format":"standard","meta":{"footnotes":""},"categories":[1],"tags":[],"class_list":["post-3896","post","type-post","status-publish","format-standard","has-post-thumbnail","hentry","category-non-classe"],"_links":{"self":[{"href":"https:\/\/monde25.info\/index.php\/wp-json\/wp\/v2\/posts\/3896","targetHints":{"allow":["GET"]}}],"collection":[{"href":"https:\/\/monde25.info\/index.php\/wp-json\/wp\/v2\/posts"}],"about":[{"href":"https:\/\/monde25.info\/index.php\/wp-json\/wp\/v2\/types\/post"}],"author":[{"embeddable":true,"href":"https:\/\/monde25.info\/index.php\/wp-json\/wp\/v2\/users\/1"}],"replies":[{"embeddable":true,"href":"https:\/\/monde25.info\/index.php\/wp-json\/wp\/v2\/comments?post=3896"}],"version-history":[{"count":0,"href":"https:\/\/monde25.info\/index.php\/wp-json\/wp\/v2\/posts\/3896\/revisions"}],"wp:featuredmedia":[{"embeddable":true,"href":"https:\/\/monde25.info\/index.php\/wp-json\/wp\/v2\/media\/3897"}],"wp:attachment":[{"href":"https:\/\/monde25.info\/index.php\/wp-json\/wp\/v2\/media?parent=3896"}],"wp:term":[{"taxonomy":"category","embeddable":true,"href":"https:\/\/monde25.info\/index.php\/wp-json\/wp\/v2\/categories?post=3896"},{"taxonomy":"post_tag","embeddable":true,"href":"https:\/\/monde25.info\/index.php\/wp-json\/wp\/v2\/tags?post=3896"}],"curies":[{"name":"wp","href":"https:\/\/api.w.org\/{rel}","templated":true}]}}