{"id":3908,"date":"2025-03-06T19:50:07","date_gmt":"2025-03-06T18:50:07","guid":{"rendered":"https:\/\/monde25.info\/index.php\/2025\/03\/06\/qui-sont-les-electeurs-du-rassemblement-national-par-benoit-breville-le-monde-diplomatique-mars-2025\/"},"modified":"2025-03-06T19:50:07","modified_gmt":"2025-03-06T18:50:07","slug":"qui-sont-les-electeurs-du-rassemblement-national-par-benoit-breville-le-monde-diplomatique-mars-2025","status":"publish","type":"post","link":"https:\/\/monde25.info\/index.php\/2025\/03\/06\/qui-sont-les-electeurs-du-rassemblement-national-par-benoit-breville-le-monde-diplomatique-mars-2025\/","title":{"rendered":"Qui sont les \u00e9lecteurs du Rassemblement National ?, par Beno\u00eet Br\u00e9ville (Le Monde diplomatique, mars 2025)"},"content":{"rendered":"<p> <br \/>\n<\/p>\n<div couleurfade=\"e5e7e7\" couleurclaire=\"e0eae7\" couleurpale=\"b2e5d4\" couleurmi=\"53786c\" couleurfoncee=\"366255\" couleursombre=\"141e1b\" couleurfond=\"4c514f\" couleurtexte=\"ffffff\">\n<div class=\"enapercu\">\n<figure class=\"spip_document_34199 spip_documents spip_documents_center xl\" style=\"width:890px;\">\n<div class=\"limage\">\n<p>\t\t\t<img loading=\"lazy\" decoding=\"async\" src=\"https:\/\/www.monde-diplomatique.fr\/\/local\/cache-vignettes\/L890xH707\/img019-61-24158.jpg?1740499431\" width=\"890\" height=\"707\" class=\"spip_logos\" alt=\"JPEG - 108.5\u00a0ko\"\/><\/p><\/div><figcaption>\n<p>Gideon Kiefer. \u2013 \u00ab<small class=\"fine\">\u00a0<\/small>Once Upon a Time<small class=\"fine\">\u00a0<\/small>\u00bb (Il \u00e9tait une fois), 2021<\/p>\n<\/figcaption><\/figure>\n<p><span class=\"mot-lettrine\"><span class=\"lettrine\">L<\/span>a<\/span> question a suscit\u00e9 tant de livres, de colloques et de th\u00e8ses qu\u2019on pourrait l\u2019imaginer r\u00e9solue. Qui vote pour l\u2019extr\u00eame droite, et pourquoi<small class=\"fine\">\u00a0<\/small>? Depuis ses premiers succ\u00e8s il y a quarante ans, le Front national (FN), devenu Rassemblement national (RN) en 2018, est <i>\u00ab<small class=\"fine\">\u00a0<\/small>sans conteste le parti politique fran\u00e7ais qui a \u00e9t\u00e9 le plus \u00e9tudi\u00e9 au cours des derni\u00e8res d\u00e9cennies<small class=\"fine\">\u00a0<\/small>\u00bb,<\/i> observe le politiste Alexandre Dez\u00e9, avec pas moins de 210\u00a0livres publi\u00e9s entre les ann\u00e9es\u00a01980 et 2017. Et le flot ne s\u2019est pas tari. Comment interpr\u00e9ter les logiques territoriales de son implantation<small class=\"fine\">\u00a0<\/small>? Son ascension t\u00e9moigne-t-elle d\u2019une droitisation du pays<small class=\"fine\">\u00a0<\/small>? Ses \u00e9lecteurs sont-ils principalement anim\u00e9s par des consid\u00e9rations sociales ou des pr\u00e9occupations culturelles<small class=\"fine\">\u00a0<\/small>?<\/p>\n<p>Ils ne justifient pas leur vote de la m\u00eame mani\u00e8re, ni ne manifestent le m\u00eame attachement au parti<small class=\"fine\">\u00a0<\/small>; leurs motivations varient selon leur parcours biographique, leur \u00e2ge, leur origine sociale, professionnelle, g\u00e9ographique\u2026 Il faudrait ainsi parler \u00ab<small class=\"fine\">\u00a0<\/small>des<small class=\"fine\">\u00a0<\/small>\u00bb \u00e9lectorats du RN tant ce parti p\u00e9n\u00e8tre tous les milieux. Lors des \u00e9lections europ\u00e9ennes de juin\u00a02024, la liste conduite par M.\u00a0Jordan Bardella est arriv\u00e9e en t\u00eate dans chaque cat\u00e9gorie socioprofessionnelle, 53<small class=\"fine\">\u00a0<\/small>% chez les ouvriers, 40<small class=\"fine\">\u00a0<\/small>% chez les employ\u00e9s, mais aussi 20<small class=\"fine\">\u00a0<\/small>% chez les cadres (\u00e0 \u00e9galit\u00e9 avec M.\u00a0Rapha\u00ebl Glucksmann). Le RN repose sur une base populaire et peu dipl\u00f4m\u00e9e, mais il peut aussi compter sur une certaine bourgeoisie. La plupart des universitaires renoncent d\u00e8s lors \u00e0 tirer des enseignements trop g\u00e9n\u00e9raux, \u00e0 retenir des objets trop larges, et privil\u00e9gient des \u00e9tudes parcellaires sur tel quartier ou tel m\u00e9tier, afin d\u2019examiner toutes les sinuosit\u00e9s des choix \u00e9lectoraux. Les m\u00e9dias, eux, ne s\u2019embarrassent pas de telles nuances.<\/p>\n<p>D\u00e8s les ann\u00e9es\u00a01990, le g\u00e9ographe Jacques L\u00e9vy s\u2019est fait conna\u00eetre par sa th\u00e9orie du \u00ab<small class=\"fine\">\u00a0<\/small>gradient d\u2019urbanit\u00e9<small class=\"fine\">\u00a0<\/small>\u00bb\u00a0: le vote FN, tr\u00e8s faible au centre des agglom\u00e9rations, lieu de diversit\u00e9 et de connexion internationale, augmenterait \u00e0 mesure que l\u2019on se dirige vers des zones\u00a0(&#8230;)<\/p>\n<\/p><\/div>\n<p>Taille de l\u2019article complet\u00a0:\u00a0<span>4\u00a0106<\/span>\u00a0mots.<\/p>\n<div class=\"promo_dispo_article\">\n<h2 class=\"avantbloc\">\n\tCet article est r\u00e9serv\u00e9 aux\u00a0abonn\u00e9s<\/p>\n<\/h2>\n<div class=\"abo_inst\">\n\t<strong>Lyc\u00e9es, biblioth\u00e8ques, administrations, entreprises,<\/strong><br \/>\n\tacc\u00e9dez \u00e0 la base de donn\u00e9es en ligne de tous les articles du <i>Monde diplomatique<\/i> de 1954 \u00e0 nos\u00a0jours.<br \/>\n\t<a target=\"_blank\" id=\"pw-institutions\" class=\"suivi\" href=\"https:\/\/www.monde-diplomatique.fr\/archives\/institutions\">Retrouvez cette\u00a0offre sp\u00e9cifique<\/a>.\n<\/div>\n<\/div><\/div>\n<p><br \/>\n<br \/><a href=\"https:\/\/www.monde-diplomatique.fr\/2025\/03\/BREVILLE\/68109\" target=\"_blank\"\">Source link <\/a><\/p>\n","protected":false},"excerpt":{"rendered":"<p>Gideon Kiefer. \u2013 \u00ab\u00a0Once Upon a Time\u00a0\u00bb (Il \u00e9tait une fois), 2021 La question a suscit\u00e9 tant de livres, de colloques et de th\u00e8ses qu\u2019on pourrait l\u2019imaginer r\u00e9solue. Qui vote&hellip; <\/p>\n","protected":false},"author":1,"featured_media":3909,"comment_status":"open","ping_status":"open","sticky":false,"template":"","format":"standard","meta":{"footnotes":""},"categories":[1],"tags":[],"class_list":["post-3908","post","type-post","status-publish","format-standard","has-post-thumbnail","hentry","category-non-classe"],"_links":{"self":[{"href":"https:\/\/monde25.info\/index.php\/wp-json\/wp\/v2\/posts\/3908","targetHints":{"allow":["GET"]}}],"collection":[{"href":"https:\/\/monde25.info\/index.php\/wp-json\/wp\/v2\/posts"}],"about":[{"href":"https:\/\/monde25.info\/index.php\/wp-json\/wp\/v2\/types\/post"}],"author":[{"embeddable":true,"href":"https:\/\/monde25.info\/index.php\/wp-json\/wp\/v2\/users\/1"}],"replies":[{"embeddable":true,"href":"https:\/\/monde25.info\/index.php\/wp-json\/wp\/v2\/comments?post=3908"}],"version-history":[{"count":0,"href":"https:\/\/monde25.info\/index.php\/wp-json\/wp\/v2\/posts\/3908\/revisions"}],"wp:featuredmedia":[{"embeddable":true,"href":"https:\/\/monde25.info\/index.php\/wp-json\/wp\/v2\/media\/3909"}],"wp:attachment":[{"href":"https:\/\/monde25.info\/index.php\/wp-json\/wp\/v2\/media?parent=3908"}],"wp:term":[{"taxonomy":"category","embeddable":true,"href":"https:\/\/monde25.info\/index.php\/wp-json\/wp\/v2\/categories?post=3908"},{"taxonomy":"post_tag","embeddable":true,"href":"https:\/\/monde25.info\/index.php\/wp-json\/wp\/v2\/tags?post=3908"}],"curies":[{"name":"wp","href":"https:\/\/api.w.org\/{rel}","templated":true}]}}