{"id":3916,"date":"2025-03-06T22:04:20","date_gmt":"2025-03-06T21:04:20","guid":{"rendered":"https:\/\/monde25.info\/index.php\/2025\/03\/06\/en-amazonie-la-deforestation-altere-aussi-les-precipitations\/"},"modified":"2025-03-06T22:04:20","modified_gmt":"2025-03-06T21:04:20","slug":"en-amazonie-la-deforestation-altere-aussi-les-precipitations","status":"publish","type":"post","link":"https:\/\/monde25.info\/index.php\/2025\/03\/06\/en-amazonie-la-deforestation-altere-aussi-les-precipitations\/","title":{"rendered":"En Amazonie, la d\u00e9forestation alt\u00e8re aussi les pr\u00e9cipitations"},"content":{"rendered":"<p> <br \/>\n<\/p>\n<div style=\"position:relative;\">\n        <picture><source type=\"image\/webp\" srcset=\"https:\/\/reporterre.net\/local\/cache-vignettes\/L720xH480\/operacao_hymenaea__julho-2016__29399454651_1_-948c4.jpg@.webp?1741279590\"><img loading=\"lazy\" decoding=\"async\" src=\"https:\/\/reporterre.net\/local\/cache-vignettes\/L720xH480\/operacao_hymenaea__julho-2016__29399454651_1_-948c4.jpg?1741279590\" width=\"720\" height=\"480\" alt=\"En Amazonie, la d\u00e9forestation alt\u00e8re aussi les pr\u00e9cipitations\" class=\"image_logo voir_logo\"\/><\/p>\n<p><\/source><\/picture>\n<p class=\"legende_logo\">Commerce ill\u00e9gal de bois dans la for\u00eat amazonienne, en 2016. <span class=\"copyright_logo\">&#8211; Wikimedia Commons\/CC BY 2.0\/Ibama<\/span><\/p>\n<p class=\"legende_logo_480\">Commerce ill\u00e9gal de bois dans la for\u00eat amazonienne, en 2016. <span class=\"copyright_logo\">&#8211; Wikimedia Commons\/CC BY 2.0\/Ibama<\/span><\/p>\n<\/p><\/div>\n<div>\n        <span class=\"date\">6 mars 2025  \u00e0 17h50<\/span><\/p>\n<p class=\"duree_lecture\">\n        Dur\u00e9e de lecture : 2 minutes\n      <\/p>\n<\/p><\/div>\n<div>\n<p>On savait que la d\u00e9forestation accentuait les s\u00e9cheresses. C\u2019est vrai&#8230; mais elle intensifierait aussi les pr\u00e9cipitations. Ainsi, en Amazonie, <i>\u00ab<small class=\"fine d-inline\">\u00a0<\/small>le d\u00e9boisement de la for\u00eat augmente les pluies pendant la saison humide, mais les r\u00e9duit pendant la saison s\u00e8che, lorsque l\u2019\u00e9cosyst\u00e8me a le plus besoin d\u2019eau<small class=\"fine d-inline\">\u00a0<\/small>\u00bb<\/i>, ont montr\u00e9 des chercheurs dans une \u00e9tude parue le 5\u00a0mars <a target=\"_blank\" href=\"https:\/\/www.nature.com\/articles\/s41586-024-08570-y\" class=\"spip_out\" rel=\"external\">dans <i>Nature<\/i><\/a>.<\/p>\n<p>Les \u00e9tudes publi\u00e9es jusqu\u2019ici avaient plut\u00f4t mis en \u00e9vidence une r\u00e9duction des pr\u00e9cipitations en lien avec la d\u00e9forestation. Une diminution caus\u00e9e par la baisse du ph\u00e9nom\u00e8ne d\u2019\u00e9vapotranspiration, par lequel l\u2019eau des plantes est envoy\u00e9e dans l\u2019atmosph\u00e8re. Cette fois-ci, les chercheurs ont essay\u00e9 d\u2019avoir une meilleure vue d\u2019ensemble, gr\u00e2ce \u00e0 des mod\u00e9lisations climatiques et des donn\u00e9es satellites.<\/p>\n<p>Pendant les saisons des pluies, la d\u00e9forestation entra\u00eene un r\u00e9chauffement de surface qui d\u00e9clenche des flux d\u2019air ascendants \u2014 puisque l\u2019air chaud monte \u2014 <i>\u00ab<small class=\"fine d-inline\">\u00a0<\/small>ce qui cr\u00e9e une aspiration<small class=\"fine d-inline\">\u00a0<\/small>\u00bb<\/i>, explique le climatologue Quentin Lejeune <a target=\"_blank\" href=\"https:\/\/www.lefigaro.fr\/sciences\/les-effets-surprenants-de-la-deforestation-sur-les-saisons-en-amazonie-20250306\" class=\"spip_out\" rel=\"external\">aupr\u00e8s du <i>Figaro<\/i>.<\/a> Il pr\u00e9cise\u00a0: <i>\u00ab<small class=\"fine d-inline\">\u00a0<\/small>L\u2019air humide environnant va converger vers la zone d\u00e9forest\u00e9e et augmenter les pluies \u00e0 cet endroit.<small class=\"fine d-inline\">\u00a0<\/small>\u00bb<\/i><\/p>\n<p>Pour les auteurs de l\u2019\u00e9tude, ces r\u00e9sultats <i>\u00ab<small class=\"fine d-inline\">\u00a0<\/small>soulignent le besoin urgent de s\u2019attaquer \u00e0 la perte rapide et \u00e9tendue de la for\u00eat<small class=\"fine d-inline\">\u00a0<\/small>\u00bb<\/i>. <a target=\"_blank\" href=\"https:\/\/www.lemonde.fr\/planete\/article\/2024\/11\/07\/la-deforestation-de-l-amazonie-bresilienne-a-son-plus-bas-niveau-depuis-neuf-ans_6380591_3244.html\" class=\"spip_out\" rel=\"external\">Selon l\u2019Institut national de recherches spatiales (<span class=\"caps\">INPE<\/span>) du Br\u00e9sil<\/a>, 6\u00a0288\u00a0km\u00b2 de for\u00eat primaire \u2014 soit l\u2019\u00e9quivalent d\u2019un d\u00e9partement fran\u00e7ais \u2014 ont \u00e9t\u00e9 d\u00e9bois\u00e9s entre 2023 et 2024.<\/p>\n<p>Attention toutefois\u00a0: \u00e0 long terme et \u00e0 grande \u00e9chelle, la principale menace qui p\u00e8se sur le poumon vert demeure bel et bien l\u2019ass\u00e8chement, <a target=\"_blank\" href=\"https:\/\/reporterre.net\/Deforestation-l-Amazonie-a-atteint-son-point-de-bascule\">avec le risque que la for\u00eat ne devienne une immense savane<\/a>.<\/p>\n<aside class=\"boite_encarts\">\n<div class=\"encart encart_gris noprint\">\n<p><strong>Puisque vous \u00eates l\u00e0&#8230;<\/strong><\/p>\n<p>&#8230; nous avons un petit service \u00e0 vous demander.<br class=\"autobr\"\/><br \/>\nEntre la pr\u00e9sence d\u2019un climatosceptique \u00e0 la t\u00eate de la premi\u00e8re puissance mondiale, un gouvernement fran\u00e7ais qui flirte avec l\u2019extr\u00eame-droite, et les catastrophes climatiques qui s\u2019enchainent&#8230; Faire vivre l\u2019\u00e9cologie dans le d\u00e9bat public est un enjeu crucial.<\/p>\n<p>Personne ne modifie ce que nous publions. Nous n\u2019avons ni actionnaire, ni propri\u00e9taire milliardaire \u2014 seulement une \u00e9quipe d\u2019irr\u00e9ductibles journalistes, pleine de d\u00e9termination.<\/p>\n<p>Nous avons la conviction que l\u2019urgence \u00e9cologique est l\u2019enjeu majeur de notre \u00e9poque. Et comme plus de 2 millions de lectrices et lecteurs chaque mois, vous partagez sans doute cette conviction&#8230;<\/p>\n<p><strong>Depuis 12 ans, nous publions des articles de qualit\u00e9 sur l\u2019\u00e9cologie, en acc\u00e8s libre et sans publicit\u00e9, pour tous.<\/strong><br class=\"autobr\"\/><br \/>\nMais ce travail demande beaucoup de temps et de ressources.<\/p>\n<p>Alors, si vous en avez les moyens, sachez qu\u2019un don, m\u00eame d\u20191\u20ac, est un acte de soutien fort pour l\u2019\u00e9cologie et le journalisme ind\u00e9pendant.<br class=\"autobr\"\/><br \/>\n(Et \u00e7a vous prendra moins de temps que la lecture de ce texte).<\/p>\n<p><strong>Si vous le pouvez, choisissez un soutien mensuel. Merci.<\/strong><\/p>\n<p><a target=\"_blank\" href=\"https:\/\/reporterre.net\/dons\" class=\"bt_soutenir\">Je soutiens <i>Reporterre<\/i><\/a><\/p>\n<\/p><\/div>\n<div class=\"encart encart_vert noprint montre_1023\">\n<div class=\"infolettre-form-container noprint\">\n<p>Abonnez-vous \u00e0 la lettre d\u2019info de Reporterre<\/p>\n<\/div><\/div>\n<\/aside>\n<aside class=\"boite_apresarticle encart_note\">\n<h4>Apr\u00e8s cet article<\/h4>\n<p>      <a target=\"_blank\" href=\"https:\/\/reporterre.net\/Deforestation-l-Amazonie-a-atteint-son-point-de-bascule\" class=\"lien_article\">\n      <picture class=\"vignette_gauche\"><source type=\"image\/webp\" srcset=\"https:\/\/reporterre.net\/local\/cache-vignettes\/L450xH300\/arton26253-18324.jpg@.webp?1737370335\"><img decoding=\"async\" src=\"https:\/\/reporterre.net\/local\/cache-vignettes\/L450xH300\/arton26253-18324.jpg?1737370335\" width=\"450\" height=\"300\" alt=\"\" class=\"marge12\" loading=\"lazy\"\/><br \/>\n<\/source><\/picture>\n<p class=\"libelle\">\n<p>      For\u00eats tropicales\n    <\/p>\n<p class=\"titre pol20\">D\u00e9forestation\u00a0: l\u2019Amazonie a atteint son point de bascule<\/p>\n<p>      <\/a><br \/>\n    <\/aside>\n<aside class=\"boite_complement texte\">\n<p>      <!-- zone_forum --><br \/>\n          <\/aside>\n<aside class=\"boite_lireaussi noprint\">\n<\/aside>\n<aside class=\"colonne\">\n<div class=\"article_info cache_1023 noprint\">\n        <span class=\"date\">6 mars 2025  \u00e0 17h50<\/span><\/p>\n<p class=\"duree_lecture\">\n        Dur\u00e9e de lecture : 2 minutes\n      <\/p>\n<\/p><\/div>\n<div class=\"bloc_infolettre\">\n<div class=\"infolettre-form-container noprint\">\n<p>Abonnez-vous \u00e0 la lettre d\u2019info de Reporterre<\/p>\n<\/div><\/div>\n<\/aside>\n<div id=\"galerie\">\n  <img decoding=\"async\" src=\"\" class=\"principale\" id=\"principale\"\/><\/p>\n<p id=\"legende\">legende<\/p>\n<\/div>\n<footer class=\"noprint\">\n<\/footer>\n<\/div>\n<p><br \/>\n<br \/><a href=\"https:\/\/reporterre.net\/En-Amazonie-la-deforestation-altere-aussi-les-precipitations\" target=\"_blank\"\">Source link <\/a><\/p>\n","protected":false},"excerpt":{"rendered":"<p>Commerce ill\u00e9gal de bois dans la for\u00eat amazonienne, en 2016. &#8211; Wikimedia Commons\/CC BY 2.0\/Ibama Commerce ill\u00e9gal de bois dans la for\u00eat amazonienne, en 2016. &#8211; Wikimedia Commons\/CC BY 2.0\/Ibama&hellip; <\/p>\n","protected":false},"author":1,"featured_media":3917,"comment_status":"open","ping_status":"open","sticky":false,"template":"","format":"standard","meta":{"footnotes":""},"categories":[1],"tags":[],"class_list":["post-3916","post","type-post","status-publish","format-standard","has-post-thumbnail","hentry","category-non-classe"],"_links":{"self":[{"href":"https:\/\/monde25.info\/index.php\/wp-json\/wp\/v2\/posts\/3916","targetHints":{"allow":["GET"]}}],"collection":[{"href":"https:\/\/monde25.info\/index.php\/wp-json\/wp\/v2\/posts"}],"about":[{"href":"https:\/\/monde25.info\/index.php\/wp-json\/wp\/v2\/types\/post"}],"author":[{"embeddable":true,"href":"https:\/\/monde25.info\/index.php\/wp-json\/wp\/v2\/users\/1"}],"replies":[{"embeddable":true,"href":"https:\/\/monde25.info\/index.php\/wp-json\/wp\/v2\/comments?post=3916"}],"version-history":[{"count":0,"href":"https:\/\/monde25.info\/index.php\/wp-json\/wp\/v2\/posts\/3916\/revisions"}],"wp:featuredmedia":[{"embeddable":true,"href":"https:\/\/monde25.info\/index.php\/wp-json\/wp\/v2\/media\/3917"}],"wp:attachment":[{"href":"https:\/\/monde25.info\/index.php\/wp-json\/wp\/v2\/media?parent=3916"}],"wp:term":[{"taxonomy":"category","embeddable":true,"href":"https:\/\/monde25.info\/index.php\/wp-json\/wp\/v2\/categories?post=3916"},{"taxonomy":"post_tag","embeddable":true,"href":"https:\/\/monde25.info\/index.php\/wp-json\/wp\/v2\/tags?post=3916"}],"curies":[{"name":"wp","href":"https:\/\/api.w.org\/{rel}","templated":true}]}}