{"id":3922,"date":"2025-03-06T23:43:48","date_gmt":"2025-03-06T22:43:48","guid":{"rendered":"https:\/\/monde25.info\/index.php\/2025\/03\/06\/burkina-le-president-inaugure-un-complexe-industriel-de-detergents\/"},"modified":"2025-03-06T23:43:48","modified_gmt":"2025-03-06T22:43:48","slug":"burkina-le-president-inaugure-un-complexe-industriel-de-detergents","status":"publish","type":"post","link":"https:\/\/monde25.info\/index.php\/2025\/03\/06\/burkina-le-president-inaugure-un-complexe-industriel-de-detergents\/","title":{"rendered":"Burkina: le Pr\u00e9sident inaugure un complexe industriel de d\u00e9tergents"},"content":{"rendered":"<p> <br \/>\n<\/p>\n<div>\n<div class=\"article__meta\" itemscope=\"\" itemtype=\"https:\/\/schema.org\/Article\">\n<p>https:\/\/fr.sputniknews.africa\/20250306\/burkina-le-president-inaugure-un-complexe-industriel-de-detergents-1070962710.html<\/p>\n<p><a target=\"_blank\" itemprop=\"url\" href=\"https:\/\/fr.sputniknews.africa\/20250306\/burkina-le-president-inaugure-un-complexe-industriel-de-detergents-1070962710.html\" title=\"Burkina: le Pr\u00e9sident inaugure un complexe industriel de d\u00e9tergents\"\/><\/p>\n<p>Burkina: le Pr\u00e9sident inaugure un complexe industriel de d\u00e9tergents<\/p>\n<p>Burkina: le Pr\u00e9sident inaugure un complexe industriel de d\u00e9tergents<\/p>\n<p>Sputnik Afrique<\/p>\n<p>L&rsquo;unit\u00e9 va fabriquer des produits de nettoyage en poudre, du savon liquide et solide. Sa capacit\u00e9 s&rsquo;\u00e9l\u00e8ve \u00e0 300 tonnes par jour. 06.03.2025, Sputnik Afrique<\/p>\n<p>2025-03-06T19:42+0100<\/p>\n<p>2025-03-06T19:42+0100<\/p>\n<p>2025-03-06T19:42+0100<\/p>\n<p>burkina faso<\/p>\n<p>afrique subsaharienne<\/p>\n<p>ibrahim traor\u00e9<\/p>\n<p>d\u00e9tergents<\/p>\n<p>industrie<\/p>\n<p>https:\/\/cdn1.img.sputniknews.africa\/img\/07e9\/03\/06\/1070962530_0:0:907:511_1920x0_80_0_0_d7687c0a5137459ef2c248efbf267fbd.jpg<\/p>\n<p>Le site contribuera \u00e0 la cr\u00e9ation de 122 emplois permanents, plus de 300 emplois directs et pr\u00e8s de 1.600 emplois saisonniers.  4,5 milliards de francs CFA ont \u00e9t\u00e9 mobilis\u00e9s pour r\u00e9aliser ce complexe qui couvre un hectare.   <\/p>\n<p>burkina faso<\/p>\n<p>afrique subsaharienne<\/p>\n<div itemprop=\"copyrightHolder\" itemscope=\"\" itemtype=\"http:\/\/schema.org\/Organization\">\n<p>Sputnik Afrique<\/p>\n<p><a target=\"_blank\" itemprop=\"url\" href=\"https:\/\/fr.sputniknews.africa\" title=\"Sputnik Afrique\"> <\/a><\/p>\n<p>feedback.fr@sputniknews.com<\/p>\n<p>+74956456601<\/p>\n<p>MIA \u201eRossiya Segodnya\u201c<\/p>\n<p><a target=\"_blank\" itemprop=\"sameAs\" href=\"https:\/\/t.me\/sputnik_afrique\"> <\/a><a target=\"_blank\" itemprop=\"sameAs\" href=\"https:\/\/t.me\/sputnik_africa\"> <\/a><a target=\"_blank\" itemprop=\"sameAs\" href=\"https:\/\/t.me\/sputnik_ethiopia\"> <\/a><a target=\"_blank\" itemprop=\"sameAs\" href=\"https:\/\/x.com\/sputnik_afrique\"> <\/a><a target=\"_blank\" itemprop=\"sameAs\" href=\"https:\/\/x.com\/sputnik_africa\"> <\/a><\/div>\n<p>2025<\/p>\n<div itemprop=\"creator\" itemscope=\"\" itemtype=\"http:\/\/schema.org\/Organization\">\n<p>Sputnik Afrique<\/p>\n<p><a target=\"_blank\" itemprop=\"url\" href=\"https:\/\/fr.sputniknews.africa\" title=\"Sputnik Afrique\"> <\/a><\/p>\n<p>feedback.fr@sputniknews.com<\/p>\n<p>+74956456601<\/p>\n<p>MIA \u201eRossiya Segodnya\u201c<\/p>\n<p><a target=\"_blank\" itemprop=\"sameAs\" href=\"https:\/\/t.me\/sputnik_afrique\"> <\/a><a target=\"_blank\" itemprop=\"sameAs\" href=\"https:\/\/t.me\/sputnik_africa\"> <\/a><a target=\"_blank\" itemprop=\"sameAs\" href=\"https:\/\/t.me\/sputnik_ethiopia\"> <\/a><a target=\"_blank\" itemprop=\"sameAs\" href=\"https:\/\/x.com\/sputnik_afrique\"> <\/a><a target=\"_blank\" itemprop=\"sameAs\" href=\"https:\/\/x.com\/sputnik_africa\"> <\/a><\/div>\n<p>Actus<\/p>\n<p>fr_FR<\/p>\n<div itemprop=\"sourceOrganization\" itemscope=\"\" itemtype=\"http:\/\/schema.org\/Organization\">\n<p>Sputnik Afrique<\/p>\n<p><a target=\"_blank\" itemprop=\"url\" href=\"https:\/\/fr.sputniknews.africa\" title=\"Sputnik Afrique\"> <\/a><\/p>\n<p>feedback.fr@sputniknews.com<\/p>\n<p>+74956456601<\/p>\n<p>MIA \u201eRossiya Segodnya\u201c<\/p>\n<p><a target=\"_blank\" itemprop=\"sameAs\" href=\"https:\/\/t.me\/sputnik_afrique\"> <\/a><a target=\"_blank\" itemprop=\"sameAs\" href=\"https:\/\/t.me\/sputnik_africa\"> <\/a><a target=\"_blank\" itemprop=\"sameAs\" href=\"https:\/\/t.me\/sputnik_ethiopia\"> <\/a><a target=\"_blank\" itemprop=\"sameAs\" href=\"https:\/\/x.com\/sputnik_afrique\"> <\/a><a target=\"_blank\" itemprop=\"sameAs\" href=\"https:\/\/x.com\/sputnik_africa\"> <\/a><\/div>\n<p><a target=\"_blank\" itemprop=\"thumbnailUrl\" href=\"https:\/\/cdn1.img.sputniknews.africa\/img\/07e9\/03\/06\/1070962530_0:0:907:511_1920x0_80_0_0_d7687c0a5137459ef2c248efbf267fbd.jpg\"\/><a target=\"_blank\" itemprop=\"thumbnailUrl\" href=\"https:\/\/cdn1.img.sputniknews.africa\/img\/07e9\/03\/06\/1070962530_182:0:907:544_1920x0_80_0_0_90b7b702dd6825238c4738ce00eb63a9.jpg\">https:\/\/cdn1.img.sputniknews.africa\/img\/07e9\/03\/06\/1070962530_182:0:907:544_1920x0_80_0_0_90b7b702dd6825238c4738ce00eb63a9.jpg<\/a><a target=\"_blank\" itemprop=\"thumbnailUrl\" href=\"https:\/\/cdn1.img.sputniknews.africa\/img\/07e9\/03\/06\/1070962530_318:0:862:544_1920x0_80_0_0_65114e2659254a2280a04006a6c1deb2.jpg\" title=\"Ibrahim Traor\u00e9 inaugure un complexe industriel de d\u00e9tergents\"\/><\/p>\n<div itemprop=\"publisher\" itemscope=\"\" itemtype=\"http:\/\/schema.org\/Organization\">\n<p>Sputnik Afrique<\/p>\n<p><a target=\"_blank\" itemprop=\"url\" href=\"https:\/\/fr.sputniknews.africa\" title=\"Sputnik Afrique\"> <\/a><\/p>\n<p>feedback.fr@sputniknews.com<\/p>\n<p>+74956456601<\/p>\n<p>MIA \u201eRossiya Segodnya\u201c<\/p>\n<p><a target=\"_blank\" itemprop=\"sameAs\" href=\"https:\/\/t.me\/sputnik_afrique\"> <\/a><a target=\"_blank\" itemprop=\"sameAs\" href=\"https:\/\/t.me\/sputnik_africa\"> <\/a><a target=\"_blank\" itemprop=\"sameAs\" href=\"https:\/\/t.me\/sputnik_ethiopia\"> <\/a><a target=\"_blank\" itemprop=\"sameAs\" href=\"https:\/\/x.com\/sputnik_afrique\"> <\/a><a target=\"_blank\" itemprop=\"sameAs\" href=\"https:\/\/x.com\/sputnik_africa\"> <\/a><\/div>\n<p>burkina faso, afrique subsaharienne, ibrahim traor\u00e9, d\u00e9tergents, industrie<\/p>\n<div itemprop=\"about\" itemscope=\"\" itemtype=\"https:\/\/schema.org\/Thing\">\n<p>burkina faso, afrique subsaharienne, ibrahim traor\u00e9, d\u00e9tergents, industrie<\/p>\n<\/div>\n<\/div>\n<div class=\"article__header\">\n<p>L&rsquo;unit\u00e9 va fabriquer des produits de nettoyage en poudre, du savon liquide et solide. Sa capacit\u00e9 s&rsquo;\u00e9l\u00e8ve \u00e0 300 tonnes par jour.<\/p>\n<\/div>\n<div class=\"article__body\">\n<div class=\"article__block\" data-type=\"text\">\n<p>Le site contribuera \u00e0 la cr\u00e9ation de 122 emplois permanents, plus de 300 emplois directs et pr\u00e8s de 1.600 emplois saisonniers.  <\/p>\n<\/div>\n<div class=\"article__block\" data-type=\"text\">\n<p>4,5 milliards de francs CFA ont \u00e9t\u00e9 mobilis\u00e9s pour r\u00e9aliser ce complexe qui couvre un hectare.   <\/p>\n<\/div>\n<div class=\"article__block\" data-type=\"quote\">\n<div class=\"article__quote\">\n<p>L&rsquo;entreprise \u00ab\u00a0r\u00e9duira notre d\u00e9pendance aux importations et contribuera \u00e0 l\u2019am\u00e9lioration de notre balance commerciale\u00a0\u00bb, a soulign\u00e9 Ibrahim Traor\u00e9.<\/p>\n<\/div>\n<\/div>\n<\/div>\n<\/div>\n<p><script async=\"async\" type=\"text\/plain\" class=\"_iub_cs_activate\" data-iub-purposes=\"3\" data-suppressedsrc=\"https:\/\/connect.facebook.net\/en_US\/sdk.js#xfbml=1&amp;version=v3.2\"><\/script><br \/>\n<br \/><br \/>\n<br \/><a href=\"https:\/\/fr.sputniknews.africa\/20250306\/burkina-le-president-inaugure-un-complexe-industriel-de-detergents-1070962710.html\" target=\"_blank\"\">Source link <\/a><\/p>\n","protected":false},"excerpt":{"rendered":"<p>https:\/\/fr.sputniknews.africa\/20250306\/burkina-le-president-inaugure-un-complexe-industriel-de-detergents-1070962710.html Burkina: le Pr\u00e9sident inaugure un complexe industriel de d\u00e9tergents Burkina: le Pr\u00e9sident inaugure un complexe industriel de d\u00e9tergents Sputnik Afrique L&rsquo;unit\u00e9 va fabriquer des produits de nettoyage en poudre,&hellip; <\/p>\n","protected":false},"author":1,"featured_media":3923,"comment_status":"open","ping_status":"open","sticky":false,"template":"","format":"standard","meta":{"footnotes":""},"categories":[1],"tags":[],"class_list":["post-3922","post","type-post","status-publish","format-standard","has-post-thumbnail","hentry","category-non-classe"],"_links":{"self":[{"href":"https:\/\/monde25.info\/index.php\/wp-json\/wp\/v2\/posts\/3922","targetHints":{"allow":["GET"]}}],"collection":[{"href":"https:\/\/monde25.info\/index.php\/wp-json\/wp\/v2\/posts"}],"about":[{"href":"https:\/\/monde25.info\/index.php\/wp-json\/wp\/v2\/types\/post"}],"author":[{"embeddable":true,"href":"https:\/\/monde25.info\/index.php\/wp-json\/wp\/v2\/users\/1"}],"replies":[{"embeddable":true,"href":"https:\/\/monde25.info\/index.php\/wp-json\/wp\/v2\/comments?post=3922"}],"version-history":[{"count":0,"href":"https:\/\/monde25.info\/index.php\/wp-json\/wp\/v2\/posts\/3922\/revisions"}],"wp:featuredmedia":[{"embeddable":true,"href":"https:\/\/monde25.info\/index.php\/wp-json\/wp\/v2\/media\/3923"}],"wp:attachment":[{"href":"https:\/\/monde25.info\/index.php\/wp-json\/wp\/v2\/media?parent=3922"}],"wp:term":[{"taxonomy":"category","embeddable":true,"href":"https:\/\/monde25.info\/index.php\/wp-json\/wp\/v2\/categories?post=3922"},{"taxonomy":"post_tag","embeddable":true,"href":"https:\/\/monde25.info\/index.php\/wp-json\/wp\/v2\/tags?post=3922"}],"curies":[{"name":"wp","href":"https:\/\/api.w.org\/{rel}","templated":true}]}}