{"id":3932,"date":"2025-03-07T04:13:02","date_gmt":"2025-03-07T03:13:02","guid":{"rendered":"https:\/\/monde25.info\/index.php\/2025\/03\/07\/la-conspiration-des-imbeciles-par-nicolas-vieillescazes-le-monde-diplomatique-mars-2025\/"},"modified":"2025-03-07T04:13:02","modified_gmt":"2025-03-07T03:13:02","slug":"la-conspiration-des-imbeciles-par-nicolas-vieillescazes-le-monde-diplomatique-mars-2025","status":"publish","type":"post","link":"https:\/\/monde25.info\/index.php\/2025\/03\/07\/la-conspiration-des-imbeciles-par-nicolas-vieillescazes-le-monde-diplomatique-mars-2025\/","title":{"rendered":"La conspiration des imb\u00e9ciles, par Nicolas Vieillescazes (Le Monde diplomatique, mars 2025)"},"content":{"rendered":"<p> <br \/>\n<\/p>\n<div couleurfade=\"fde9e5\" couleurclaire=\"f5e7d5\" couleurpale=\"f3d0a4\" couleurmi=\"be2e0d\" couleurfoncee=\"8e220a\" couleursombre=\"2f0b03\" couleurfond=\"7b554c\" couleurtexte=\"ffffff\">\n<div class=\"enapercu\">\n<p><span class=\"mot-lettrine\"><span class=\"lettrine\">C\u2019<\/span>est<\/span> un roman sur l\u2019ascension du <i>\u00ab<small class=\"fine\">\u00a0<\/small>Mouvement du 9\u00a0d\u00e9cembre<small class=\"fine\">\u00a0<\/small>\u00bb,<\/i> double fictionnel du Printemps r\u00e9publicain. Un des livres les plus en vue de la derni\u00e8re rentr\u00e9e litt\u00e9raire. Aur\u00e9lien Bellanger pouvait-il ignorer que sa r\u00e9ception se focaliserait sur le sujet, le collectif controvers\u00e9 fond\u00e9 entre autres par Laurent Bouvet en 2016<small class=\"fine\">\u00a0<\/small>? Que cet ouvrage le transfigurerait en \u00e9crivain politique, voire en romancier \u00e0 th\u00e8se<small class=\"fine\">\u00a0<\/small>? De fait, cela n\u2019a pas manqu\u00e9. Le titre du livre \u2014 <i>Les Derniers Jours du Parti socialiste<\/i> (Seuil, 2024) <i>\u2014<\/i> constitue \u00e0 soi seul une provocation. \u00ab<small class=\"fine\">\u00a0<\/small>\u00c0 l\u2019air libre<small class=\"fine\">\u00a0<\/small>\u00bb, l\u2019\u00e9mission de Mediapart, s\u2019est empress\u00e9e d\u2019inviter M.\u00a0Olivier Faure \u00e0 y r\u00e9pondre (17\u00a0septembre\u00a02024)\u00a0: Bellanger, d\u2019un c\u00f4t\u00e9, tenant d\u2019une opinion qu\u2019il avait bien du mal \u00e0 d\u00e9fendre<small class=\"fine\">\u00a0<\/small>; de l\u2019autre, un premier secr\u00e9taire ravi de revendiquer un Parti socialiste bien vivant, r\u00e9engag\u00e9 \u00e0 gauche. Sur France Inter, en live Twitch chez Dany et Raz, le romancier s\u2019est complu \u00e0 raconter son devenir militant, du lib\u00e9ralisme au <i>\u00ab<small class=\"fine\">\u00a0<\/small>marxisme<small class=\"fine\">\u00a0<\/small>\u00bb,<\/i> et ce qui l\u2019a fait basculer\u00a0: le 7\u00a0juin\u00a02021, Rapha\u00ebl Enthoven avait commis l\u2019irr\u00e9parable, twitt\u00e9 que, dans l\u2019hypoth\u00e8se d\u2019un second tour de la pr\u00e9sidentielle l\u2019opposant \u00e0 M.\u00a0Jean-Luc M\u00e9lenchon, il voterait, <i>\u00ab<small class=\"fine\">\u00a0<\/small>\u00e0 19 h 59<small class=\"fine\">\u00a0<\/small>\u00bb,<\/i> pour Mme\u00a0Marine Le Pen. Le virage id\u00e9ologique de Bellanger a suscit\u00e9 la col\u00e8re de la droite. Elle ne reconnaissait plus le jeune ironiste qui marchait dans les pas de Michel Houellebecq. Et l\u2019a logiquement r\u00e9pudi\u00e9 sous la plume de Fr\u00e9d\u00e9ric Beigbeder. <i>\u00ab<small class=\"fine\">\u00a0<\/small>Pour moi, ce mec, c\u2019est rien<small class=\"fine\">\u00a0<\/small>\u00bb<\/i> (<i>Le Figaro,<\/i> 9\u00a0septembre\u00a02024).<\/p>\n<p>Le Seuil propose un cadrage tout aussi convenu, mais de nature litt\u00e9raire. Sa quatri\u00e8me de couverture nous met sur la piste balzacienne d\u2019une soci\u00e9t\u00e9 secr\u00e8te \u00e0 la conqu\u00eate du pouvoir, comme dans l\u2019<i>Histoire des Treize<\/i> ou le cycle de Vautrin. Ouvrons le livre. Le prologue \u00e9voque les <i>\u00ab<small class=\"fine\">\u00a0<\/small>derniers secrets de l\u2019histoire contemporaine<small class=\"fine\">\u00a0<\/small>\u00bb.<\/i> Bellanger intitule sa deuxi\u00e8me partie \u00ab<small class=\"fine\">\u00a0<\/small>Les deux philosophes<small class=\"fine\">\u00a0<\/small>\u00bb, allusion aux \u00ab<small class=\"fine\">\u00a0<\/small>deux po\u00e8tes<small class=\"fine\">\u00a0<\/small>\u00bb d\u2019<i>Illusions perdues,<\/i> et voudrait\u00a0(&#8230;)<\/p>\n<\/p><\/div>\n<p>Taille de l\u2019article complet\u00a0:\u00a0<span>1\u00a0270<\/span>\u00a0mots.<\/p>\n<div class=\"promo_dispo_article\">\n<h2 class=\"avantbloc\">\n\tCet article est r\u00e9serv\u00e9 aux\u00a0abonn\u00e9s<\/p>\n<\/h2>\n<div class=\"abo_inst\">\n\t<strong>Lyc\u00e9es, biblioth\u00e8ques, administrations, entreprises,<\/strong><br \/>\n\tacc\u00e9dez \u00e0 la base de donn\u00e9es en ligne de tous les articles du <i>Monde diplomatique<\/i> de 1954 \u00e0 nos\u00a0jours.<br \/>\n\t<a target=\"_blank\" id=\"pw-institutions\" class=\"suivi\" href=\"https:\/\/www.monde-diplomatique.fr\/archives\/institutions\">Retrouvez cette\u00a0offre sp\u00e9cifique<\/a>.\n<\/div>\n<\/div><\/div>\n<p><br \/>\n<br \/><a href=\"https:\/\/www.monde-diplomatique.fr\/2025\/03\/VIEILLESCAZES\/68106\" target=\"_blank\"\">Source link <\/a><\/p>\n","protected":false},"excerpt":{"rendered":"<p>C\u2019est un roman sur l\u2019ascension du \u00ab\u00a0Mouvement du 9\u00a0d\u00e9cembre\u00a0\u00bb, double fictionnel du Printemps r\u00e9publicain. Un des livres les plus en vue de la derni\u00e8re rentr\u00e9e litt\u00e9raire. Aur\u00e9lien Bellanger pouvait-il ignorer&hellip; <\/p>\n","protected":false},"author":1,"featured_media":3933,"comment_status":"open","ping_status":"open","sticky":false,"template":"","format":"standard","meta":{"footnotes":""},"categories":[1],"tags":[],"class_list":["post-3932","post","type-post","status-publish","format-standard","has-post-thumbnail","hentry","category-non-classe"],"_links":{"self":[{"href":"https:\/\/monde25.info\/index.php\/wp-json\/wp\/v2\/posts\/3932","targetHints":{"allow":["GET"]}}],"collection":[{"href":"https:\/\/monde25.info\/index.php\/wp-json\/wp\/v2\/posts"}],"about":[{"href":"https:\/\/monde25.info\/index.php\/wp-json\/wp\/v2\/types\/post"}],"author":[{"embeddable":true,"href":"https:\/\/monde25.info\/index.php\/wp-json\/wp\/v2\/users\/1"}],"replies":[{"embeddable":true,"href":"https:\/\/monde25.info\/index.php\/wp-json\/wp\/v2\/comments?post=3932"}],"version-history":[{"count":0,"href":"https:\/\/monde25.info\/index.php\/wp-json\/wp\/v2\/posts\/3932\/revisions"}],"wp:featuredmedia":[{"embeddable":true,"href":"https:\/\/monde25.info\/index.php\/wp-json\/wp\/v2\/media\/3933"}],"wp:attachment":[{"href":"https:\/\/monde25.info\/index.php\/wp-json\/wp\/v2\/media?parent=3932"}],"wp:term":[{"taxonomy":"category","embeddable":true,"href":"https:\/\/monde25.info\/index.php\/wp-json\/wp\/v2\/categories?post=3932"},{"taxonomy":"post_tag","embeddable":true,"href":"https:\/\/monde25.info\/index.php\/wp-json\/wp\/v2\/tags?post=3932"}],"curies":[{"name":"wp","href":"https:\/\/api.w.org\/{rel}","templated":true}]}}