{"id":3934,"date":"2025-03-07T04:46:40","date_gmt":"2025-03-07T03:46:40","guid":{"rendered":"https:\/\/monde25.info\/index.php\/2025\/03\/07\/a-penmarch-40-des-terres-seront-sous-leau-en-2100\/"},"modified":"2025-03-07T04:46:40","modified_gmt":"2025-03-07T03:46:40","slug":"a-penmarch-40-des-terres-seront-sous-leau-en-2100","status":"publish","type":"post","link":"https:\/\/monde25.info\/index.php\/2025\/03\/07\/a-penmarch-40-des-terres-seront-sous-leau-en-2100\/","title":{"rendered":"\u00e0 Penmarc\u2019h, 40\u00a0% des terres seront sous l\u2019eau en 2100"},"content":{"rendered":"<p> <br \/>\n<\/p>\n<div>\n<p>    <span class=\"date\">6 mars 2025  \u00e0 17h05<\/span><\/p>\n<p class=\"duree_lecture\">\n        Dur\u00e9e de lecture : 3 minutes\n      <\/p>\n<\/p><\/div>\n<div>\n<p class=\"indication_lieu\">Penmarc\u2019h (Finist\u00e8re), reportage<\/p>\n<p>Sur la c\u00f4te du Finist\u00e8re, <a target=\"_blank\" href=\"https:\/\/reporterre.net\/Des-Bretons-chasses-de-chez-eux-par-la-submersion-marine\">plusieurs maisons vont \u00eatre ras\u00e9es<\/a> d\u2019ici quelques mois \u00e0 Treffiagat-L\u00e9chiagat. La raison<small class=\"fine d-inline\">\u00a0<\/small>? Le risque de <a target=\"_blank\" href=\"https:\/\/reporterre.net\/Hauts-de-France-Lacanau-Camargue-la-montee-des-eaux-devient-critique\" class=\"spip_in\">submersion marine est devenu trop important<\/a>. Dans ce coin de la pointe sud-finist\u00e9rienne, la mont\u00e9e des eaux inqui\u00e8te. \u00c0 10\u00a0km de ces maisons, \u00e0 Penmarc\u2019h, la Ville tente ainsi de sensibiliser ses habitants.<\/p>\n<p>Le 5\u00a0mars, elle a organis\u00e9 une conf\u00e9rence sur la r\u00e9alit\u00e9 du <a target=\"_blank\" href=\"Qu-est-ce-que-le-rechauffement-climatique\">changement climatique<\/a>, en pr\u00e9sence notamment du g\u00e9ophysicien Philippe Davy, directeur de recherche au <span class=\"caps\">CNRS<\/span> et membre du Haut Conseil breton pour le climat.<\/p>\n<p>Localement, le sujet est br\u00fblant\u00a0: <i>\u00ab<small class=\"fine d-inline\">\u00a0<\/small>Aux derni\u00e8res \u00e9lections, le Rassemblement national [<span class=\"caps\">RN<\/span>] a fait 30<small class=\"fine d-inline\">\u00a0<\/small>% aux europ\u00e9ennes, 30<small class=\"fine d-inline\">\u00a0<\/small>% au premier tour des l\u00e9gislatives et 30<small class=\"fine d-inline\">\u00a0<\/small>% au second tour, ici, \u00e0 Penmarc\u2019h. Les personnes qui votent <span class=\"caps\">RN<\/span> sont les m\u00eames qui sont climatosceptiques<small class=\"fine d-inline\">\u00a0<\/small>\u00bb<\/i>, estime la maire, Gwenola Le Troadec.<\/p>\n<p><a target=\"_blank\" href=\"https:\/\/reporterre.net\/Des-Bretons-chasses-de-chez-eux-par-la-submersion-marine\" class=\"lien_lireaussi\"><strong>Lire aussi : <\/strong> <span>Des Bretons chass\u00e9s de chez eux par la submersion marine<\/span><\/a><\/p>\n<p>La centaine d\u2019auditeurs venus \u00e0 la conf\u00e9rence \u2014 quasi exclusivement des personnes \u00e2g\u00e9es, Penmarc\u2019h comptant 69,3<small class=\"fine d-inline\">\u00a0<\/small>% d\u2019habitants de plus de 45\u00a0ans \u2014 a pu \u00eatre sensibilis\u00e9e \u00e0 la probl\u00e9matique du climat de fa\u00e7on globale, mais aussi locale. <i>\u00ab<small class=\"fine d-inline\">\u00a0<\/small>\u00c0 Penmarc\u2019h, dans nos pratiques, on essaye d\u2019int\u00e9grer au quotidien le changement climatique<small class=\"fine d-inline\">\u00a0<\/small>\u00bb<\/i>, indique l\u2019\u00e9dile de la commune de 5\u00a0300 habitants, qui compte 14\u00a0km de c\u00f4tes.<\/p>\n<p>Enrochement, renforcement des dunes avec des algues \u00e9chou\u00e9es apr\u00e8s les grandes mar\u00e9es, entretien des marais, portions de chemins de randonn\u00e9e affaiss\u00e9s\u2026 Ici, de nombreuses actions sont men\u00e9es face \u00e0 l\u2019\u00e9rosion dunaire et la submersion marine qui sont d\u00e9j\u00e0 bien visibles.<\/p>\n<h2 class=\"spip\">40<small class=\"fine d-inline\">\u00a0<\/small>% du territoire submerg\u00e9 d\u2019ici 2100<\/h2>\n<p>\u00c0 Penmarc\u2019h, c\u2019est surtout la plage du Ster qui pr\u00e9occupe la commune. <i>\u00ab<small class=\"fine d-inline\">\u00a0<\/small>Sur cette photo qui date d\u2019il y a deux\u00a0ans, l\u2019arbuste que vous voyez a d\u00e9j\u00e0 disparu<small class=\"fine d-inline\">\u00a0<\/small>\u00bb<\/i>, indique au public Gwenael Perdriel, directeur des services techniques de la Ville, en montrant sur son diaporama un morceau de dune effondr\u00e9.<\/p>\n<p>D\u2019ici 2100, sur les 16\u00a0km\u00b2 qui composent le territoire de la commune, 40<small class=\"fine d-inline\">\u00a0<\/small>% seront submerg\u00e9s et 2\u00a0233 b\u00e2timents affect\u00e9s, selon le <a target=\"_blank\" href=\"https:\/\/www.penmarch.fr\/se-loger-construire-renover\/plan-de-prevention-risques-littoraux-pprl\/\" class=\"spip_out\" rel=\"external\">plan de pr\u00e9vention des risques littoraux<\/a>. D\u2019ici au printemps, sur la base de projections plus ad\u00e9quates, un nouveau plan devrait para\u00eetre, avec des pr\u00e9visions encore plus alarmantes.<\/p>\n<blockquote class=\"spip\">\n<p>\u00ab<small class=\"fine d-inline\">\u00a0<\/small>Qu\u2019est-ce qu\u2019on peut faire, nous, \u00e0 70 ans, pour freiner le syst\u00e8me<small class=\"fine d-inline\">\u00a0<\/small>?<small class=\"fine d-inline\">\u00a0<\/small>\u00bb<\/p>\n<\/blockquote>\n<p><i>\u00ab<small class=\"fine d-inline\">\u00a0<\/small>Le sujet est inqui\u00e9tant. C\u2019est bien de pouvoir s\u2019informer directement aupr\u00e8s de scientifiques, alors que sur les r\u00e9seaux sociaux, on fait surtout face \u00e0 des climatosceptiques<small class=\"fine d-inline\">\u00a0<\/small>\u00bb<\/i>, retient de cette conf\u00e9rence Fran\u00e7ois, 48 ans. <i>\u00ab<small class=\"fine d-inline\">\u00a0<\/small>J\u2019ai eu envie de venir pour savoir ce qui se passait ici. Mais vous savez, \u00e0 mon \u00e2ge, plus rien ne m\u2019inqui\u00e8te<small class=\"fine d-inline\">\u00a0<\/small>\u00bb<\/i>, indique Claudine, \u00e2g\u00e9e de 91\u00a0ans.<\/p>\n<p><i>\u00ab<small class=\"fine d-inline\">\u00a0<\/small>C\u2019est dur de bien se renseigner sur la question, de trouver les bonnes sources<small class=\"fine d-inline\">\u00a0<\/small>\u00bb<\/i>, selon Anne, 67\u00a0ans. <i>\u00ab<small class=\"fine d-inline\">\u00a0<\/small>Qu\u2019est-ce qu\u2019on peut faire, nous, \u00e0 70 ans, \u00e0 Penmarc\u2019h, pour freiner le syst\u00e8me<small class=\"fine d-inline\">\u00a0<\/small>?<small class=\"fine d-inline\">\u00a0<\/small>\u00bb<\/i> s\u2019interroge H\u00e9l\u00e8ne, qui a h\u00e9sit\u00e9 \u00e0 venir <i>\u00ab<small class=\"fine d-inline\">\u00a0<\/small>tellement [elle est] d\u00e9j\u00e0 angoiss\u00e9e par le sujet. On a besoin de d\u00e9cisions politiques fortes sur le sujet<small class=\"fine d-inline\">\u00a0<\/small>\u00bb<\/i>.<\/p>\n<p>Reste \u00e0 savoir ce qu\u2019a pr\u00e9vu la ministre de la Transition \u00e9cologique, Agn\u00e8s Pannier-Runacher. Cette derni\u00e8re a r\u00e9uni le 4\u00a0mars les \u00e9lus du littoral <i>\u00ab<small class=\"fine d-inline\">\u00a0<\/small>pour agir concr\u00e8tement contre la submersion marine et le recul du trait de c\u00f4te<small class=\"fine d-inline\">\u00a0<\/small>\u00bb<\/i>, a-t-elle pr\u00e9cis\u00e9 au <i><a target=\"_blank\" href=\"https:\/\/reporterre.net\/Agn\u00e8s Pannier-Runacher\">Journal du dimanche<\/a><\/i>. Une convocation qui a eu lieu dans le cadre du plan global d\u2019adaptation au changement climatique, qui devrait <i>a priori<\/i> contenir 51 mesures.<\/p>\n<aside class=\"boite_encarts\">\n<div class=\"encart encart_gris noprint\">\n<p><strong>Puisque vous \u00eates l\u00e0&#8230;<\/strong><\/p>\n<p>&#8230; nous avons un petit service \u00e0 vous demander.<br class=\"autobr\"\/><br \/>\nEntre la pr\u00e9sence d\u2019un climatosceptique \u00e0 la t\u00eate de la premi\u00e8re puissance mondiale, un gouvernement fran\u00e7ais qui flirte avec l\u2019extr\u00eame-droite, et les catastrophes climatiques qui s\u2019enchainent&#8230; Faire vivre l\u2019\u00e9cologie dans le d\u00e9bat public est un enjeu crucial.<\/p>\n<p>Personne ne modifie ce que nous publions. Nous n\u2019avons ni actionnaire, ni propri\u00e9taire milliardaire \u2014 seulement une \u00e9quipe d\u2019irr\u00e9ductibles journalistes, pleine de d\u00e9termination.<\/p>\n<p>Nous avons la conviction que l\u2019urgence \u00e9cologique est l\u2019enjeu majeur de notre \u00e9poque. Et comme plus de 2 millions de lectrices et lecteurs chaque mois, vous partagez sans doute cette conviction&#8230;<\/p>\n<p><strong>Depuis 12 ans, nous publions des articles de qualit\u00e9 sur l\u2019\u00e9cologie, en acc\u00e8s libre et sans publicit\u00e9, pour tous.<\/strong><br class=\"autobr\"\/><br \/>\nMais ce travail demande beaucoup de temps et de ressources.<\/p>\n<p>Alors, si vous en avez les moyens, sachez qu\u2019un don, m\u00eame d\u20191\u20ac, est un acte de soutien fort pour l\u2019\u00e9cologie et le journalisme ind\u00e9pendant.<br class=\"autobr\"\/><br \/>\n(Et \u00e7a vous prendra moins de temps que la lecture de ce texte).<\/p>\n<p><strong>Si vous le pouvez, choisissez un soutien mensuel. Merci.<\/strong><\/p>\n<p><a target=\"_blank\" href=\"https:\/\/reporterre.net\/dons\" class=\"bt_soutenir\">Je soutiens <i>Reporterre<\/i><\/a><\/p>\n<\/p><\/div>\n<div class=\"encart encart_vert noprint montre_1023\">\n<div class=\"infolettre-form-container noprint\">\n<p>Abonnez-vous \u00e0 la lettre d\u2019info de Reporterre<\/p>\n<\/div><\/div>\n<\/aside>\n<aside class=\"boite_apresarticle encart_note\">\n<h4>Apr\u00e8s cet article<\/h4>\n<p>      <a target=\"_blank\" href=\"https:\/\/reporterre.net\/Des-Bretons-chasses-de-chez-eux-par-la-submersion-marine\" class=\"lien_article\">\n      <picture class=\"vignette_gauche\"><source type=\"image\/webp\" srcset=\"https:\/\/reporterre.net\/local\/cache-vignettes\/L450xH300\/treffiagat_-59_resized-16f71.jpg@.webp?1737727029\"><img decoding=\"async\" src=\"https:\/\/reporterre.net\/local\/cache-vignettes\/L450xH300\/treffiagat_-59_resized-16f71.jpg?1737727029\" width=\"450\" height=\"300\" alt=\"\" class=\"marge12\" loading=\"lazy\"\/><br \/>\n<\/source><\/picture>\n<p class=\"libelle\">\n<p>          Reportage \u2014<\/p>\n<p>      Climat\n    <\/p>\n<p class=\"titre pol20\">Des Bretons chass\u00e9s de chez eux par la submersion marine<\/p>\n<p>      <\/a><br \/>\n    <\/aside>\n<aside class=\"boite_complement texte\">\n<p>      <!-- zone_forum --><br \/>\n          <\/aside>\n<aside class=\"boite_lireaussi noprint\">\n<\/aside>\n<aside class=\"colonne\">\n<div class=\"article_info cache_1023 noprint\">\n<p>    <span class=\"date\">6 mars 2025  \u00e0 17h05<\/span><\/p>\n<p class=\"duree_lecture\">\n        Dur\u00e9e de lecture : 3 minutes\n      <\/p>\n<\/p><\/div>\n<div class=\"bloc_infolettre\">\n<div class=\"infolettre-form-container noprint\">\n<p>Abonnez-vous \u00e0 la lettre d\u2019info de Reporterre<\/p>\n<\/div><\/div>\n<\/aside>\n<div id=\"galerie\">\n  <img decoding=\"async\" src=\"\" class=\"principale\" id=\"principale\"\/><\/p>\n<p id=\"legende\">legende<\/p>\n<\/div>\n<footer class=\"noprint\">\n<\/footer>\n<\/div>\n<p><br \/>\n<br \/><a href=\"https:\/\/reporterre.net\/Qu-est-ce-qu-on-peut-faire-a-Penmarc-h-40-des-terres-seront-sous-l-eau-en-2100\" target=\"_blank\"\">Source link <\/a><\/p>\n","protected":false},"excerpt":{"rendered":"<p>6 mars 2025 \u00e0 17h05 Dur\u00e9e de lecture : 3 minutes Penmarc\u2019h (Finist\u00e8re), reportage Sur la c\u00f4te du Finist\u00e8re, plusieurs maisons vont \u00eatre ras\u00e9es d\u2019ici quelques mois \u00e0 Treffiagat-L\u00e9chiagat. La&hellip; <\/p>\n","protected":false},"author":1,"featured_media":3935,"comment_status":"open","ping_status":"open","sticky":false,"template":"","format":"standard","meta":{"footnotes":""},"categories":[1],"tags":[],"class_list":["post-3934","post","type-post","status-publish","format-standard","has-post-thumbnail","hentry","category-non-classe"],"_links":{"self":[{"href":"https:\/\/monde25.info\/index.php\/wp-json\/wp\/v2\/posts\/3934","targetHints":{"allow":["GET"]}}],"collection":[{"href":"https:\/\/monde25.info\/index.php\/wp-json\/wp\/v2\/posts"}],"about":[{"href":"https:\/\/monde25.info\/index.php\/wp-json\/wp\/v2\/types\/post"}],"author":[{"embeddable":true,"href":"https:\/\/monde25.info\/index.php\/wp-json\/wp\/v2\/users\/1"}],"replies":[{"embeddable":true,"href":"https:\/\/monde25.info\/index.php\/wp-json\/wp\/v2\/comments?post=3934"}],"version-history":[{"count":0,"href":"https:\/\/monde25.info\/index.php\/wp-json\/wp\/v2\/posts\/3934\/revisions"}],"wp:featuredmedia":[{"embeddable":true,"href":"https:\/\/monde25.info\/index.php\/wp-json\/wp\/v2\/media\/3935"}],"wp:attachment":[{"href":"https:\/\/monde25.info\/index.php\/wp-json\/wp\/v2\/media?parent=3934"}],"wp:term":[{"taxonomy":"category","embeddable":true,"href":"https:\/\/monde25.info\/index.php\/wp-json\/wp\/v2\/categories?post=3934"},{"taxonomy":"post_tag","embeddable":true,"href":"https:\/\/monde25.info\/index.php\/wp-json\/wp\/v2\/tags?post=3934"}],"curies":[{"name":"wp","href":"https:\/\/api.w.org\/{rel}","templated":true}]}}