{"id":3936,"date":"2025-03-07T05:21:28","date_gmt":"2025-03-07T04:21:28","guid":{"rendered":"https:\/\/monde25.info\/index.php\/2025\/03\/07\/la-geopolitique-de-la-paix-jeffrey-sachs-au-parlement-europeen\/"},"modified":"2025-03-07T05:21:28","modified_gmt":"2025-03-07T04:21:28","slug":"la-geopolitique-de-la-paix-jeffrey-sachs-au-parlement-europeen","status":"publish","type":"post","link":"https:\/\/monde25.info\/index.php\/2025\/03\/07\/la-geopolitique-de-la-paix-jeffrey-sachs-au-parlement-europeen\/","title":{"rendered":"La g\u00e9opolitique de la paix \u2013 Jeffrey Sachs au Parlement europ\u00e9en"},"content":{"rendered":"<p> <br \/>\n<\/p>\n<div>\n<p>par <strong>SaneVox<\/strong><\/p>\n<p>Une salle comble au Parlement europ\u00e9en le 19 f\u00e9vrier 2025 a entendu le professeur Jeffrey Sachs exposer les dures r\u00e9alit\u00e9s du pouvoir am\u00e9ricain et la subordination de l\u2019Europe \u00e0 celui-ci. Lors d\u2019un \u00e9v\u00e9nement intitul\u00e9 La G\u00e9opolitique de la Paix, organis\u00e9 par l\u2019ancien secr\u00e9taire g\u00e9n\u00e9ral adjoint de l\u2019ONU et actuel d\u00e9put\u00e9 europ\u00e9en BSW Michael von der Schulenburg, le professeur Sachs a averti le public : \u00ab<em>\u00catre un ennemi des \u00c9tats-Unis est dangereux, mais \u00eatre un ami est fatal<\/em>\u00bb, et a exhort\u00e9 l\u2019Europe \u00e0 avoir une politique \u00e9trang\u00e8re \u00ab<em>r\u00e9elle<\/em>\u00bb et ind\u00e9pendante \u2013 \u00ab<em>Une politique \u00e9trang\u00e8re qui est r\u00e9aliste, qui comprend la situation de la Russie, qui comprend la situation de l\u2019Europe, et qui comprend ce qu\u2019est l\u2019Am\u00e9rique et ce qu\u2019elle repr\u00e9sente<\/em>\u00bb.<\/p>\n<p>La responsabilit\u00e9 exclusive incombe au Membre finan\u00e7ant cette activit\u00e9 politique et d\u2019information. Le Parlement europ\u00e9en n\u2019est pas responsable de l\u2019utilisation qui pourrait \u00eatre faite des informations contenues ici.<\/p>\n<p><iframe loading=\"lazy\" title=\"La g\u00e9opolitique de la paix - Jeffrey Sachs au Parlement europ\u00e9en\" width=\"1110\" height=\"624\" src=\"https:\/\/www.youtube.com\/embed\/sNzcRFPw1BQ?feature=oembed\" frameborder=\"0\" allow=\"accelerometer; autoplay; clipboard-write; encrypted-media; gyroscope; picture-in-picture; web-share\" referrerpolicy=\"strict-origin-when-cross-origin\" allowfullscreen><\/iframe><\/p>\n<p>source : <a target=\"_blank\" href=\"https:\/\/www.youtube.com\/watch?v=sNzcRFPw1BQ\" target=\"_blank\" rel=\"noopener\" title=\"\">SaneVox<\/a><\/p>\n<div class=\"sharedaddy sd-block sd-like jetpack-likes-widget-wrapper jetpack-likes-widget-unloaded\" id=\"like-post-wrapper-237719536-446492-67ca5cf0e3cc5\" data-src=\"https:\/\/widgets.wp.com\/likes\/?ver=14.2.1#blog_id=237719536&amp;post_id=446492&amp;origin=reseauinternational.net&amp;obj_id=237719536-446492-67ca5cf0e3cc5&amp;n=1\" data-name=\"like-post-frame-237719536-446492-67ca5cf0e3cc5\" data-title=\"Aimer ou rebloguer\">\n<h3 class=\"sd-title\">J\u2019aime \u00e7a\u00a0:<\/h3>\n<p><span class=\"button\"><span>J\u2019aime<\/span><\/span> <span class=\"loading\">chargement\u2026<\/span><\/p>\n<p><span class=\"sd-text-color\"\/><a target=\"_blank\" class=\"sd-link-color\"\/><\/div>\n<p><meta itemscope=\"\" itemprop=\"mainEntityOfPage\" itemtype=\"https:\/\/schema.org\/WebPage\" itemid=\"https:\/\/reseauinternational.net\/la-geopolitique-de-la-paix-jeffrey-sachs-au-parlement-europeen\/\"\/><meta itemprop=\"headline\" content=\"La g\u00e9opolitique de la paix \u2013 Jeffrey Sachs au Parlement europ\u00e9en\"\/><span style=\"display: none;\" itemprop=\"author\" itemscope=\"\" itemtype=\"https:\/\/schema.org\/Person\"><meta itemprop=\"name\" content=\"R\u00e9seau International\"\/><\/span><span style=\"display: none;\" itemprop=\"image\" itemscope=\"\" itemtype=\"https:\/\/schema.org\/ImageObject\"><meta itemprop=\"url\" content=\"https:\/\/i0.wp.com\/reseauinternational.net\/wp-content\/uploads\/2025\/03\/Sans-titre-23-2.png?fit=800%2C467&amp;quality=100&amp;ssl=1\"\/><meta itemprop=\"width\" content=\"800\"\/><meta itemprop=\"height\" content=\"467\"\/><\/span><span style=\"display: none;\" itemprop=\"publisher\" itemscope=\"\" itemtype=\"https:\/\/schema.org\/Organization\"><span style=\"display: none;\" itemprop=\"logo\" itemscope=\"\" itemtype=\"https:\/\/schema.org\/ImageObject\"><meta itemprop=\"url\" content=\"https:\/\/reseauinternational.net\/wp-content\/uploads\/2022\/06\/Capture-de\u0301cran-2022-06-14-a\u0300-16.51.07.png\"\/><\/span><meta itemprop=\"name\" content=\"R\u00e9seau International\"\/><\/span><meta itemprop=\"datePublished\" content=\"2025-03-06T13:15:21+00:00\"\/><meta itemprop=\"dateModified\" content=\"2025-03-06T13:15:59+00:00\"\/><\/div>\n<p><br \/>\n<br \/><a href=\"https:\/\/reseauinternational.net\/la-geopolitique-de-la-paix-jeffrey-sachs-au-parlement-europeen\/\" target=\"_blank\"\">Source link <\/a><\/p>\n","protected":false},"excerpt":{"rendered":"<p>par SaneVox Une salle comble au Parlement europ\u00e9en le 19 f\u00e9vrier 2025 a entendu le professeur Jeffrey Sachs exposer les dures r\u00e9alit\u00e9s du pouvoir am\u00e9ricain et la subordination de l\u2019Europe&hellip; <\/p>\n","protected":false},"author":1,"featured_media":3937,"comment_status":"open","ping_status":"open","sticky":false,"template":"","format":"standard","meta":{"footnotes":""},"categories":[1],"tags":[],"class_list":["post-3936","post","type-post","status-publish","format-standard","has-post-thumbnail","hentry","category-non-classe"],"_links":{"self":[{"href":"https:\/\/monde25.info\/index.php\/wp-json\/wp\/v2\/posts\/3936","targetHints":{"allow":["GET"]}}],"collection":[{"href":"https:\/\/monde25.info\/index.php\/wp-json\/wp\/v2\/posts"}],"about":[{"href":"https:\/\/monde25.info\/index.php\/wp-json\/wp\/v2\/types\/post"}],"author":[{"embeddable":true,"href":"https:\/\/monde25.info\/index.php\/wp-json\/wp\/v2\/users\/1"}],"replies":[{"embeddable":true,"href":"https:\/\/monde25.info\/index.php\/wp-json\/wp\/v2\/comments?post=3936"}],"version-history":[{"count":0,"href":"https:\/\/monde25.info\/index.php\/wp-json\/wp\/v2\/posts\/3936\/revisions"}],"wp:featuredmedia":[{"embeddable":true,"href":"https:\/\/monde25.info\/index.php\/wp-json\/wp\/v2\/media\/3937"}],"wp:attachment":[{"href":"https:\/\/monde25.info\/index.php\/wp-json\/wp\/v2\/media?parent=3936"}],"wp:term":[{"taxonomy":"category","embeddable":true,"href":"https:\/\/monde25.info\/index.php\/wp-json\/wp\/v2\/categories?post=3936"},{"taxonomy":"post_tag","embeddable":true,"href":"https:\/\/monde25.info\/index.php\/wp-json\/wp\/v2\/tags?post=3936"}],"curies":[{"name":"wp","href":"https:\/\/api.w.org\/{rel}","templated":true}]}}