{"id":3948,"date":"2025-03-07T10:21:38","date_gmt":"2025-03-07T09:21:38","guid":{"rendered":"https:\/\/monde25.info\/index.php\/2025\/03\/07\/contre-linjustice-climatique-rania-daki-porte-la-voix-des-banlieues\/"},"modified":"2025-03-07T10:21:38","modified_gmt":"2025-03-07T09:21:38","slug":"contre-linjustice-climatique-rania-daki-porte-la-voix-des-banlieues","status":"publish","type":"post","link":"https:\/\/monde25.info\/index.php\/2025\/03\/07\/contre-linjustice-climatique-rania-daki-porte-la-voix-des-banlieues\/","title":{"rendered":"Contre l\u2019injustice climatique, Rania Daki porte la voix des banlieues"},"content":{"rendered":"<p> <br \/>\n<\/p>\n<div>\n<p class=\"indication_lieu\">Aubervilliers (Seine-Saint-Denis), reportage<\/p>\n<p>Des gouttes de pluie rebondissent sur les trottoirs tremp\u00e9s d\u2019Aubervilliers. \u00c0 l\u2019entr\u00e9e du square Stalingrad, Rania Daki patiente, les mains enfonc\u00e9es dans les poches de sa chemise en jean, ses boucles brunes encadrant un visage souriant. Ce parc, rare respiration dans une ville parmi les plus denses et les moins dot\u00e9es en jardins publics, est ferm\u00e9 \u00e0 cause d\u2019une pollution au plomb. Il fut son refuge, son terrain de jeu. <i>\u00ab<small class=\"fine d-inline\">\u00a0<\/small>Il m\u2019a vue grandir<small class=\"fine d-inline\">\u00a0<\/small>\u00bb<\/i>, murmure-t-elle en d\u00e9signant les jeux o\u00f9 elle pouvait passer des apr\u00e8s-midi \u00e9tant petite.<\/p>\n<p>Sa m\u00e8re, Hanane, l\u2019observe avec une tendresse discr\u00e8te dans le regard. De la g\u00e9n\u00e9ration de la <a target=\"_blank\" href=\"https:\/\/fr.wikipedia.org\/wiki\/Marche_pour_l%27%C3%A9galit%C3%A9_et_contre_le_racisme\" class=\"spip_out\" rel=\"external\">Marche des Beurs<\/a>, elle accompagne pour la premi\u00e8re fois sa fille \u00e0 un entretien. <i>\u00ab<small class=\"fine d-inline\">\u00a0<\/small>Elle m\u2019a appris \u00e0 ne pas baisser la t\u00eate, \u00e0 prendre la place qui nous revient<small class=\"fine d-inline\">\u00a0<\/small>\u00bb<\/i>, glisse Rania avant de s\u2019engouffrer dans un caf\u00e9 voisin, o\u00f9 le sol tremble sous les assauts d\u2019un marteau-piqueur en action devant la mairie.<\/p>\n<div class=\"spip_document_89144 spip_document spip_documents spip_document_image spip_documents_center spip_document_center spip_document_avec_legende\" data-legende-len=\"169\" data-legende-lenx=\"xxx\">\n<figure class=\"spip_doc_inner\">\n      <picture><source type=\"image\/webp\" srcset=\"https:\/\/reporterre.net\/local\/cache-vignettes\/L1050xH700\/reporterre_2025-02-24_cha_gonzalez-3305-2b624.jpg@.webp?1741081950\"><img decoding=\"async\" src=\"https:\/\/reporterre.net\/IMG\/jpg\/reporterre_2025-02-24_cha_gonzalez-3305.jpg\" width=\"1200\" height=\"800\" loading=\"lazy\" alt=\"\"\/><br \/>\n    <\/source><\/picture><figcaption class=\"spip_doc_legende\">\n<p>\u00ab<small class=\"fine d-inline\">\u00a0<\/small><small class=\"fine d-inline\">\u00a0<\/small>On nous fait croire que l\u2019\u00e9cologie nous est \u00e9trang\u00e8re, alors qu\u2019on subit l\u2019injustice environnementale au quotidien<small class=\"fine d-inline\">\u00a0<\/small><small class=\"fine d-inline\">\u00a0<\/small>\u00bb, d\u00e9nonce Rania Daki.<br \/>\n<i>\u00a9 Cha Gonzalez \/ Reporterre<\/i><\/p>\n<\/figcaption><\/figure>\n<\/p><\/div>\n<p>\u00c0 22 ans, Rania Daki porte une conviction in\u00e9branlable\u00a0: l\u2019\u00e9cologie ne peut se penser sans les quartiers populaires. Cofondatrice de <a target=\"_blank\" href=\"https:\/\/www.instagram.com\/lajeunessepopulaire\/\" class=\"spip_out\" rel=\"external\">La jeunesse populaire<\/a>, militante au sein de <a target=\"_blank\" href=\"https:\/\/www.ghettup.fr\/\" class=\"spip_out\" rel=\"external\">Ghett\u2019up<\/a>, porte-parole du <a target=\"_blank\" href=\"https:\/\/www.ghettup.fr\/injustice-climatique\" class=\"spip_out\" rel=\"external\">rapport (In)justice climatique<\/a>, elle se bat pour inscrire la justice sociale au c\u0153ur du combat environnemental.<\/p>\n<p><i>\u00ab<small class=\"fine d-inline\">\u00a0<\/small>On nous fait croire que l\u2019\u00e9cologie nous est \u00e9trang\u00e8re, alors qu\u2019on subit l\u2019injustice environnementale au quotidien<small class=\"fine d-inline\">\u00a0<\/small>\u00bb<\/i>, d\u00e9nonce-t-elle. Une conscience forg\u00e9e au fil de son histoire familiale, entre les <span class=\"caps\">HLM<\/span> d\u2019Aubervilliers et les \u00e9t\u00e9s \u00e0 El Jadida, au Maroc o\u00f9, sur la route de la plage, l\u2019odeur ent\u00eatante de l\u2019essence se m\u00ealait aux brises marines.<\/p>\n<p>Son grand-p\u00e8re, ouvrier marocain, <i>\u00ab<small class=\"fine d-inline\">\u00a0<\/small>n\u2019a jamais tout racont\u00e9<small class=\"fine d-inline\">\u00a0<\/small>\u00bb<\/i> des humiliations subies dans la France des ann\u00e9es\u00a070. Sa grand-m\u00e8re, femme de m\u00e9nage <i>\u00ab<small class=\"fine d-inline\">\u00a0<\/small>chez des familles ultrariches <\/i><small class=\"fine d-inline\">\u00a0<\/small>\u00bb, rentrait ext\u00e9nu\u00e9e apr\u00e8s avoir fait briller des int\u00e9rieurs auxquels elle n\u2019aurait jamais eu acc\u00e8s autrement. Son p\u00e8re, r\u00e9ceptionniste dans un h\u00f4tel, a d\u00fb renoncer aux \u00e9tudes faute de moyens. Sa m\u00e8re, assistante maternelle, a \u00e9lev\u00e9 quatre enfants tout en travaillant.<\/p>\n<h2 class=\"spip\">Fracture sociale<\/h2>\n<p><i>\u00ab<small class=\"fine d-inline\">\u00a0<\/small>Ils ont tout donn\u00e9 pour qu\u2019on ait une vie heureuse<small class=\"fine d-inline\">\u00a0<\/small>\u00bb<\/i>, souffle Rania, l\u2019a\u00een\u00e9e. Enfant studieuse, elle d\u00e9vorait <span class=\"caps\">BD<\/span> et romans policiers \u00e0 la m\u00e9diath\u00e8que. <i>\u00ab<small class=\"fine d-inline\">\u00a0<\/small>Pas des trucs intellos, plut\u00f4t des Max et Lili<small class=\"fine d-inline\">\u00a0<\/small>\u00bb<\/i>, se rem\u00e9more-t-elle. Sa m\u00e8re se souvient d\u2019une petite fille toujours soucieuse des autres, attentive aux camarades en difficult\u00e9 scolaire.<\/p>\n<p>Au lyc\u00e9e, une fracture s\u2019est r\u00e9v\u00e9l\u00e9e. Admise au prestigieux Louis-le-Grand, dans le 5\u1d49\u00a0arrondissement de Paris, elle a d\u00e9couvert un monde o\u00f9 elle d\u00e9tonnait. <i>\u00ab<small class=\"fine d-inline\">\u00a0<\/small>On \u00e9tait une poign\u00e9e de personnes noires ou arabes<small class=\"fine d-inline\">\u00a0<\/small>\u00bb<\/i>, se rappelle-t-elle. Le m\u00e9pris de classe et le racisme flottaient dans les couloirs.<\/p>\n<p>Pour certains, elle \u00e9tait l\u00e0 <i>\u00ab<small class=\"fine d-inline\">\u00a0<\/small>gr\u00e2ce aux quotas<small class=\"fine d-inline\">\u00a0<\/small>\u00bb<\/i> et a entendu plusieurs fois <a target=\"_blank\" href=\"https:\/\/www.binge.audio\/podcast\/kiffetarace\/ne-mappelle-pas-beurette\" class=\"spip_out\" rel=\"external\">le mot <i>\u00ab<small class=\"fine d-inline\">\u00a0<\/small>beurette<small class=\"fine d-inline\">\u00a0<\/small>\u00bb<\/i><\/a>, un terme p\u00e9joratif pour d\u00e9signer les jeunes filles d\u2019origine maghr\u00e9bine. Les \u00e9pisodes du podcast <a target=\"_blank\" href=\"https:\/\/www.binge.audio\/podcast\/kiffetarace\/\" class=\"spip_out\" rel=\"external\">\u00ab<small class=\"fine d-inline\">\u00a0<\/small>Kiffe ta race<small class=\"fine d-inline\">\u00a0<\/small>\u00bb<\/a>, de Rokhaya Diallo et Grace Ly, l\u2019ont arm\u00e9e pour affronter l\u2019offense.<\/p>\n<div class=\"spip_document_89145 spip_document spip_documents spip_document_image spip_documents_center spip_document_center spip_document_avec_legende\" data-legende-len=\"133\" data-legende-lenx=\"xxx\">\n<figure class=\"spip_doc_inner\">\n      <picture>\n<p>        <img decoding=\"async\" src=\"https:\/\/reporterre.net\/IMG\/jpg\/reporterre_2025-02-24_cha_gonzalez-3333.jpg\" width=\"534\" height=\"800\" loading=\"lazy\" alt=\"\"\/>\n    <\/picture><figcaption class=\"spip_doc_legende\">\n<p>Arriv\u00e9e \u00e0 l\u2019\u00e2ge du lyc\u00e9e, Rania a d\u00fb s\u2019armer pour faire face au m\u00e9pris social et raciste qui la visait.<br \/>\n<i>\u00a9 Cha Gonzalez \/ Reporterre<\/i><\/p>\n<\/figcaption><\/figure>\n<\/p><\/div>\n<p>L\u2019\u00e9cologie, d\u2019abord per\u00e7ue comme une pr\u00e9occupation de privil\u00e9gi\u00e9s, lui semblait lointaine. <i>\u00ab<small class=\"fine d-inline\">\u00a0<\/small><a target=\"_blank\" href=\"https:\/\/reporterre.net\/C-est-important-de-voir-les-luttes-dans-differentes-parties-du-monde\" class=\"spip_in\">Greta Thunberg<\/a> ne me ressemblait pas. Et puis, on nous disait de trier les d\u00e9chets, mais chez nous, il n\u2019y avait pas de poubelles de tri. J\u2019avais \u00e9crit au bailleur, il n\u2019a jamais r\u00e9pondu.<small class=\"fine d-inline\">\u00a0<\/small>\u00bb<\/i> Sa m\u00e8re sourit en repensant \u00e0 sa fille r\u00e9digeant ce courrier.<\/p>\n<p>\u00c0 la maison, l\u2019\u00e9cologie se vivait sans le dire\u00a0: les v\u00eatements passaient d\u2019un enfant \u00e0 l\u2019autre, la nourriture ne se gaspillait pas, les cahiers trouvaient une seconde vie chez des cousins. Mais Rania refuse d\u2019en faire une fable. <i>\u00ab<small class=\"fine d-inline\">\u00a0<\/small>Il ne faut pas glamouriser le fait d\u2019\u00eatre pauvre et donc davantage \u00e9colo. \u00c7a reste une condition subie, qui n\u2019a rien de bon.<small class=\"fine d-inline\">\u00a0<\/small>\u00bb<\/i><\/p>\n<blockquote class=\"spip\">\n<p>\u00ab<small class=\"fine d-inline\">\u00a0<\/small>On nous empoisonne et \u00e7a ne choque personne<small class=\"fine d-inline\">\u00a0<\/small>?<small class=\"fine d-inline\">\u00a0<\/small>\u00bb<\/p>\n<\/blockquote>\n<p>Le d\u00e9clic est venu en cours de g\u00e9ographie. Un chapitre sur les in\u00e9galit\u00e9s climatiques l\u2019a percut\u00e9e. L\u2019enseignante projetait des cartes\u00a0: les pays industrialis\u00e9s consomment des ressources en exc\u00e8s, tandis que les pays du Sud subissent les catastrophes \u00e9cologiques. Le Maroc, en rouge, parmi les plus expos\u00e9s. Peu apr\u00e8s, elle a d\u00e9couvert <a target=\"_blank\" href=\"https:\/\/reporterre.net\/Le-chlordecone-et-l-impunite-empoisonnent-les-Antilles\" class=\"spip_in\">le scandale du chlord\u00e9cone<\/a>, pesticide interdit en m\u00e9tropole mais utilis\u00e9 massivement aux Antilles. <i>\u00ab<small class=\"fine d-inline\">\u00a0<\/small>On nous empoisonne et \u00e7a ne choque personne<small class=\"fine d-inline\">\u00a0<\/small>?<small class=\"fine d-inline\">\u00a0<\/small>\u00bb<\/i><\/p>\n<p>Les pi\u00e8ces du puzzle se sont assembl\u00e9es. Les immeubles du\u00a093 transform\u00e9s en fournaises l\u2019\u00e9t\u00e9. <a target=\"_blank\" href=\"https:\/\/reporterre.net\/Les-ecoliers-d-Ile-de-France-respirent-un-air-dangereusement-pollue\" class=\"spip_in\">L\u2019air irrespirable<\/a>. Son petit fr\u00e8re asthmatique qui suffoque. <i>\u00ab<small class=\"fine d-inline\">\u00a0<\/small>Il faisait des crises s\u00e9v\u00e8res, parfois on devait aller \u00e0 l\u2019h\u00f4pital en urgence. Ma m\u00e8re, enceinte, respirait un air pollu\u00e9. Tout cela a un prix.<small class=\"fine d-inline\">\u00a0<\/small>\u00bb<\/i> Autant d\u2019injustices environnementales qui s\u2019accrochent \u00e0 la vie des siens.<\/p>\n<p>Alors, elle s\u2019est engag\u00e9e. Collectes, distributions, conf\u00e9rences. Maraudes en \u00e9cole d\u2019ing\u00e9nieur \u00e0 Toulouse, o\u00f9 elle a crois\u00e9 des \u00e9tudiants qui n\u2019avaient pas mang\u00e9 depuis deux jours. Elle a rejoint l\u2019<a target=\"_blank\" href=\"https:\/\/banlieues-climat.org\/\" class=\"spip_out\" rel=\"external\">association Banlieues Climat<\/a>, f\u00e9d\u00e9rant les quartiers populaires sur les questions environnementales, et bifurqu\u00e9 vers un master en politiques environnementales \u00e0 Sciences Po.<\/p>\n<h2 class=\"spip\">Justice sociale, justice climatique<\/h2>\n<p>Parall\u00e8lement, elle a cofond\u00e9 La jeunesse populaire, n\u00e9e de l\u2019urgence apr\u00e8s <a target=\"_blank\" href=\"https:\/\/reporterre.net\/dissolution-assemblee-situation-de-grave-danger\" class=\"spip_in\">la dissolution de l\u2019Assembl\u00e9e nationale<\/a> en 2024, pour inciter les jeunes des quartiers populaires \u00e0 voter contre l\u2019extr\u00eame droite. Avec Ghett\u2019up, une association qui travaille en faveur de la justice sociale pour les jeunes de quartiers populaires, elle est devenue porte-parole <a target=\"_blank\" href=\"https:\/\/reporterre.net\/Ces-jeunes-des-quartiers-populaires-ne-se-sentent-pas-representes-par-le-mouvement-climat\">du rapport (In)justice climatique<\/a>, qui recueille les t\u00e9moignages de plus de 1\u00a0000 jeunes des banlieues, des Outre-Mers et du Sud global. <i>\u00ab<small class=\"fine d-inline\">\u00a0<\/small>Il pose tout ce que je pensais depuis des ann\u00e9es sans savoir comment le formuler<small class=\"fine d-inline\">\u00a0<\/small>\u00bb<\/i>, dit-elle.<\/p>\n<p>Pour Sarah-Maria Hammou, charg\u00e9e de projet chez Ghett\u2019up, <i>\u00ab<small class=\"fine d-inline\">\u00a0<\/small>la parole de Rania est puissante parce qu\u2019elle part d\u2019une exp\u00e9rience commune\u00a0: celle d\u2019une g\u00e9n\u00e9ration de personnes issues des quartiers populaire, qui a pris conscience qu\u2019elle est parmi les premi\u00e8res affect\u00e9es par les effets de la crise climatique, et qui en a ras-le-bol d\u2019\u00eatre exclue des espaces de parole et de d\u00e9cision. Rania a le souci d\u2019\u00eatre comme un \u201cvaisseau\u201d pour porter ces r\u00e9cits et qu\u2019ils soient, enfin, trait\u00e9s avec s\u00e9rieux.<small class=\"fine d-inline\">\u00a0<\/small>\u00bb<\/i><\/p>\n<p>Elle vit toujours dans le nord d\u2019Aubervilliers, partage son temps entre \u00e9tudes, militantisme et <a target=\"_blank\" href=\"https:\/\/open.spotify.com\/show\/5ryGdX8MJ2Dx4rU4kfeklY\" class=\"spip_out\" rel=\"external\">\u00ab<small class=\"fine d-inline\">\u00a0<\/small>Diasporas<small class=\"fine d-inline\">\u00a0<\/small>\u00bb<\/a>, le podcast qu\u2019elle coanime pour raconter l\u2019histoire des immigr\u00e9s en France. Elle collecte les r\u00e9cits, veille \u00e0 ce que les m\u00e9moires ne s\u2019effacent pas. <i>\u00ab<small class=\"fine d-inline\">\u00a0<\/small>Ce sont des archives pour plus tard, pour que les enfants se souviennent de leurs parents.<small class=\"fine d-inline\">\u00a0<\/small>\u00bb<\/i> Elle ne supporte pas l\u2019id\u00e9e qu\u2019un jour, ils disparaissent sans avoir eu la reconnaissance qu\u2019ils m\u00e9ritent.<\/p>\n<div class=\"spip_document_89146 spip_document spip_documents spip_document_image spip_documents_center spip_document_center spip_document_avec_legende\" data-legende-len=\"174\" data-legende-lenx=\"xxx\">\n<figure class=\"spip_doc_inner\">\n      <picture><source type=\"image\/webp\" srcset=\"https:\/\/reporterre.net\/local\/cache-vignettes\/L1050xH700\/reporterre_2025-02-24_cha_gonzalez-3481-82c3c.jpg@.webp?1741081950\"><img decoding=\"async\" src=\"https:\/\/reporterre.net\/IMG\/jpg\/reporterre_2025-02-24_cha_gonzalez-3481.jpg\" width=\"1200\" height=\"800\" loading=\"lazy\" alt=\"\"\/><br \/>\n    <\/source><\/picture><figcaption class=\"spip_doc_legende\">\n<p>\u00ab<small class=\"fine d-inline\">\u00a0<\/small><small class=\"fine d-inline\">\u00a0<\/small>On nous disait de trier les d\u00e9chets, mais chez nous, il n\u2019y avait pas de poubelles de tri. J\u2019avais \u00e9crit au bailleur, il n\u2019a jamais r\u00e9pondu.<small class=\"fine d-inline\">\u00a0<\/small><small class=\"fine d-inline\">\u00a0<\/small>\u00bb<br \/>\n<i>\u00a9 Cha Gonzalez \/ Reporterre<\/i><\/p>\n<\/figcaption><\/figure>\n<\/p><\/div>\n<p>\u00c0 la crois\u00e9e des luttes, elle s\u2019indigne contre <a target=\"_blank\" href=\"https:\/\/reporterre.net\/Marche-contre-les-violences-policieres-une-convergence-historique\" class=\"spip_in\">les violences polici\u00e8res<\/a>, l\u2019islamophobie institutionnelle. Redoute les contr\u00f4les au faci\u00e8s inflig\u00e9s \u00e0 ses petits fr\u00e8res. <i>\u00ab<small class=\"fine d-inline\">\u00a0<\/small>Ce n\u2019est pas normal de grandir avec ces peurs<small class=\"fine d-inline\">\u00a0<\/small>\u00bb<\/i>, dit-elle. Son f\u00e9minisme est antiraciste, inspir\u00e9 par <a target=\"_blank\" href=\"https:\/\/www.radiofrance.fr\/franceculture\/podcasts\/sans-oser-le-demander\/pourquoi-lire-bell-hooks-celle-qui-a-defie-le-feminisme-blanc-3905205\" class=\"spip_out\" rel=\"external\">bell hooks<\/a><span class=\"spip_note_ref\">\u00a0[<a target=\"_blank\" href=\"#nb1\" class=\"spip_note\" rel=\"appendix\" title=\"L\u2019essayiste Gloria Jean Watkins \u00e9crivait son nom de plume sans majuscule\u00a0(\u2026)\" id=\"nh1\">1<\/a>]<\/span>. Elle d\u00e9nonce le silence des <i>\u00ab<small class=\"fine d-inline\">\u00a0<\/small>mouvements dominants<small class=\"fine d-inline\">\u00a0<\/small>\u00bb<\/i> face aux discriminations que subissent les femmes voil\u00e9es.<\/p>\n<p>Sa derni\u00e8re col\u00e8re\u00a0: l\u2019interdiction du voile dans le sport, vot\u00e9e par le S\u00e9nat et soutenue par le gouvernement. <i>\u00ab<small class=\"fine d-inline\">\u00a0<\/small>Dans le plus grand des calmes<small class=\"fine d-inline\">\u00a0<\/small>\u00bb<\/i>, l\u00e2che-t-elle, am\u00e8re. Assa Traor\u00e9 l\u2019inspire. Les <i>\u00ab<small class=\"fine d-inline\">\u00a0<\/small><a target=\"_blank\" href=\"https:\/\/www.20minutes.fr\/societe\/langue_francaise\/4038782-20230613-definition-vient-expression-banger\" class=\"spip_out\" rel=\"external\">bangers<\/a><small class=\"fine d-inline\">\u00a0<\/small>\u00bb<\/i> d\u2019Aim\u00e9 C\u00e9saire, Frantz Fanon, Edward Sa\u00efd aussi.<\/p>\n<p><i>\u00ab<small class=\"fine d-inline\">\u00a0<\/small>Sa force,<\/i> poursuit Sarah-Maria Hammou, <i>c\u2019est de ne pas se limiter \u00e0 l\u2019\u00e9cologie, d\u2019\u00eatre en lien avec des dynamiques et des personnes diverses qui, m\u00eame sans se d\u00e9finir comme \u00e9colos, vivent des injustices profond\u00e9ment li\u00e9es aux questions de racisme environnemental et de justice climatique en France. Son engagement sur d\u2019autres fronts nourrit sa vision et permet de cr\u00e9er des ponts entre les luttes<small class=\"fine d-inline\">\u00a0<\/small>\u00bb.<\/i><\/p>\n<blockquote class=\"spip\">\n<p>\u00ab<small class=\"fine d-inline\">\u00a0<\/small>Elle porte haut notre parole<small class=\"fine d-inline\">\u00a0<\/small>\u00bb<\/p>\n<\/blockquote>\n<p>Hanane regarde sa fille, fi\u00e8re. <i>\u00ab<small class=\"fine d-inline\">\u00a0<\/small>On nous a appris \u00e0 ne pas faire trop de bruit. Elle porte haut notre parole<small class=\"fine d-inline\">\u00a0<\/small>\u00bb<\/i>, dit-elle. Lors de la s\u00e9ance photo, elle h\u00e9site, puis accepte de poser avec sa fille. Plus tard, elle demandera que ces images ne soient pas publi\u00e9es. Elle craint que son voile devienne un pr\u00e9texte \u00e0 la haine.<\/p>\n<p><i>\u00ab<small class=\"fine d-inline\">\u00a0<\/small>Ils ne voient que notre voile, pas qui nous sommes<small class=\"fine d-inline\">\u00a0<\/small>\u00bb<\/i>, soufflait-elle plus t\u00f4t, les mains pos\u00e9es sur son chocolat chaud. Rania, elle, continue d\u2019avancer, port\u00e9e par la conviction qu\u2019un jour, ces regards changeront. Qu\u2019elle vivra dans un monde toujours vivable et pr\u00eat \u00e0 embrasser les siens.<\/p>\n<aside class=\"boite_encarts\">\n<div class=\"encart encart_gris noprint\">\n<p><strong>Puisque vous \u00eates l\u00e0&#8230;<\/strong><\/p>\n<p>&#8230; nous avons un petit service \u00e0 vous demander.<br class=\"autobr\"\/><br \/>\nEntre la pr\u00e9sence d\u2019un climatosceptique \u00e0 la t\u00eate de la premi\u00e8re puissance mondiale, un gouvernement fran\u00e7ais qui flirte avec l\u2019extr\u00eame-droite, et les catastrophes climatiques qui s\u2019enchainent&#8230; Faire vivre l\u2019\u00e9cologie dans le d\u00e9bat public est un enjeu crucial.<\/p>\n<p>Personne ne modifie ce que nous publions. Nous n\u2019avons ni actionnaire, ni propri\u00e9taire milliardaire \u2014 seulement une \u00e9quipe d\u2019irr\u00e9ductibles journalistes, pleine de d\u00e9termination.<\/p>\n<p>Nous avons la conviction que l\u2019urgence \u00e9cologique est l\u2019enjeu majeur de notre \u00e9poque. Et comme plus de 2 millions de lectrices et lecteurs chaque mois, vous partagez sans doute cette conviction&#8230;<\/p>\n<p><strong>Depuis 12 ans, nous publions des articles de qualit\u00e9 sur l\u2019\u00e9cologie, en acc\u00e8s libre et sans publicit\u00e9, pour tous.<\/strong><br class=\"autobr\"\/><br \/>\nMais ce travail demande beaucoup de temps et de ressources.<\/p>\n<p>Alors, si vous en avez les moyens, sachez qu\u2019un don, m\u00eame d\u20191\u20ac, est un acte de soutien fort pour l\u2019\u00e9cologie et le journalisme ind\u00e9pendant.<br class=\"autobr\"\/><br \/>\n(Et \u00e7a vous prendra moins de temps que la lecture de ce texte).<\/p>\n<p><strong>Si vous le pouvez, choisissez un soutien mensuel. Merci.<\/strong><\/p>\n<p><a target=\"_blank\" href=\"https:\/\/reporterre.net\/dons\" class=\"bt_soutenir\">Je soutiens <i>Reporterre<\/i><\/a><\/p>\n<\/p><\/div>\n<div class=\"encart encart_vert noprint montre_1023\">\n<div class=\"infolettre-form-container noprint\">\n<p>Abonnez-vous \u00e0 la lettre d\u2019info de Reporterre<\/p>\n<\/div><\/div>\n<\/aside>\n<aside class=\"boite_apresarticle encart_note\">\n<h4>Apr\u00e8s cet article<\/h4>\n<p>      <a target=\"_blank\" href=\"https:\/\/reporterre.net\/Les-dechets-dans-les-HLM-sont-une-violence-a-bas-bruit\" class=\"lien_article\">\n      <picture class=\"vignette_gauche\"><source type=\"image\/webp\" srcset=\"https:\/\/reporterre.net\/https:\/\/reporterre.net\/local\/cache-vignettes\/L450xH300\/img_8681-724f3.jpg@.webp?1737734196\"><img decoding=\"async\" src=\"https:\/\/reporterre.net\/local\/cache-vignettes\/L450xH300\/img_8681-724f3.jpg?1737734196\" width=\"450\" height=\"300\" alt=\"\" class=\"marge12\" loading=\"lazy\"\/><br \/>\n<\/source><\/picture>\n<p class=\"libelle\">\n<p>          Entretien \u2014<\/p>\n<p>      \u00c9cologies populaires\n    <\/p>\n<p class=\"titre pol20\">\u00ab<small class=\"fine d-inline\">\u00a0<\/small>Les d\u00e9chets au pied des <span class=\"caps\">HLM<\/span> constituent une violence \u00e0 bas bruit<small class=\"fine d-inline\">\u00a0<\/small>\u00bb<\/p>\n<p>      <\/a><br \/>\n    <\/aside>\n<aside class=\"boite_complement texte\">\n<div class=\"encart_note\">\n<h4>Notes<\/h4>\n<div id=\"nb1\">\n<p><span class=\"spip_note_ref\">[<a target=\"_blank\" href=\"#nh1\" class=\"spip_note\" title=\"Notes 1\" rev=\"appendix\">1<\/a>]\u00a0<\/span>L\u2019essayiste Gloria Jean Watkins \u00e9crivait son nom de plume sans majuscule pour mettre en avant son travail plus que sa personne.<\/p>\n<\/div><\/div>\n<p>      <!-- zone_forum --><br \/>\n          <\/aside>\n<aside class=\"boite_lireaussi noprint\">\n<\/aside>\n<aside class=\"colonne\">\n<div class=\"article_info cache_1023 noprint\">\n<p>    <span class=\"date\">7 mars 2025  \u00e0 10h12<\/span><\/p>\n<p class=\"duree_lecture\">\n        Dur\u00e9e de lecture : 8 minutes\n      <\/p>\n<\/p><\/div>\n<div class=\"bloc_infolettre\">\n<div class=\"infolettre-form-container noprint\">\n<p>Abonnez-vous \u00e0 la lettre d\u2019info de Reporterre<\/p>\n<\/div><\/div>\n<\/aside>\n<div id=\"galerie\">\n  <img decoding=\"async\" src=\"\" class=\"principale\" id=\"principale\"\/><\/p>\n<p id=\"legende\">legende<\/p>\n<\/div>\n<footer class=\"noprint\">\n<\/footer>\n<\/div>\n<p><script async defer src=\"https:\/\/platform.instagram.com\/en_US\/embeds.js\"><\/script><br \/>\n<br \/><br \/>\n<br \/><a href=\"https:\/\/reporterre.net\/Contre-l-injustice-climatique-Rania-Daki-porte-la-voix-des-banlieues\" target=\"_blank\"\">Source link <\/a><\/p>\n","protected":false},"excerpt":{"rendered":"<p>Aubervilliers (Seine-Saint-Denis), reportage Des gouttes de pluie rebondissent sur les trottoirs tremp\u00e9s d\u2019Aubervilliers. \u00c0 l\u2019entr\u00e9e du square Stalingrad, Rania Daki patiente, les mains enfonc\u00e9es dans les poches de sa chemise&hellip; <\/p>\n","protected":false},"author":1,"featured_media":3949,"comment_status":"open","ping_status":"open","sticky":false,"template":"","format":"standard","meta":{"footnotes":""},"categories":[1],"tags":[],"class_list":["post-3948","post","type-post","status-publish","format-standard","has-post-thumbnail","hentry","category-non-classe"],"_links":{"self":[{"href":"https:\/\/monde25.info\/index.php\/wp-json\/wp\/v2\/posts\/3948","targetHints":{"allow":["GET"]}}],"collection":[{"href":"https:\/\/monde25.info\/index.php\/wp-json\/wp\/v2\/posts"}],"about":[{"href":"https:\/\/monde25.info\/index.php\/wp-json\/wp\/v2\/types\/post"}],"author":[{"embeddable":true,"href":"https:\/\/monde25.info\/index.php\/wp-json\/wp\/v2\/users\/1"}],"replies":[{"embeddable":true,"href":"https:\/\/monde25.info\/index.php\/wp-json\/wp\/v2\/comments?post=3948"}],"version-history":[{"count":0,"href":"https:\/\/monde25.info\/index.php\/wp-json\/wp\/v2\/posts\/3948\/revisions"}],"wp:featuredmedia":[{"embeddable":true,"href":"https:\/\/monde25.info\/index.php\/wp-json\/wp\/v2\/media\/3949"}],"wp:attachment":[{"href":"https:\/\/monde25.info\/index.php\/wp-json\/wp\/v2\/media?parent=3948"}],"wp:term":[{"taxonomy":"category","embeddable":true,"href":"https:\/\/monde25.info\/index.php\/wp-json\/wp\/v2\/categories?post=3948"},{"taxonomy":"post_tag","embeddable":true,"href":"https:\/\/monde25.info\/index.php\/wp-json\/wp\/v2\/tags?post=3948"}],"curies":[{"name":"wp","href":"https:\/\/api.w.org\/{rel}","templated":true}]}}