{"id":3954,"date":"2025-03-07T12:02:38","date_gmt":"2025-03-07T11:02:38","guid":{"rendered":"https:\/\/monde25.info\/index.php\/2025\/03\/07\/lue-sera-force-de-revoir-son-plan-daide-a-lukraine-affirme-viktor-orban\/"},"modified":"2025-03-07T12:02:38","modified_gmt":"2025-03-07T11:02:38","slug":"lue-sera-force-de-revoir-son-plan-daide-a-lukraine-affirme-viktor-orban","status":"publish","type":"post","link":"https:\/\/monde25.info\/index.php\/2025\/03\/07\/lue-sera-force-de-revoir-son-plan-daide-a-lukraine-affirme-viktor-orban\/","title":{"rendered":"L&rsquo;UE sera forc\u00e9 de revoir son plan d&rsquo;aide \u00e0 l&rsquo;Ukraine, affirme Viktor Orban"},"content":{"rendered":"<p> <br \/>\n<\/p>\n<div itemscope=\"\" itemtype=\"https:\/\/schema.org\/Article\">\n<p>https:\/\/fr.sputniknews.africa\/20250307\/lue-sera-force-de-revoir-son-plan-daide-a-lukraine-affirme-viktor-orban-1070967645.html<\/p>\n<p><a target=\"_blank\" itemprop=\"url\" href=\"https:\/\/fr.sputniknews.africa\/20250307\/lue-sera-force-de-revoir-son-plan-daide-a-lukraine-affirme-viktor-orban-1070967645.html\" title=\"L'UE sera forc\u00e9 de revoir son plan d'aide \u00e0 l'Ukraine, affirme Viktor Orban\"\/><\/p>\n<p>L&rsquo;UE sera forc\u00e9 de revoir son plan d&rsquo;aide \u00e0 l&rsquo;Ukraine, affirme Viktor Orban<\/p>\n<p>L&rsquo;UE sera forc\u00e9 de revoir son plan d&rsquo;aide \u00e0 l&rsquo;Ukraine, affirme Viktor Orban<\/p>\n<p>Sputnik Afrique<\/p>\n<p>Les finances manquent aux pays europ\u00e9ens pour faire appliquer les mesures contenues dans leur nouveau plan de soutien \u00e0 l&rsquo;Ukraine, a d\u00e9clar\u00e9 \u00e0 la radio Kossuth&#8230; 07.03.2025, Sputnik Afrique<\/p>\n<p>2025-03-07T11:30+0100<\/p>\n<p>2025-03-07T11:30+0100<\/p>\n<p>2025-03-07T11:31+0100<\/p>\n<p>international<\/p>\n<p>hongrie<\/p>\n<p>viktor orban<\/p>\n<p>union europ\u00e9enne (ue)<\/p>\n<p>ukraine<\/p>\n<p>conflit ukrainien<\/p>\n<p>https:\/\/cdn1.img.sputniknews.africa\/img\/07e9\/02\/0f\/1070661303_0:0:3072:1728_1920x0_80_0_0_4851208ee424d2c2519767f884a6a3d0.jpg<\/p>\n<p>L&rsquo;Europe r\u00e9examinera dans quelques semaines ses plans de soutien, a d\u00e9clar\u00e9 le Premier ministre hongrois \u00e0 la radio Kossuth.Le responsable a soulign\u00e9 que l&rsquo;UE n&rsquo;avait pas assez d&rsquo;argent pour tous les objectifs fix\u00e9s, et qu&rsquo;il serait impossible de les mettre en \u0153uvre m\u00eame avec la participation financi\u00e8re des \u00c9tats-Unis.Auparavant, la Pr\u00e9sidente de la Commission Europ\u00e9enne, Ursula von der Leyen, avait propos\u00e9 aux dirigeants europ\u00e9ens un plan de r\u00e9armement dot\u00e9 d&rsquo;un budget de 800 milliards d&rsquo;euros, impliquant que les \u00c9tats membres empruntent jusqu&rsquo;\u00e0 150 milliards d&rsquo;euros pour la d\u00e9fenseLa Hongrie n&rsquo;a pas soutenu le document final \u00e0 l&rsquo;issue du sommet extraordinaire europ\u00e9en sur la situation en Ukraine, ce 6 f\u00e9vrier.<\/p>\n<p>hongrie<\/p>\n<p>ukraine<\/p>\n<div itemprop=\"copyrightHolder\" itemscope=\"\" itemtype=\"http:\/\/schema.org\/Organization\">\n<p>Sputnik Afrique<\/p>\n<p><a target=\"_blank\" itemprop=\"url\" href=\"https:\/\/fr.sputniknews.africa\" title=\"Sputnik Afrique\"> <\/a><\/p>\n<p>feedback.fr@sputniknews.com<\/p>\n<p>+74956456601<\/p>\n<p>MIA \u201eRossiya Segodnya\u201c<\/p>\n<p><a target=\"_blank\" itemprop=\"sameAs\" href=\"https:\/\/t.me\/sputnik_afrique\"> <\/a><a target=\"_blank\" itemprop=\"sameAs\" href=\"https:\/\/t.me\/sputnik_africa\"> <\/a><a target=\"_blank\" itemprop=\"sameAs\" href=\"https:\/\/t.me\/sputnik_ethiopia\"> <\/a><a target=\"_blank\" itemprop=\"sameAs\" href=\"https:\/\/x.com\/sputnik_afrique\"> <\/a><a target=\"_blank\" itemprop=\"sameAs\" href=\"https:\/\/x.com\/sputnik_africa\"> <\/a><\/div>\n<p>2025<\/p>\n<div itemprop=\"creator\" itemscope=\"\" itemtype=\"http:\/\/schema.org\/Organization\">\n<p>Sputnik Afrique<\/p>\n<p><a target=\"_blank\" itemprop=\"url\" href=\"https:\/\/fr.sputniknews.africa\" title=\"Sputnik Afrique\"> <\/a><\/p>\n<p>feedback.fr@sputniknews.com<\/p>\n<p>+74956456601<\/p>\n<p>MIA \u201eRossiya Segodnya\u201c<\/p>\n<p><a target=\"_blank\" itemprop=\"sameAs\" href=\"https:\/\/t.me\/sputnik_afrique\"> <\/a><a target=\"_blank\" itemprop=\"sameAs\" href=\"https:\/\/t.me\/sputnik_africa\"> <\/a><a target=\"_blank\" itemprop=\"sameAs\" href=\"https:\/\/t.me\/sputnik_ethiopia\"> <\/a><a target=\"_blank\" itemprop=\"sameAs\" href=\"https:\/\/x.com\/sputnik_afrique\"> <\/a><a target=\"_blank\" itemprop=\"sameAs\" href=\"https:\/\/x.com\/sputnik_africa\"> <\/a><\/div>\n<p>Actus<\/p>\n<p>fr_FR<\/p>\n<div itemprop=\"sourceOrganization\" itemscope=\"\" itemtype=\"http:\/\/schema.org\/Organization\">\n<p>Sputnik Afrique<\/p>\n<p><a target=\"_blank\" itemprop=\"url\" href=\"https:\/\/fr.sputniknews.africa\" title=\"Sputnik Afrique\"> <\/a><\/p>\n<p>feedback.fr@sputniknews.com<\/p>\n<p>+74956456601<\/p>\n<p>MIA \u201eRossiya Segodnya\u201c<\/p>\n<p><a target=\"_blank\" itemprop=\"sameAs\" href=\"https:\/\/t.me\/sputnik_afrique\"> <\/a><a target=\"_blank\" itemprop=\"sameAs\" href=\"https:\/\/t.me\/sputnik_africa\"> <\/a><a target=\"_blank\" itemprop=\"sameAs\" href=\"https:\/\/t.me\/sputnik_ethiopia\"> <\/a><a target=\"_blank\" itemprop=\"sameAs\" href=\"https:\/\/x.com\/sputnik_afrique\"> <\/a><a target=\"_blank\" itemprop=\"sameAs\" href=\"https:\/\/x.com\/sputnik_africa\"> <\/a><\/div>\n<p><a target=\"_blank\" itemprop=\"thumbnailUrl\" href=\"https:\/\/cdn1.img.sputniknews.africa\/img\/07e9\/02\/0f\/1070661303_0:0:3072:1728_1920x0_80_0_0_4851208ee424d2c2519767f884a6a3d0.jpg\"\/><a target=\"_blank\" itemprop=\"thumbnailUrl\" href=\"https:\/\/cdn1.img.sputniknews.africa\/img\/07e9\/02\/0f\/1070661303_0:0:2732:2048_1920x0_80_0_0_782114c2306ab030c728a86be28039d4.jpg\">https:\/\/cdn1.img.sputniknews.africa\/img\/07e9\/02\/0f\/1070661303_0:0:2732:2048_1920x0_80_0_0_782114c2306ab030c728a86be28039d4.jpg<\/a><a target=\"_blank\" itemprop=\"thumbnailUrl\" href=\"https:\/\/cdn1.img.sputniknews.africa\/img\/07e9\/02\/0f\/1070661303_0:0:2048:2048_1920x0_80_0_0_707b7bb850a39cea7f4f3bb30dd79ded.jpg\" title=\"Hungary's Prime Minister Viktor Orban arrives for an EU summit at the Egmont Palace in Brussels, Monday, Feb. 3, 2025.\"\/><\/p>\n<div itemprop=\"publisher\" itemscope=\"\" itemtype=\"http:\/\/schema.org\/Organization\">\n<p>Sputnik Afrique<\/p>\n<p><a target=\"_blank\" itemprop=\"url\" href=\"https:\/\/fr.sputniknews.africa\" title=\"Sputnik Afrique\"> <\/a><\/p>\n<p>feedback.fr@sputniknews.com<\/p>\n<p>+74956456601<\/p>\n<p>MIA \u201eRossiya Segodnya\u201c<\/p>\n<p><a target=\"_blank\" itemprop=\"sameAs\" href=\"https:\/\/t.me\/sputnik_afrique\"> <\/a><a target=\"_blank\" itemprop=\"sameAs\" href=\"https:\/\/t.me\/sputnik_africa\"> <\/a><a target=\"_blank\" itemprop=\"sameAs\" href=\"https:\/\/t.me\/sputnik_ethiopia\"> <\/a><a target=\"_blank\" itemprop=\"sameAs\" href=\"https:\/\/x.com\/sputnik_afrique\"> <\/a><a target=\"_blank\" itemprop=\"sameAs\" href=\"https:\/\/x.com\/sputnik_africa\"> <\/a><\/div>\n<p>international, hongrie, viktor orban, union europ\u00e9enne (ue), ukraine, conflit ukrainien<\/p>\n<div itemprop=\"about\" itemscope=\"\" itemtype=\"https:\/\/schema.org\/Thing\">\n<p>international, hongrie, viktor orban, union europ\u00e9enne (ue), ukraine, conflit ukrainien<\/p>\n<\/div>\n<\/div>\n<div>\n<div class=\"article__info \" data-nosnippet=\"\">\n<div class=\"article__info-date\"><a target=\"_blank\" href=\"https:\/\/fr.sputniknews.africa\/20250307\/\" class=\"\" title=\"Archives des actus\" data-unixtime=\"1741343447\">11:30 07.03.2025<\/a> <span class=\"article__info-date-modified \" data-unixtime=\"1741343477\"> (Mis \u00e0 jour: <span class=\"date\">11:31 07.03.2025<\/span>)<\/span><\/div>\n<\/div>\n<p>Les finances manquent aux pays europ\u00e9ens pour faire appliquer les mesures contenues dans leur nouveau plan de soutien \u00e0 l&rsquo;Ukraine, a d\u00e9clar\u00e9 \u00e0 la radio Kossuth le Premier ministre hongrois. <\/p>\n<\/div>\n<div>\n<div class=\"article__block\" data-type=\"text\">\n<p>L&rsquo;Europe r\u00e9examinera dans quelques semaines ses plans de soutien, a d\u00e9clar\u00e9 le Premier ministre hongrois \u00e0 la radio Kossuth.<\/p>\n<\/div>\n<div class=\"article__block\" data-type=\"quote\">\n<div class=\"article__quote\">\n<p>\u00ab\u00a0Ils font maintenant leurs calculs. Et je pense que le r\u00e9sultat des calculs sera que nous ne pouvons pas nous le permettre. L&rsquo;opinion hongroise appara\u00eetra dans ce d\u00e9bat europ\u00e9en au bon moment. Et il deviendra clair que nous nous d\u00e9truirons nous-m\u00eames si nous faisons ce que les 26 \u00c9tats membres ont consid\u00e9r\u00e9 hier comme juste\u00a0\u00bb, a-t-il indiqu\u00e9.<\/p>\n<\/div>\n<\/div>\n<div class=\"article__block\" data-type=\"text\">\n<p>Le responsable a soulign\u00e9 que l&rsquo;UE n&rsquo;avait pas assez d&rsquo;argent pour tous les objectifs fix\u00e9s, et qu&rsquo;il serait impossible de les mettre en \u0153uvre m\u00eame avec la participation financi\u00e8re des \u00c9tats-Unis.<\/p>\n<\/div>\n<div class=\"article__block\" data-type=\"text\">\n<p>Auparavant, la Pr\u00e9sidente de la Commission Europ\u00e9enne, Ursula von der Leyen, avait propos\u00e9 aux dirigeants europ\u00e9ens un plan de r\u00e9armement dot\u00e9 d&rsquo;un budget de 800 milliards d&rsquo;euros, impliquant que les \u00c9tats membres empruntent jusqu&rsquo;\u00e0 150 milliards d&rsquo;euros pour la d\u00e9fense<\/p>\n<\/div>\n<div class=\"article__block\" data-type=\"text\">\n<p>La Hongrie n&rsquo;a pas soutenu le document final \u00e0 l&rsquo;issue du sommet extraordinaire europ\u00e9en sur la situation en Ukraine, ce 6 f\u00e9vrier.<\/p>\n<\/div>\n<\/div>\n<p><script async=\"async\" type=\"text\/plain\" class=\"_iub_cs_activate\" data-iub-purposes=\"3\" data-suppressedsrc=\"https:\/\/connect.facebook.net\/en_US\/sdk.js#xfbml=1&amp;version=v3.2\"><\/script><br \/>\n<br \/><br \/>\n<br \/><a href=\"https:\/\/fr.sputniknews.africa\/20250307\/lue-sera-force-de-revoir-son-plan-daide-a-lukraine-affirme-viktor-orban-1070967645.html\" target=\"_blank\"\">Source link <\/a><\/p>\n","protected":false},"excerpt":{"rendered":"<p>https:\/\/fr.sputniknews.africa\/20250307\/lue-sera-force-de-revoir-son-plan-daide-a-lukraine-affirme-viktor-orban-1070967645.html L&rsquo;UE sera forc\u00e9 de revoir son plan d&rsquo;aide \u00e0 l&rsquo;Ukraine, affirme Viktor Orban L&rsquo;UE sera forc\u00e9 de revoir son plan d&rsquo;aide \u00e0 l&rsquo;Ukraine, affirme Viktor Orban Sputnik Afrique Les&hellip; <\/p>\n","protected":false},"author":1,"featured_media":3955,"comment_status":"open","ping_status":"open","sticky":false,"template":"","format":"standard","meta":{"footnotes":""},"categories":[1],"tags":[],"class_list":["post-3954","post","type-post","status-publish","format-standard","has-post-thumbnail","hentry","category-non-classe"],"_links":{"self":[{"href":"https:\/\/monde25.info\/index.php\/wp-json\/wp\/v2\/posts\/3954","targetHints":{"allow":["GET"]}}],"collection":[{"href":"https:\/\/monde25.info\/index.php\/wp-json\/wp\/v2\/posts"}],"about":[{"href":"https:\/\/monde25.info\/index.php\/wp-json\/wp\/v2\/types\/post"}],"author":[{"embeddable":true,"href":"https:\/\/monde25.info\/index.php\/wp-json\/wp\/v2\/users\/1"}],"replies":[{"embeddable":true,"href":"https:\/\/monde25.info\/index.php\/wp-json\/wp\/v2\/comments?post=3954"}],"version-history":[{"count":0,"href":"https:\/\/monde25.info\/index.php\/wp-json\/wp\/v2\/posts\/3954\/revisions"}],"wp:featuredmedia":[{"embeddable":true,"href":"https:\/\/monde25.info\/index.php\/wp-json\/wp\/v2\/media\/3955"}],"wp:attachment":[{"href":"https:\/\/monde25.info\/index.php\/wp-json\/wp\/v2\/media?parent=3954"}],"wp:term":[{"taxonomy":"category","embeddable":true,"href":"https:\/\/monde25.info\/index.php\/wp-json\/wp\/v2\/categories?post=3954"},{"taxonomy":"post_tag","embeddable":true,"href":"https:\/\/monde25.info\/index.php\/wp-json\/wp\/v2\/tags?post=3954"}],"curies":[{"name":"wp","href":"https:\/\/api.w.org\/{rel}","templated":true}]}}