{"id":3961,"date":"2025-03-07T14:15:26","date_gmt":"2025-03-07T13:15:26","guid":{"rendered":"https:\/\/monde25.info\/index.php\/2025\/03\/07\/eric-lombard-evoque-lui-aussi-le-nouvel-ordre-mondial-qui-necessite-vos-efforts-ledito-de-charles-sannat-les-moutons-enrages\/"},"modified":"2025-03-07T14:15:26","modified_gmt":"2025-03-07T13:15:26","slug":"eric-lombard-evoque-lui-aussi-le-nouvel-ordre-mondial-qui-necessite-vos-efforts-ledito-de-charles-sannat-les-moutons-enrages","status":"publish","type":"post","link":"https:\/\/monde25.info\/index.php\/2025\/03\/07\/eric-lombard-evoque-lui-aussi-le-nouvel-ordre-mondial-qui-necessite-vos-efforts-ledito-de-charles-sannat-les-moutons-enrages\/","title":{"rendered":"\u00ab Eric Lombard \u00e9voque lui aussi le \u201cNouvel Ordre Mondial\u201d qui n\u00e9cessite VOS efforts ! \u00bb. L\u2019\u00e9dito de Charles SANNAT \u2013 Les moutons enrag\u00e9s"},"content":{"rendered":"<p> <br \/>\n<\/p>\n<div>\n<p>Source <a target=\"_blank\" href=\"https:\/\/insolentiae.com\/eric-lombard-evoque-lui-aussi-le-nouvel-ordre-mondial-qui-necessite-vos-efforts-ledito-de-charles-sannat\/\" data-type=\"link\" data-id=\"https:\/\/insolentiae.com\/eric-lombard-evoque-lui-aussi-le-nouvel-ordre-mondial-qui-necessite-vos-efforts-ledito-de-charles-sannat\/\">INSOLENTIAE<\/a><\/p>\n<div class=\"wp-block-image\">\n<figure class=\"aligncenter size-large is-resized\"><img fetchpriority=\"high\" decoding=\"async\" width=\"528\" height=\"330\" src=\"https:\/\/lesmoutonsenrages.fr\/wp-content\/uploads\/2025\/03\/image-33-528x330.png\" alt=\"\" class=\"wp-image-165775\" style=\"width:418px;height:auto\" srcset=\"https:\/\/lesmoutonsenrages.fr\/wp-content\/uploads\/2025\/03\/image-33-528x330.png 528w, https:\/\/lesmoutonsenrages.fr\/wp-content\/uploads\/2025\/03\/image-33-250x156.png 250w, https:\/\/lesmoutonsenrages.fr\/wp-content\/uploads\/2025\/03\/image-33-768x480.png 768w, https:\/\/lesmoutonsenrages.fr\/wp-content\/uploads\/2025\/03\/image-33-150x94.png 150w, https:\/\/lesmoutonsenrages.fr\/wp-content\/uploads\/2025\/03\/image-33.png 1080w\" sizes=\"(max-width: 528px) 100vw, 528px\"\/><\/figure>\n<\/div>\n<p>Mes ch\u00e8res impertinentes, chers impertinents,<\/p>\n<p>Eric Lombard, le ministre de l\u2019\u00e9conomie, \u00e9tait devant l\u2019Assembl\u00e9e Nationale et lui aussi a parl\u00e9 et confirm\u00e9 cette clef de lecture sur l\u2019affrontement autour du \u201cNouvel Ordre Mondial\u201d.<\/p>\n<p>\u201cNous sommes plac\u00e9s devant un nouvel ordre mondial qui nous impose d\u2019accentuer tous nos efforts pour une souverainet\u00e9 europ\u00e9enne\u201d notamment en mati\u00e8re de d\u00e9fense. Nous allons agir dans plusieurs direction. D\u2019abord la mobilisation des financements europ\u00e9ens, la pr\u00e9sidente Ursula von der Leyen a annonc\u00e9 800 milliards de fonds europ\u00e9en \u00e0 la destination de l\u2019industrie europ\u00e9enne de d\u00e9fense, enfin il y a les financements les fran\u00e7ais et avec le ministre des arm\u00e9e nous allons r\u00e9unir \u00e0 Bercy le Le 20 mars, l\u2019ensemble des investisseurs priv\u00e9s, les assureurs, les banques, les fonds d\u2019investissement afin de les mobiliser et de mobiliser l\u2019\u00e9pargne priv\u00e9e\u201d.<\/p>\n<p><span id=\"more-165774\"\/><\/p>\n<p>Il a \u00e9galement parl\u00e9 des r\u00e8glements et r\u00e8gles qui interdisent aux banques, aux assureurs etc d\u2019investir dans les industries de guerre puisque c\u00f4t\u00e9 RSE et autre finance \u201c\u00e9thique\u201d c\u2019est quand m\u00eame effectivement pas terrible de financer les marchands de canons.<\/p>\n<figure class=\"wp-block-embed is-type-rich is-provider-twitter wp-block-embed-twitter\">\n<div class=\"wp-block-embed__wrapper\">\n<blockquote class=\"twitter-tweet\" data-width=\"550\" data-dnt=\"true\">\n<p lang=\"fr\" dir=\"ltr\">\u00c9ric Lombard, ministre de l&rsquo;\u00c9conomie: \u00ab\u00a0Nous sommes plac\u00e9s devant un nouvel ordre mondial qui nous impose d&rsquo;accentuer tous nos efforts pour une souverainet\u00e9 europ\u00e9enne\u00a0\u00bb <a target=\"_blank\" href=\"https:\/\/t.co\/cNVameQxkV\">pic.twitter.com\/cNVameQxkV<\/a><\/p>\n<p>\u2014 BFM Business (@bfmbusiness) <a target=\"_blank\" href=\"https:\/\/twitter.com\/bfmbusiness\/status\/1897274472933036040?ref_src=twsrc%5Etfw\">March 5, 2025<\/a><\/p><\/blockquote>\n<\/div>\n<\/figure>\n<p>Bon vous avez compris en creux\u2026<\/p>\n<p>Votre argent les int\u00e9ressent bigrement !<\/p>\n<p>D\u2019ailleurs il n\u2019y a pas que Lombard qui en veut \u00e0 vos sous.<\/p>\n<p>Cop\u00e9 ne vaut pas mieux !<\/p>\n<p>C\u2019est m\u00eame pire, pour lui il faut mobiliser TOUS les moyens et lever TOUS les tabous\u2026 autour de vos sous !<\/p>\n<figure class=\"wp-block-embed is-type-rich is-provider-twitter wp-block-embed-twitter\">\n<div class=\"wp-block-embed__wrapper\">\n<blockquote class=\"twitter-tweet\" data-width=\"550\" data-dnt=\"true\">\n<p lang=\"fr\" dir=\"ltr\">\u00ab\u00a0Il faut que l\u2019\u00e9pargne priv\u00e9e vienne au secours de la d\u00e9pense publique. Il faut lever tous les tabous\u00a0\u00bb.<br \/>\u2705Ils ont ruin\u00e9 l\u2019Etat, il ne leur reste plus qu\u2019\u00e0 nous ruiner en nous prenant notre \u00e9pargne.<br \/>Des incomp\u00e9tents et corrompus \u00e0 d\u00e9gager urgemment. <a target=\"_blank\" href=\"https:\/\/t.co\/wSOg5M117I\">pic.twitter.com\/wSOg5M117I<\/a><\/p>\n<p>\u2014 Philippe Murer \ud83c\uddeb\ud83c\uddf7 (@PhilippeMurer) <a target=\"_blank\" href=\"https:\/\/twitter.com\/PhilippeMurer\/status\/1897210547407565191?ref_src=twsrc%5Etfw\">March 5, 2025<\/a><\/p><\/blockquote>\n<\/div>\n<\/figure>\n<p>Rassurez vous.<\/p>\n<p>Ces tristes sires ont vid\u00e9 les caisses pour rien.<\/p>\n<p>Ils ont pill\u00e9 et vol\u00e9 notre pays et sa population pour une service rendu si faible en face.<\/p>\n<p>Maintenant qu\u2019ils n\u2019ont plus un rond, que les imp\u00f4ts ahurissants qu\u2019ils pr\u00e9l\u00e8vent ne sont plus suffisants, ils veulent venir se servir sans tabou dans nos sous.<\/p>\n<p>Afuera les gars et touchez pas au grisbi la rapine arrive\u2026<\/p>\n<p>Il est d\u00e9j\u00e0 trop tard, mais tout n\u2019est pas perdu.<\/p>\n<p>Pr\u00e9parez-vous !<\/p>\n<p>Charles SANNAT<\/p>\n<p>Tous les articles, la tribune libre et commentaires sont sous la responsabilit\u00e9 de leurs auteurs. Les Moutons Enrag\u00e9s ne sauraient \u00eatre tenus responsables de leur contenu ou orientation.<\/p>\n<\/p><\/div>\n<p><script async src=\"\/\/platform.twitter.com\/widgets.js\" charset=\"utf-8\"><\/script><br \/>\n<br \/><br \/>\n<br \/><a href=\"https:\/\/lesmoutonsenrages.fr\/2025\/03\/07\/eric-lombard-evoque-lui-aussi-le-nouvel-ordre-mondial-qui-necessite-vos-efforts-ledito-de-charles-sannat\/\" target=\"_blank\"\">Source link <\/a><\/p>\n","protected":false},"excerpt":{"rendered":"<p>Source INSOLENTIAE Mes ch\u00e8res impertinentes, chers impertinents, Eric Lombard, le ministre de l\u2019\u00e9conomie, \u00e9tait devant l\u2019Assembl\u00e9e Nationale et lui aussi a parl\u00e9 et confirm\u00e9 cette clef de lecture sur l\u2019affrontement&hellip; <\/p>\n","protected":false},"author":1,"featured_media":3962,"comment_status":"open","ping_status":"open","sticky":false,"template":"","format":"standard","meta":{"footnotes":""},"categories":[1],"tags":[],"class_list":["post-3961","post","type-post","status-publish","format-standard","has-post-thumbnail","hentry","category-non-classe"],"_links":{"self":[{"href":"https:\/\/monde25.info\/index.php\/wp-json\/wp\/v2\/posts\/3961","targetHints":{"allow":["GET"]}}],"collection":[{"href":"https:\/\/monde25.info\/index.php\/wp-json\/wp\/v2\/posts"}],"about":[{"href":"https:\/\/monde25.info\/index.php\/wp-json\/wp\/v2\/types\/post"}],"author":[{"embeddable":true,"href":"https:\/\/monde25.info\/index.php\/wp-json\/wp\/v2\/users\/1"}],"replies":[{"embeddable":true,"href":"https:\/\/monde25.info\/index.php\/wp-json\/wp\/v2\/comments?post=3961"}],"version-history":[{"count":0,"href":"https:\/\/monde25.info\/index.php\/wp-json\/wp\/v2\/posts\/3961\/revisions"}],"wp:featuredmedia":[{"embeddable":true,"href":"https:\/\/monde25.info\/index.php\/wp-json\/wp\/v2\/media\/3962"}],"wp:attachment":[{"href":"https:\/\/monde25.info\/index.php\/wp-json\/wp\/v2\/media?parent=3961"}],"wp:term":[{"taxonomy":"category","embeddable":true,"href":"https:\/\/monde25.info\/index.php\/wp-json\/wp\/v2\/categories?post=3961"},{"taxonomy":"post_tag","embeddable":true,"href":"https:\/\/monde25.info\/index.php\/wp-json\/wp\/v2\/tags?post=3961"}],"curies":[{"name":"wp","href":"https:\/\/api.w.org\/{rel}","templated":true}]}}