{"id":3969,"date":"2025-03-07T17:33:07","date_gmt":"2025-03-07T16:33:07","guid":{"rendered":"https:\/\/monde25.info\/index.php\/2025\/03\/07\/hors-sol-paris-coupe-ses-arbres-pour-des-raisons-sanitaires\/"},"modified":"2025-03-07T17:33:07","modified_gmt":"2025-03-07T16:33:07","slug":"hors-sol-paris-coupe-ses-arbres-pour-des-raisons-sanitaires","status":"publish","type":"post","link":"https:\/\/monde25.info\/index.php\/2025\/03\/07\/hors-sol-paris-coupe-ses-arbres-pour-des-raisons-sanitaires\/","title":{"rendered":"Hors-sol, Paris coupe ses arbres pour des raisons sanitaires"},"content":{"rendered":"<p> <br \/>\n<\/p>\n<div>\n<p><strong>Depuis le 25 f\u00e9vrier jusqu&rsquo;\u00e0 aujourd&rsquo;hui, la Ville de Paris a men\u00e9 une op\u00e9ration de grande envergure pour couper une centaine d\u2019arbres, notamment des saules et des platanes, pr\u00e9textant des raisons sanitaires. Mais derri\u00e8re cette initiative, des critiques sur la gestion des espaces verts se multiplient. Le comble, pour une mairie \u00e9colo !<\/strong><\/p>\n<p>\u00c0 Paris, le couperet tombe chaque ann\u00e9e. En 2025, c\u2019est au tour de plusieurs centaines d\u2019arbres de c\u00e9der sous la pression des tron\u00e7onneuses. \u00ab\u00a0On abat un arbre pour qu\u2019il ne tombe pas dans la rue\u00a0\u00bb, r\u00e9sume Alexis Boniface, co-pr\u00e9sident du Groupe national de surveillance des arbres (GNSA), avant de d\u00e9noncer cette solution facile. Car derri\u00e8re l\u2019argument sanitaire, certains y voient une gestion pr\u00e9cipit\u00e9e et mal adapt\u00e9e de l\u2019espace urbain.<\/p>\n<p>\u00ab\u00a0Un arbre adulte \u00e9quivaut \u00e0 une centaine de jeunes arbres\u00a0\u00bb, rappelle Baptiste Gianeselli, d\u00e9fenseur du patrimoine arboricole. Selon lui, il vaudrait mieux prendre soin des anciens, plut\u00f4t que de tout miser sur les nouveaux, d&rsquo;autant que ces derniers ont peu de chances de survivre dans un environnement aussi hostile que celui de la capitale. Comme le rapporte <em>Actu.fr<\/em>, l\u2019absence de soin ad\u00e9quat \u2014 manque d\u2019eau, mauvais traitements des racines \u2014 rend l\u2019argument de l\u2019abattage pr\u00e9ventif plus qu\u2019al\u00e9atoire. Les collets, cette zone sensible \u00e0 la base des arbres, sont souvent n\u00e9glig\u00e9s, et l&rsquo;usage de grilles de protection a \u00e9t\u00e9 mis de c\u00f4t\u00e9 au profit de \u00ab\u00a0moules \u00e0 g\u00e2teau\u00a0\u00bb, comme les qualifie Gianeselli. \u00ab\u00a0Les racines ne respirent pas, c&rsquo;est une bombe \u00e0 retardement \u00e9cologique\u00a0\u00bb, s\u2019indigne-t-il.<\/p>\n<p>Dans les quartiers parisiens, certains arrondissements comme le 15e et le 13e sont particuli\u00e8rement frapp\u00e9s par ces coupes. Selon Alexis Boniface, cette approche est symptomatique d\u2019un urbanisme o\u00f9 les arbres sont trait\u00e9s comme des objets de d\u00e9co plut\u00f4t que comme des \u00eatres vivants \u00e0 pr\u00e9server. Pour lui, il est urgent de repenser l\u2019entretien des espaces verts plut\u00f4t que de se pr\u00e9cipiter sur l\u2019abattage. \u00ab\u00a0Planter pour planter, ce n\u2019est pas une solution\u00a0\u00bb, avertit-il.<\/p>\n<\/div>\n<p><script>(function(d, s, id) {  var js, fjs = d.getElementsByTagName(s)[0];  if (d.getElementById(id)) return;  js = d.createElement(s); js.id = id;  js.src = \"\/\/connect.facebook.net\/fr_FR\/sdk.js#xfbml=1&version=v2.3\";  fjs.parentNode.insertBefore(js, fjs);}(document, \"script\", \"facebook-jssdk\"));<\/script><br \/>\n<br \/><br \/>\n<br \/><a href=\"https:\/\/www.francesoir.fr\/societe-environnement\/hors-sol-paris-coupe-ses-arbres-pour-des-raisons-sanitaires\" target=\"_blank\"\">Source link <\/a><\/p>\n","protected":false},"excerpt":{"rendered":"<p>Depuis le 25 f\u00e9vrier jusqu&rsquo;\u00e0 aujourd&rsquo;hui, la Ville de Paris a men\u00e9 une op\u00e9ration de grande envergure pour couper une centaine d\u2019arbres, notamment des saules et des platanes, pr\u00e9textant des&hellip; <\/p>\n","protected":false},"author":1,"featured_media":3970,"comment_status":"open","ping_status":"open","sticky":false,"template":"","format":"standard","meta":{"footnotes":""},"categories":[1],"tags":[],"class_list":["post-3969","post","type-post","status-publish","format-standard","has-post-thumbnail","hentry","category-non-classe"],"_links":{"self":[{"href":"https:\/\/monde25.info\/index.php\/wp-json\/wp\/v2\/posts\/3969","targetHints":{"allow":["GET"]}}],"collection":[{"href":"https:\/\/monde25.info\/index.php\/wp-json\/wp\/v2\/posts"}],"about":[{"href":"https:\/\/monde25.info\/index.php\/wp-json\/wp\/v2\/types\/post"}],"author":[{"embeddable":true,"href":"https:\/\/monde25.info\/index.php\/wp-json\/wp\/v2\/users\/1"}],"replies":[{"embeddable":true,"href":"https:\/\/monde25.info\/index.php\/wp-json\/wp\/v2\/comments?post=3969"}],"version-history":[{"count":0,"href":"https:\/\/monde25.info\/index.php\/wp-json\/wp\/v2\/posts\/3969\/revisions"}],"wp:featuredmedia":[{"embeddable":true,"href":"https:\/\/monde25.info\/index.php\/wp-json\/wp\/v2\/media\/3970"}],"wp:attachment":[{"href":"https:\/\/monde25.info\/index.php\/wp-json\/wp\/v2\/media?parent=3969"}],"wp:term":[{"taxonomy":"category","embeddable":true,"href":"https:\/\/monde25.info\/index.php\/wp-json\/wp\/v2\/categories?post=3969"},{"taxonomy":"post_tag","embeddable":true,"href":"https:\/\/monde25.info\/index.php\/wp-json\/wp\/v2\/tags?post=3969"}],"curies":[{"name":"wp","href":"https:\/\/api.w.org\/{rel}","templated":true}]}}