{"id":3971,"date":"2025-03-07T18:07:51","date_gmt":"2025-03-07T17:07:51","guid":{"rendered":"https:\/\/monde25.info\/index.php\/2025\/03\/07\/la-cedeao-a-cree-la-mesentente-avec-les-etats-du-sahel-selon-un-ancien-responsable-nigerien\/"},"modified":"2025-03-07T18:07:51","modified_gmt":"2025-03-07T17:07:51","slug":"la-cedeao-a-cree-la-mesentente-avec-les-etats-du-sahel-selon-un-ancien-responsable-nigerien","status":"publish","type":"post","link":"https:\/\/monde25.info\/index.php\/2025\/03\/07\/la-cedeao-a-cree-la-mesentente-avec-les-etats-du-sahel-selon-un-ancien-responsable-nigerien\/","title":{"rendered":"La CEDEAO a cr\u00e9\u00e9 la m\u00e9sentente avec les \u00c9tats du Sahel, selon un ancien responsable nig\u00e9rien"},"content":{"rendered":"<p> <br \/>\n<\/p>\n<div itemscope=\"\" itemtype=\"https:\/\/schema.org\/Article\">\n<p>https:\/\/fr.sputniknews.africa\/20250307\/la-cedeao-a-cree-la-mesentente-avec-les-etats-du-sahel-selon-un-ancien-responsable-nigerien-1070977313.html<\/p>\n<p><a target=\"_blank\" itemprop=\"url\" href=\"https:\/\/fr.sputniknews.africa\/20250307\/la-cedeao-a-cree-la-mesentente-avec-les-etats-du-sahel-selon-un-ancien-responsable-nigerien-1070977313.html\" title=\"La CEDEAO a cr\u00e9\u00e9 la m\u00e9sentente avec les \u00c9tats du Sahel, selon un ancien responsable nig\u00e9rien\"\/><\/p>\n<p>La CEDEAO a cr\u00e9\u00e9 la m\u00e9sentente avec les \u00c9tats du Sahel, selon un ancien responsable nig\u00e9rien<\/p>\n<p>La CEDEAO a cr\u00e9\u00e9 la m\u00e9sentente avec les \u00c9tats du Sahel, selon un ancien responsable nig\u00e9rien<\/p>\n<p>Sputnik Afrique<\/p>\n<p>La CEDEAO aura du mal \u00e0 faire revenir en son sein le Niger, le Mali et le Burkina Faso, comme l&rsquo;ont demand\u00e9 les Pr\u00e9sidents ghan\u00e9en et ivoirien, a d\u00e9clar\u00e9 \u00e0&#8230; 07.03.2025, Sputnik Afrique<\/p>\n<p>2025-03-07T17:57+0100<\/p>\n<p>2025-03-07T17:57+0100<\/p>\n<p>2025-03-07T17:57+0100<\/p>\n<p>afrique subsaharienne<\/p>\n<p>communaut\u00e9 \u00e9conomique des \u00e9tats d&rsquo;afrique de l&rsquo;ouest (cedeao)<\/p>\n<p>alliance des \u00e9tats du sahel (aes)<\/p>\n<p>niger<\/p>\n<p>opinion<\/p>\n<p>https:\/\/cdn1.img.sputniknews.africa\/img\/07e7\/09\/12\/1062200547_0:266:2317:1569_1920x0_80_0_0_2008cca9fd63cbbda96a6078cd02bcf0.jpg<\/p>\n<p>L&rsquo;appel des Pr\u00e9sidents ghan\u00e9en et ivoirien pour un retour des pays de l&rsquo;Alliance des \u00c9tats du Sahel au sein de la CEDEAO est un \u00ab\u00a0appel de principe\u00a0\u00bb, a d\u00e9clar\u00e9 \u00e0 Sputnik Afrique Issoufou Boubacar Kado Magagi, conseiller ind\u00e9pendant nig\u00e9rien et ex-inspecteur g\u00e9n\u00e9ral d&rsquo;\u00c9tat pour la Pr\u00e9sidence du Niger.La CEDEAO a menac\u00e9 les pays du Sahel apr\u00e8s les changements politiques, plut\u00f4t que d&rsquo;envoyer des \u00e9missaires pour trouver un consensus, rappelle-t-il.Sur le plan \u00e9conomique, la CEDEAO ne peut pas emp\u00eacher les relations s\u00e9culaires entre les pays sah\u00e9liens, sans compter qu&rsquo;un retour dans son giron se heurte \u00e0 des obstacles r\u00e9glementaires, ajoute le sp\u00e9cialiste.<\/p>\n<p>afrique subsaharienne<\/p>\n<p>niger<\/p>\n<div itemprop=\"copyrightHolder\" itemscope=\"\" itemtype=\"http:\/\/schema.org\/Organization\">\n<p>Sputnik Afrique<\/p>\n<p><a target=\"_blank\" itemprop=\"url\" href=\"https:\/\/fr.sputniknews.africa\" title=\"Sputnik Afrique\"> <\/a><\/p>\n<p>feedback.fr@sputniknews.com<\/p>\n<p>+74956456601<\/p>\n<p>MIA \u201eRossiya Segodnya\u201c<\/p>\n<p><a target=\"_blank\" itemprop=\"sameAs\" href=\"https:\/\/t.me\/sputnik_afrique\"> <\/a><a target=\"_blank\" itemprop=\"sameAs\" href=\"https:\/\/t.me\/sputnik_africa\"> <\/a><a target=\"_blank\" itemprop=\"sameAs\" href=\"https:\/\/t.me\/sputnik_ethiopia\"> <\/a><a target=\"_blank\" itemprop=\"sameAs\" href=\"https:\/\/x.com\/sputnik_afrique\"> <\/a><a target=\"_blank\" itemprop=\"sameAs\" href=\"https:\/\/x.com\/sputnik_africa\"> <\/a><\/div>\n<p>2025<\/p>\n<div itemprop=\"creator\" itemscope=\"\" itemtype=\"http:\/\/schema.org\/Organization\">\n<p>Sputnik Afrique<\/p>\n<p><a target=\"_blank\" itemprop=\"url\" href=\"https:\/\/fr.sputniknews.africa\" title=\"Sputnik Afrique\"> <\/a><\/p>\n<p>feedback.fr@sputniknews.com<\/p>\n<p>+74956456601<\/p>\n<p>MIA \u201eRossiya Segodnya\u201c<\/p>\n<p><a target=\"_blank\" itemprop=\"sameAs\" href=\"https:\/\/t.me\/sputnik_afrique\"> <\/a><a target=\"_blank\" itemprop=\"sameAs\" href=\"https:\/\/t.me\/sputnik_africa\"> <\/a><a target=\"_blank\" itemprop=\"sameAs\" href=\"https:\/\/t.me\/sputnik_ethiopia\"> <\/a><a target=\"_blank\" itemprop=\"sameAs\" href=\"https:\/\/x.com\/sputnik_afrique\"> <\/a><a target=\"_blank\" itemprop=\"sameAs\" href=\"https:\/\/x.com\/sputnik_africa\"> <\/a><\/div>\n<p>Actus<\/p>\n<p>fr_FR<\/p>\n<div itemprop=\"sourceOrganization\" itemscope=\"\" itemtype=\"http:\/\/schema.org\/Organization\">\n<p>Sputnik Afrique<\/p>\n<p><a target=\"_blank\" itemprop=\"url\" href=\"https:\/\/fr.sputniknews.africa\" title=\"Sputnik Afrique\"> <\/a><\/p>\n<p>feedback.fr@sputniknews.com<\/p>\n<p>+74956456601<\/p>\n<p>MIA \u201eRossiya Segodnya\u201c<\/p>\n<p><a target=\"_blank\" itemprop=\"sameAs\" href=\"https:\/\/t.me\/sputnik_afrique\"> <\/a><a target=\"_blank\" itemprop=\"sameAs\" href=\"https:\/\/t.me\/sputnik_africa\"> <\/a><a target=\"_blank\" itemprop=\"sameAs\" href=\"https:\/\/t.me\/sputnik_ethiopia\"> <\/a><a target=\"_blank\" itemprop=\"sameAs\" href=\"https:\/\/x.com\/sputnik_afrique\"> <\/a><a target=\"_blank\" itemprop=\"sameAs\" href=\"https:\/\/x.com\/sputnik_africa\"> <\/a><\/div>\n<p><a target=\"_blank\" itemprop=\"thumbnailUrl\" href=\"https:\/\/cdn1.img.sputniknews.africa\/img\/07e7\/09\/12\/1062200547_0:266:2317:1569_1920x0_80_0_0_2008cca9fd63cbbda96a6078cd02bcf0.jpg\"\/><a target=\"_blank\" itemprop=\"thumbnailUrl\" href=\"https:\/\/cdn1.img.sputniknews.africa\/img\/07e7\/09\/12\/1062200547_70:0:2238:1626_1920x0_80_0_0_80d78bb8643a797f5420731ad3155c49.jpg\">https:\/\/cdn1.img.sputniknews.africa\/img\/07e7\/09\/12\/1062200547_70:0:2238:1626_1920x0_80_0_0_80d78bb8643a797f5420731ad3155c49.jpg<\/a><a target=\"_blank\" itemprop=\"thumbnailUrl\" href=\"https:\/\/cdn1.img.sputniknews.africa\/img\/07e7\/09\/12\/1062200547_341:0:1967:1626_1920x0_80_0_0_3f34a58b5e3804f1d5635e425daa11d9.jpg\" title=\"Malians opposing a foreign military intervention to retake Mali's Islamist-held north carry signs protesting West African regional bloc ECOWAS (known by its French acronym CEDEAO) as they march in the streets of the capital, Bamako, Mali on Thursday, Oct. 18, 2012. \"\/><\/p>\n<div itemprop=\"publisher\" itemscope=\"\" itemtype=\"http:\/\/schema.org\/Organization\">\n<p>Sputnik Afrique<\/p>\n<p><a target=\"_blank\" itemprop=\"url\" href=\"https:\/\/fr.sputniknews.africa\" title=\"Sputnik Afrique\"> <\/a><\/p>\n<p>feedback.fr@sputniknews.com<\/p>\n<p>+74956456601<\/p>\n<p>MIA \u201eRossiya Segodnya\u201c<\/p>\n<p><a target=\"_blank\" itemprop=\"sameAs\" href=\"https:\/\/t.me\/sputnik_afrique\"> <\/a><a target=\"_blank\" itemprop=\"sameAs\" href=\"https:\/\/t.me\/sputnik_africa\"> <\/a><a target=\"_blank\" itemprop=\"sameAs\" href=\"https:\/\/t.me\/sputnik_ethiopia\"> <\/a><a target=\"_blank\" itemprop=\"sameAs\" href=\"https:\/\/x.com\/sputnik_afrique\"> <\/a><a target=\"_blank\" itemprop=\"sameAs\" href=\"https:\/\/x.com\/sputnik_africa\"> <\/a><\/div>\n<p>afrique subsaharienne, communaut\u00e9 \u00e9conomique des \u00e9tats d&rsquo;afrique de l&rsquo;ouest (cedeao), alliance des \u00e9tats du sahel (aes), niger, opinion<\/p>\n<div itemprop=\"about\" itemscope=\"\" itemtype=\"https:\/\/schema.org\/Thing\">\n<p>afrique subsaharienne, communaut\u00e9 \u00e9conomique des \u00e9tats d&rsquo;afrique de l&rsquo;ouest (cedeao), alliance des \u00e9tats du sahel (aes), niger, opinion<\/p>\n<\/div>\n<\/div>\n<div>\n<p>La CEDEAO aura du mal \u00e0 faire revenir en son sein le Niger, le Mali et le Burkina Faso, comme l&rsquo;ont demand\u00e9 les Pr\u00e9sidents ghan\u00e9en et ivoirien, a d\u00e9clar\u00e9 \u00e0 Sputnik Issoufou Boubacar Kado Magagi, conseiller ind\u00e9pendant nig\u00e9rien.<\/p>\n<\/div>\n<div>\n<div class=\"article__block\" data-type=\"text\">\n<p>L&rsquo;appel des Pr\u00e9sidents ghan\u00e9en et ivoirien pour un retour des pays de l&rsquo;Alliance des \u00c9tats du Sahel au sein de la CEDEAO est un \u00ab\u00a0appel de principe\u00a0\u00bb, a d\u00e9clar\u00e9 \u00e0 Sputnik Afrique Issoufou Boubacar Kado Magagi, conseiller ind\u00e9pendant nig\u00e9rien et ex-inspecteur g\u00e9n\u00e9ral d&rsquo;\u00c9tat pour la Pr\u00e9sidence du Niger.<\/p>\n<\/div>\n<div class=\"article__block\" data-type=\"quote\">\n<div class=\"article__quote\">\n<p>\u00ab\u00a0Ils savent tr\u00e8s bien ce que ce n&rsquo;est pas comme \u00e7a que \u00e7a se passe. C&rsquo;est Ouattara particuli\u00e8rement, Macky Sall, Patrice Talon et Bola Tinubu qui sont \u00e0 la base de ces probl\u00e8mes, suite aux injonctions que le Pr\u00e9sident fran\u00e7ais Emmanuel Macron leur a donn\u00e9es\u00a0\u00bb, a-t-il soulign\u00e9.<\/p>\n<\/div>\n<\/div>\n<div class=\"article__block\" data-type=\"text\">\n<p>La CEDEAO a menac\u00e9 les pays du Sahel apr\u00e8s les changements politiques, plut\u00f4t que d&rsquo;envoyer des \u00e9missaires pour trouver un consensus, rappelle-t-il.<\/p>\n<\/div>\n<div class=\"article__block\" data-type=\"text\">\n<p>Sur le plan \u00e9conomique, la CEDEAO ne peut pas emp\u00eacher les relations s\u00e9culaires entre les pays sah\u00e9liens, sans compter qu&rsquo;un retour dans son giron se heurte \u00e0 des obstacles r\u00e9glementaires, ajoute le sp\u00e9cialiste.<\/p>\n<\/div>\n<div class=\"article__block\" data-type=\"quote\">\n<div class=\"article__quote\">\n<p>\u00ab\u00a0Le retour \u00e0 mon avis sera difficile, puisque cela \u00e9t\u00e9 act\u00e9 par des textes r\u00e9glementaires. Il y a la Charte du Liptako-Gourma qui a donn\u00e9 naissance \u00e0 l&rsquo;Alliance des \u00c9tats du Sahel. Puis, de l&rsquo;Alliance, on est pass\u00e9 \u00e0 une conf\u00e9d\u00e9ration, elle a d\u00e9j\u00e0 son passeport, elle a d\u00e9j\u00e0 son drapeau\u00a0\u00bb, souligne-t-il.<\/p>\n<\/div>\n<\/div>\n<\/div>\n<p><script async=\"async\" type=\"text\/plain\" class=\"_iub_cs_activate\" data-iub-purposes=\"3\" data-suppressedsrc=\"https:\/\/connect.facebook.net\/en_US\/sdk.js#xfbml=1&amp;version=v3.2\"><\/script><br \/>\n<br \/><br \/>\n<br \/><a href=\"https:\/\/fr.sputniknews.africa\/20250307\/la-cedeao-a-cree-la-mesentente-avec-les-etats-du-sahel-selon-un-ancien-responsable-nigerien-1070977313.html\" target=\"_blank\"\">Source link <\/a><\/p>\n","protected":false},"excerpt":{"rendered":"<p>https:\/\/fr.sputniknews.africa\/20250307\/la-cedeao-a-cree-la-mesentente-avec-les-etats-du-sahel-selon-un-ancien-responsable-nigerien-1070977313.html La CEDEAO a cr\u00e9\u00e9 la m\u00e9sentente avec les \u00c9tats du Sahel, selon un ancien responsable nig\u00e9rien La CEDEAO a cr\u00e9\u00e9 la m\u00e9sentente avec les \u00c9tats du Sahel, selon un&hellip; <\/p>\n","protected":false},"author":1,"featured_media":3972,"comment_status":"open","ping_status":"open","sticky":false,"template":"","format":"standard","meta":{"footnotes":""},"categories":[1],"tags":[],"class_list":["post-3971","post","type-post","status-publish","format-standard","has-post-thumbnail","hentry","category-non-classe"],"_links":{"self":[{"href":"https:\/\/monde25.info\/index.php\/wp-json\/wp\/v2\/posts\/3971","targetHints":{"allow":["GET"]}}],"collection":[{"href":"https:\/\/monde25.info\/index.php\/wp-json\/wp\/v2\/posts"}],"about":[{"href":"https:\/\/monde25.info\/index.php\/wp-json\/wp\/v2\/types\/post"}],"author":[{"embeddable":true,"href":"https:\/\/monde25.info\/index.php\/wp-json\/wp\/v2\/users\/1"}],"replies":[{"embeddable":true,"href":"https:\/\/monde25.info\/index.php\/wp-json\/wp\/v2\/comments?post=3971"}],"version-history":[{"count":0,"href":"https:\/\/monde25.info\/index.php\/wp-json\/wp\/v2\/posts\/3971\/revisions"}],"wp:featuredmedia":[{"embeddable":true,"href":"https:\/\/monde25.info\/index.php\/wp-json\/wp\/v2\/media\/3972"}],"wp:attachment":[{"href":"https:\/\/monde25.info\/index.php\/wp-json\/wp\/v2\/media?parent=3971"}],"wp:term":[{"taxonomy":"category","embeddable":true,"href":"https:\/\/monde25.info\/index.php\/wp-json\/wp\/v2\/categories?post=3971"},{"taxonomy":"post_tag","embeddable":true,"href":"https:\/\/monde25.info\/index.php\/wp-json\/wp\/v2\/tags?post=3971"}],"curies":[{"name":"wp","href":"https:\/\/api.w.org\/{rel}","templated":true}]}}