{"id":3979,"date":"2025-03-07T22:01:20","date_gmt":"2025-03-07T21:01:20","guid":{"rendered":"https:\/\/monde25.info\/index.php\/2025\/03\/07\/au-coeur-des-guerres-et-des-trafics-par-tristan-coloma-le-monde-diplomatique-mars-2025\/"},"modified":"2025-03-07T22:01:20","modified_gmt":"2025-03-07T21:01:20","slug":"au-coeur-des-guerres-et-des-trafics-par-tristan-coloma-le-monde-diplomatique-mars-2025","status":"publish","type":"post","link":"https:\/\/monde25.info\/index.php\/2025\/03\/07\/au-coeur-des-guerres-et-des-trafics-par-tristan-coloma-le-monde-diplomatique-mars-2025\/","title":{"rendered":"Au c\u0153ur des guerres et des trafics, par Tristan Coloma (Le Monde diplomatique, mars 2025)"},"content":{"rendered":"<p> <br \/>\n<\/p>\n<div couleurfade=\"fde9e5\" couleurclaire=\"f5e7d5\" couleurpale=\"f3d0a4\" couleurmi=\"be2e0d\" couleurfoncee=\"8e220a\" couleursombre=\"2f0b03\" couleurfond=\"7b554c\" couleurtexte=\"ffffff\">\n<div class=\"enapercu\">\n<p><span class=\"mot-lettrine\"><span class=\"lettrine\">L<\/span>oin<\/span> des projecteurs, le Soudan n\u2019en finit pas de sombrer. La guerre d\u00e9clench\u00e9e le 15\u00a0avril\u00a02023 entre les Forces arm\u00e9es soudanaises (FAS) du g\u00e9n\u00e9ral Abdel Fattah Al-Bourhane et les Forces de soutien rapide (FSR), une milice auxiliaire paramilitaire aux mains de M.\u00a0Mohamed Hamdan Daglo, dit \u00ab<small class=\"fine\">\u00a0<\/small>Hemetti<small class=\"fine\">\u00a0<\/small>\u00bb, a fait plus de trente mille morts et provoqu\u00e9 le d\u00e9placement de onze millions de personnes. Selon l\u2019Organisation des Nations unies (ONU), la moiti\u00e9 de la population, soit vingt-cinq millions de personnes, a besoin d\u2019une aide alimentaire urgente pour faire face \u00e0 la famine qui s\u00e9vit. Les perspectives de paix demeurent tr\u00e8s incertaines d\u2019autant que les rares tentatives de m\u00e9diation \u00e9chouent les unes apr\u00e8s les autres, comme cela a \u00e9t\u00e9 le cas avec les n\u00e9gociations de Djeddah men\u00e9es sous la houlette des \u00c9tats-Unis et de l\u2019Arabie saoudite. Sur le terrain, FAS comme FSR comptent sur les ventes d\u2019or pour financer leurs efforts de guerre respectifs, ce qui ouvre la voie \u00e0 l\u2019ing\u00e9rence d\u2019\u00c9tats \u00e9trangers. En janvier\u00a02019, les \u00c9mirats arabes unis (EAU) avaient d\u00e9j\u00e0 vers\u00e9 100\u00a0millions de dollars au tandem Bourhane-Hemetti \u2014 les deux hommes \u00e9taient alors alli\u00e9s \u2014 pour l\u2019envoi au Y\u00e9men d\u2019anciens miliciens <i>janjawid,<\/i> rebaptis\u00e9s FSR pour faire oublier leur implication dans les tueries au Darfour\u00a0\u2014, afin de soutenir la coalition form\u00e9e par les monarchies du Golfe contre les houthistes pro-iraniens. Quand la guerre entre les deux hommes forts du Soudan a d\u00e9but\u00e9, le pr\u00e9sident \u00e9mirati, M.\u00a0Mohammed Ben Zayed Al-Nahyane (\u00ab<small class=\"fine\">\u00a0<\/small>MBZ<small class=\"fine\">\u00a0<\/small>\u00bb), a pris le parti de soutenir M.\u00a0Hemetti. Abou Dhabi verse ainsi 500\u00a0000\u00a0dollars par mois pour payer les soldes des FSR, leur fournit des munitions et des drones de combat. De leur c\u00f4t\u00e9, l\u2019Iran et l\u2019\u00c9gypte arment les FAS. La Russie, qui a longtemps soutenu M.\u00a0Hemetti et qui lui avait pr\u00eat\u00e9 main-forte via les mercenaires de l\u2019ex-groupe Wagner (rebaptis\u00e9 Africa Corps), joue actuellement sur les deux tableaux. Enfin, l\u2019Arabie saoudite, la Turquie et le Qatar s\u2019ing\u00e8rent dans le conflit, surtout pour faire\u00a0(&#8230;)<\/p>\n<\/p><\/div>\n<p>Taille de l\u2019article complet\u00a0:\u00a0<span>1\u00a0238<\/span>\u00a0mots.<\/p>\n<div class=\"promo_dispo_article\">\n<h2 class=\"avantbloc\">\n\tCet article est r\u00e9serv\u00e9 aux\u00a0abonn\u00e9s<\/p>\n<\/h2>\n<div class=\"abo_inst\">\n\t<strong>Lyc\u00e9es, biblioth\u00e8ques, administrations, entreprises,<\/strong><br \/>\n\tacc\u00e9dez \u00e0 la base de donn\u00e9es en ligne de tous les articles du <i>Monde diplomatique<\/i> de 1954 \u00e0 nos\u00a0jours.<br \/>\n\t<a target=\"_blank\" id=\"pw-institutions\" class=\"suivi\" href=\"https:\/\/www.monde-diplomatique.fr\/archives\/institutions\">Retrouvez cette\u00a0offre sp\u00e9cifique<\/a>.\n<\/div>\n<\/div><\/div>\n<p><br \/>\n<br \/><a href=\"https:\/\/www.monde-diplomatique.fr\/2025\/03\/A\/68095\" target=\"_blank\"\">Source link <\/a><\/p>\n","protected":false},"excerpt":{"rendered":"<p>Loin des projecteurs, le Soudan n\u2019en finit pas de sombrer. La guerre d\u00e9clench\u00e9e le 15\u00a0avril\u00a02023 entre les Forces arm\u00e9es soudanaises (FAS) du g\u00e9n\u00e9ral Abdel Fattah Al-Bourhane et les Forces de&hellip; <\/p>\n","protected":false},"author":1,"featured_media":3980,"comment_status":"open","ping_status":"open","sticky":false,"template":"","format":"standard","meta":{"footnotes":""},"categories":[1],"tags":[],"class_list":["post-3979","post","type-post","status-publish","format-standard","has-post-thumbnail","hentry","category-non-classe"],"_links":{"self":[{"href":"https:\/\/monde25.info\/index.php\/wp-json\/wp\/v2\/posts\/3979","targetHints":{"allow":["GET"]}}],"collection":[{"href":"https:\/\/monde25.info\/index.php\/wp-json\/wp\/v2\/posts"}],"about":[{"href":"https:\/\/monde25.info\/index.php\/wp-json\/wp\/v2\/types\/post"}],"author":[{"embeddable":true,"href":"https:\/\/monde25.info\/index.php\/wp-json\/wp\/v2\/users\/1"}],"replies":[{"embeddable":true,"href":"https:\/\/monde25.info\/index.php\/wp-json\/wp\/v2\/comments?post=3979"}],"version-history":[{"count":0,"href":"https:\/\/monde25.info\/index.php\/wp-json\/wp\/v2\/posts\/3979\/revisions"}],"wp:featuredmedia":[{"embeddable":true,"href":"https:\/\/monde25.info\/index.php\/wp-json\/wp\/v2\/media\/3980"}],"wp:attachment":[{"href":"https:\/\/monde25.info\/index.php\/wp-json\/wp\/v2\/media?parent=3979"}],"wp:term":[{"taxonomy":"category","embeddable":true,"href":"https:\/\/monde25.info\/index.php\/wp-json\/wp\/v2\/categories?post=3979"},{"taxonomy":"post_tag","embeddable":true,"href":"https:\/\/monde25.info\/index.php\/wp-json\/wp\/v2\/tags?post=3979"}],"curies":[{"name":"wp","href":"https:\/\/api.w.org\/{rel}","templated":true}]}}