{"id":3981,"date":"2025-03-07T22:34:42","date_gmt":"2025-03-07T21:34:42","guid":{"rendered":"https:\/\/monde25.info\/index.php\/2025\/03\/07\/la-ministre-de-lagriculture-refuse-de-signer-la-nouvelle-version-du-nutri-score\/"},"modified":"2025-03-07T22:34:42","modified_gmt":"2025-03-07T21:34:42","slug":"la-ministre-de-lagriculture-refuse-de-signer-la-nouvelle-version-du-nutri-score","status":"publish","type":"post","link":"https:\/\/monde25.info\/index.php\/2025\/03\/07\/la-ministre-de-lagriculture-refuse-de-signer-la-nouvelle-version-du-nutri-score\/","title":{"rendered":"La ministre de l\u2019Agriculture refuse de signer la nouvelle version du Nutri-score"},"content":{"rendered":"<p> <br \/>\n<\/p>\n<div style=\"position:relative;\">\n        <picture><source type=\"image\/webp\" srcset=\"https:\/\/reporterre.net\/local\/cache-vignettes\/L720xH480\/nutriscore_po-2-a6d05.jpg@.webp?1741361633\"><img loading=\"lazy\" decoding=\"async\" src=\"https:\/\/reporterre.net\/local\/cache-vignettes\/L720xH480\/nutriscore_po-2-a6d05.jpg?1741361633\" width=\"720\" height=\"480\" alt=\"La ministre de l'Agriculture refuse de signer la nouvelle version du Nutri-score\" class=\"image_logo voir_logo\"\/><\/p>\n<p><\/source><\/picture>\n<p class=\"legende_logo\">La nouvelle version du Nutri-score aurait d\u00fb rentrer en application d\u00e9but 2024 en France. <span class=\"copyright_logo\">&#8211; \u00a9 P-O. C. \/ Reporterre<\/span><\/p>\n<p class=\"legende_logo_480\">La nouvelle version du Nutri-score aurait d\u00fb rentrer en application d\u00e9but 2024 en France. <span class=\"copyright_logo\">&#8211; \u00a9 P-O. C. \/ Reporterre<\/span><\/p>\n<\/p><\/div>\n<div>\n        <span class=\"date\">7 mars 2025  \u00e0 16h33<\/span><\/p>\n<p class=\"duree_lecture\">\n        Dur\u00e9e de lecture : 2 minutes\n      <\/p>\n<\/p><\/div>\n<div>\n<p>Quand la nouvelle classification du Nutri-Score, cet \u00e9tiquetage nutritionnel appos\u00e9 sur les emballages des aliments, verra-t-elle le jour en France<small class=\"fine d-inline\">\u00a0<\/small>? Officiellement adopt\u00e9 en 2019 par sept pays europ\u00e9ens une obligation de mise \u00e0 jour des statuts afin de le faire \u00e9voluer en fonction des nouvelles connaissances statistiques figurait dans ses statuts.<\/p>\n<p>La derni\u00e8re actualisation valid\u00e9e par le comit\u00e9 de gouvernance europ\u00e9en du Nutri-Score a \u00e9t\u00e9 valid\u00e9e en 2023 suite \u00e0 un travail d\u2019\u00e9valuation men\u00e9e durant dix-huit mois. Cette nouvelle version du Nutri-score r\u00e9\u00e9value les notations de plusieurs cat\u00e9gories de produits sucr\u00e9s et sal\u00e9s, et devait entrer en application d\u00e9but 2024. Seulement voil\u00e0, l\u2019arr\u00eat\u00e9 gouvernemental n\u2019a toujours pas \u00e9t\u00e9 publi\u00e9.<\/p>\n<blockquote class=\"spip\">\n<p>\u00ab<small class=\"fine d-inline\">\u00a0<\/small>La strat\u00e9gie des lobbies<small class=\"fine d-inline\">\u00a0<\/small>\u00bb<\/p>\n<\/blockquote>\n<p>Mercredi 5\u00a0mars, Jean-Claude Anglars, s\u00e9nateur de l\u2019Aveyron a pos\u00e9 une question au gouvernement sur <i>\u00ab<small class=\"fine d-inline\">\u00a0<\/small>l\u2019inad\u00e9quation de l\u2019\u00e9tiquetage nutritionnel aux produits traditionnels que le fromage au lait cru<small class=\"fine d-inline\">\u00a0<\/small>\u00bb<\/i>. <i>\u00ab<small class=\"fine d-inline\">\u00a0<\/small>La d\u00e9cision a \u00e9t\u00e9 prise il y a plus d\u2019un an. L\u2019arr\u00eat\u00e9 est \u00e0 ma signature. Je n\u2019ai pas encore sign\u00e9, je ne sais pas quelles sont mes marges de man\u0153uvre pour en corriger les effets n\u00e9gatifs, mais croyez bien que je m\u2019y int\u00e9resse de tr\u00e8s pr\u00e8s<small class=\"fine d-inline\">\u00a0<\/small>\u00bb<\/i>, a indiqu\u00e9 la ministre de l\u2019Agriculture, Annie Genevard.<\/p>\n<p>Autrement dit, en l\u2019\u00e9tat, la ministre ne souhaite pas signer cet arr\u00eat\u00e9 de mise \u00e0 jour. <i>\u00ab<small class=\"fine d-inline\">\u00a0<\/small>Le Nutri-Score pose un certain nombre de probl\u00e8mes \u00e0 des fili\u00e8res de qualit\u00e9<small class=\"fine d-inline\">\u00a0<\/small>\u00bb<\/i>, a fait savoir Annie Genevard.<\/p>\n<p>Dans un texte publi\u00e9 <a target=\"_blank\" href=\"https:\/\/nutriscore.blog\/2025\/03\/06\/pour-la-ministre-de-lagriculture-les-aliments-quelle-considere-remarquables-ne-doivent-pas-etre-mal-classes-par-le-nutri-score-debunking\/\" class=\"spip_out\" rel=\"external\">sur son blog<\/a>, Serge Hercberg, l\u2019\u00e9pid\u00e9miologiste et ancien pr\u00e9sident du Programme national nutrition sant\u00e9 regrette que la ministre de l\u2019Agriculture ne reprenne \u00e0 son compte <i>\u00ab<small class=\"fine d-inline\">\u00a0<\/small>la strat\u00e9gie des lobbies<small class=\"fine d-inline\">\u00a0<\/small>\u00bb<\/i>, soit le fait de <i>\u00ab<small class=\"fine d-inline\">\u00a0<\/small>mettre en avant des qualit\u00e9s des aliments qui n\u2019ont rien \u00e0 voir avec leur composition nutritionnelle ou leur lien avec la sant\u00e9 pour occulter ces derniers<small class=\"fine d-inline\">\u00a0<\/small>\u00bb<\/i>.<\/p>\n<aside class=\"boite_encarts\">\n<div class=\"encart encart_gris noprint\">\n<p><strong>Puisque vous \u00eates l\u00e0&#8230;<\/strong><\/p>\n<p>&#8230; nous avons un petit service \u00e0 vous demander.<br class=\"autobr\"\/><br \/>\nEntre la pr\u00e9sence d\u2019un climatosceptique \u00e0 la t\u00eate de la premi\u00e8re puissance mondiale, un gouvernement fran\u00e7ais qui flirte avec l\u2019extr\u00eame-droite, et les catastrophes climatiques qui s\u2019enchainent&#8230; Faire vivre l\u2019\u00e9cologie dans le d\u00e9bat public est un enjeu crucial.<\/p>\n<p>Personne ne modifie ce que nous publions. Nous n\u2019avons ni actionnaire, ni propri\u00e9taire milliardaire \u2014 seulement une \u00e9quipe d\u2019irr\u00e9ductibles journalistes, pleine de d\u00e9termination.<\/p>\n<p>Nous avons la conviction que l\u2019urgence \u00e9cologique est l\u2019enjeu majeur de notre \u00e9poque. Et comme plus de 2 millions de lectrices et lecteurs chaque mois, vous partagez sans doute cette conviction&#8230;<\/p>\n<p><strong>Depuis 12 ans, nous publions des articles de qualit\u00e9 sur l\u2019\u00e9cologie, en acc\u00e8s libre et sans publicit\u00e9, pour tous.<\/strong><br class=\"autobr\"\/><br \/>\nMais ce travail demande beaucoup de temps et de ressources.<\/p>\n<p>Alors, si vous en avez les moyens, sachez qu\u2019un don, m\u00eame d\u20191\u20ac, est un acte de soutien fort pour l\u2019\u00e9cologie et le journalisme ind\u00e9pendant.<br class=\"autobr\"\/><br \/>\n(Et \u00e7a vous prendra moins de temps que la lecture de ce texte).<\/p>\n<p><strong>Si vous le pouvez, choisissez un soutien mensuel. Merci.<\/strong><\/p>\n<p><a target=\"_blank\" href=\"https:\/\/reporterre.net\/dons\" class=\"bt_soutenir\">Je soutiens <i>Reporterre<\/i><\/a><\/p>\n<\/p><\/div>\n<div class=\"encart encart_vert noprint montre_1023\">\n<div class=\"infolettre-form-container noprint\">\n<p>Abonnez-vous \u00e0 la lettre d\u2019info de Reporterre<\/p>\n<\/div><\/div>\n<\/aside>\n<aside class=\"boite_apresarticle encart_note\">\n<h4>Apr\u00e8s cet article<\/h4>\n<p>      <a target=\"_blank\" href=\"https:\/\/reporterre.net\/Nutri-score-la-Commission-europeenne-renonce-a-sa-generalisation\" class=\"lien_article\">\n      <picture class=\"vignette_gauche\"><source type=\"image\/webp\" srcset=\"https:\/\/reporterre.net\/https:\/\/reporterre.net\/local\/cache-vignettes\/L450xH300\/nutriscore_2_po-2-78b28.jpg@.webp?1740749837\"><img decoding=\"async\" src=\"https:\/\/reporterre.net\/local\/cache-vignettes\/L450xH300\/nutriscore_2_po-2-78b28.jpg?1740749837\" width=\"450\" height=\"300\" alt=\"\" class=\"marge12\" loading=\"lazy\"\/><br \/>\n<\/source><\/picture>\n<p class=\"libelle\">\n<p>      Europe\n    <\/p>\n<p class=\"titre pol20\">Nutri-score\u00a0: la Commission europ\u00e9enne renonce \u00e0 sa g\u00e9n\u00e9ralisation<\/p>\n<p>      <\/a><br \/>\n    <\/aside>\n<aside class=\"boite_complement texte\">\n<p>      <!-- zone_forum --><br \/>\n          <\/aside>\n<aside class=\"boite_lireaussi noprint\">\n<\/aside>\n<aside class=\"colonne\">\n<div class=\"article_info cache_1023 noprint\">\n        <span class=\"date\">7 mars 2025  \u00e0 16h33<\/span><\/p>\n<p class=\"duree_lecture\">\n        Dur\u00e9e de lecture : 2 minutes\n      <\/p>\n<\/p><\/div>\n<div class=\"bloc_infolettre\">\n<div class=\"infolettre-form-container noprint\">\n<p>Abonnez-vous \u00e0 la lettre d\u2019info de Reporterre<\/p>\n<\/div><\/div>\n<\/aside>\n<div id=\"galerie\">\n  <img decoding=\"async\" src=\"\" class=\"principale\" id=\"principale\"\/><\/p>\n<p id=\"legende\">legende<\/p>\n<\/div>\n<footer class=\"noprint\">\n<\/footer>\n<\/div>\n<p><br \/>\n<br \/><a href=\"https:\/\/reporterre.net\/La-ministre-de-l-Agriculture-refuse-de-signer-la-nouvelle-version-du-Nutri-score\" target=\"_blank\"\">Source link <\/a><\/p>\n","protected":false},"excerpt":{"rendered":"<p>La nouvelle version du Nutri-score aurait d\u00fb rentrer en application d\u00e9but 2024 en France. &#8211; \u00a9 P-O. C. \/ Reporterre La nouvelle version du Nutri-score aurait d\u00fb rentrer en application&hellip; <\/p>\n","protected":false},"author":1,"featured_media":3982,"comment_status":"open","ping_status":"open","sticky":false,"template":"","format":"standard","meta":{"footnotes":""},"categories":[1],"tags":[],"class_list":["post-3981","post","type-post","status-publish","format-standard","has-post-thumbnail","hentry","category-non-classe"],"_links":{"self":[{"href":"https:\/\/monde25.info\/index.php\/wp-json\/wp\/v2\/posts\/3981","targetHints":{"allow":["GET"]}}],"collection":[{"href":"https:\/\/monde25.info\/index.php\/wp-json\/wp\/v2\/posts"}],"about":[{"href":"https:\/\/monde25.info\/index.php\/wp-json\/wp\/v2\/types\/post"}],"author":[{"embeddable":true,"href":"https:\/\/monde25.info\/index.php\/wp-json\/wp\/v2\/users\/1"}],"replies":[{"embeddable":true,"href":"https:\/\/monde25.info\/index.php\/wp-json\/wp\/v2\/comments?post=3981"}],"version-history":[{"count":0,"href":"https:\/\/monde25.info\/index.php\/wp-json\/wp\/v2\/posts\/3981\/revisions"}],"wp:featuredmedia":[{"embeddable":true,"href":"https:\/\/monde25.info\/index.php\/wp-json\/wp\/v2\/media\/3982"}],"wp:attachment":[{"href":"https:\/\/monde25.info\/index.php\/wp-json\/wp\/v2\/media?parent=3981"}],"wp:term":[{"taxonomy":"category","embeddable":true,"href":"https:\/\/monde25.info\/index.php\/wp-json\/wp\/v2\/categories?post=3981"},{"taxonomy":"post_tag","embeddable":true,"href":"https:\/\/monde25.info\/index.php\/wp-json\/wp\/v2\/tags?post=3981"}],"curies":[{"name":"wp","href":"https:\/\/api.w.org\/{rel}","templated":true}]}}