{"id":3983,"date":"2025-03-07T23:07:25","date_gmt":"2025-03-07T22:07:25","guid":{"rendered":"https:\/\/monde25.info\/index.php\/2025\/03\/07\/jusquou-ira-la-militarisation-de-leurope\/"},"modified":"2025-03-07T23:07:25","modified_gmt":"2025-03-07T22:07:25","slug":"jusquou-ira-la-militarisation-de-leurope","status":"publish","type":"post","link":"https:\/\/monde25.info\/index.php\/2025\/03\/07\/jusquou-ira-la-militarisation-de-leurope\/","title":{"rendered":"Jusqu\u2019o\u00f9 ira la militarisation de l\u2019Europe ?"},"content":{"rendered":"<p> <br \/>\n<\/p>\n<div>\n<p>par <strong>Eduardo Vasco<\/strong><\/p>\n<p>Les humiliations publiques fr\u00e9quentes et croissantes impos\u00e9es par Trump \u00e0 Zelensky montrent que le r\u00f4le des \u00c9tats-Unis dans la guerre par procuration contre la Russie a tendance \u00e0 \u00eatre secondaire. Les Europ\u00e9ens pr\u00e9voient d\u00e9j\u00e0 d\u2019occuper le devant de la sc\u00e8ne dans la trag\u00e9die annonc\u00e9e.<\/p>\n<p>Ursula von der Leyen, pr\u00e9sidente de la Commission europ\u00e9enne, a d\u00e9clar\u00e9 au monde que \u00ab<strong><em>l\u2019Europe a besoin d\u2019\u00eatre r\u00e9arm\u00e9e de toute urgence<\/em><\/strong>\u00bb. L\u2019Union europ\u00e9enne organise ce jeudi 6 mars un sommet sp\u00e9cial sur la d\u00e9fense, pr\u00e9cis\u00e9ment pour discuter des plans d\u2019expansion militaire, \u00e0 un tournant de la politique europ\u00e9enne de l\u2019apr\u00e8s-Seconde Guerre mondiale.<\/p>\n<p>\u00ab<em>Nous comprenons tous qu\u2019apr\u00e8s une longue p\u00e9riode de sous-investissement, il est d\u00e9sormais extr\u00eamement important d\u2019augmenter les investissements dans la d\u00e9fense pour une p\u00e9riode prolong\u00e9e. Il en va de la s\u00e9curit\u00e9 de l\u2019Union europ\u00e9enne<\/em>\u00bb, a-t-il d\u00e9clar\u00e9 lors d\u2019un \u00e9v\u00e9nement organis\u00e9 par le Premier ministre britannique Keir Starmer pour discuter de l\u2019avenir de l\u2019Ukraine, peu apr\u00e8s que Zelensky eut pris contact avec la Maison-Blanche. \u00ab<em>Nous devons mettre l\u2019Ukraine en position de force, afin qu\u2019elle ait les moyens de se renforcer et de se prot\u00e9ger<\/em>\u00bb, a ajout\u00e9 von der Leyen.<\/p>\n<p>Mais cette tendance n\u2019est pas nouvelle. Elle n\u2019a fait que s\u2019accentuer avec l\u2019arriv\u00e9e de Trump \u00e0 la Maison-Blanche. En janvier 2024, le journal <em>Bild<\/em> r\u00e9v\u00e8le un document secret des forces arm\u00e9es allemandes qui pr\u00e9dit une guerre directe entre l\u2019OTAN et la Russie au cours de l\u2019\u00e9t\u00e9 europ\u00e9en 2025. Quelques jours plus tard, Robert Bauer, chef du comit\u00e9 militaire de l\u2019OTAN, d\u00e9clarait lors d\u2019une r\u00e9union avec les chefs militaires des pays membres : \u00ab<em>Nous avons besoin d\u2019une transformation de l\u2019OTAN pour la guerre<\/em>\u00bb.<\/p>\n<p>Depuis que la Russie a r\u00e9agi aux provocations de l\u2019OTAN et est entr\u00e9e d\u00e9finitivement dans la guerre en Ukraine, M. Macron a souvent plaid\u00e9 pour la fin de la d\u00e9pendance de l\u2019Europe \u00e0 l\u2019\u00e9gard des \u00c9tats-Unis, tant sur le plan \u00e9conomique que militaire. Il a m\u00eame sugg\u00e9r\u00e9 une alliance militaire strictement continentale, plut\u00f4t qu\u2019atlantique. Aujourd\u2019hui, le futur chancelier allemand, Friedrich Merz (un homme de BlackRock), semble lui embo\u00eeter le pas en d\u00e9clarant, lors d\u2019un d\u00e9bat pr\u00e9\u00e9lectoral, que sa priorit\u00e9 sera de rendre l\u2019Europe ind\u00e9pendante des \u00c9tats-Unis.<\/p>\n<p>En septembre dernier, von der Leyen a nomm\u00e9 le premier commissaire europ\u00e9en \u00e0 la d\u00e9fense, signe \u00e9vident des temps nouveaux de Castro. La Commission europ\u00e9enne, l\u2019Union europ\u00e9enne et l\u2019OTAN centralisent le contr\u00f4le des budgets des pays europ\u00e9ens afin d\u2019imposer une augmentation des d\u00e9penses militaires \u00e0 chacun d\u2019entre eux.<\/p>\n<p>Curieusement, les Europ\u00e9ens indiquent qu\u2019ils vont faire exactement ce que Trump leur demande et ce, depuis longtemps. Le budget de la d\u00e9fense est sur le point d\u2019augmenter au sein de l\u2019OTAN, ce qui s\u2019est d\u00e9j\u00e0 produit en Espagne et a \u00e9t\u00e9 annonc\u00e9 par la France, le Royaume-Uni et le Danemark. En 2014, seuls 8 des 28 membres de l\u2019\u00e9poque consacraient 20% de leur budget pour la d\u00e9fense \u00e0 l\u2019\u00e9quipement et aux programmes, ce qui est consid\u00e9r\u00e9 comme une situation id\u00e9ale par l\u2019OTAN. En 2024, 29 des 32 membres actuels suivront cette ligne directrice \u2013 les Polonais d\u00e9pensant d\u00e9j\u00e0 plus de 50%, devant les 30% des \u00c9tats-Unis. En 2014, seuls trois pays consacraient 2% de leur PIB \u00e0 la d\u00e9fense (objectif de l\u2019OTAN depuis 2006), et aujourd\u2019hui ce chiffre est pass\u00e9 \u00e0 23.<\/p>\n<p>Comme toujours, c\u2019est l\u2019industrie de la guerre qui veut le plus la guerre. Ce n\u2019est pas un hasard si le complexe militaro-industriel am\u00e9ricain s\u2019est toujours oppos\u00e9 \u00e0 Donald Trump \u2013 non pas parce qu\u2019il le consid\u00e8re comme un sexiste, un raciste et un homophobe, mais en raison de ses projets visant \u00e0 r\u00e9duire le r\u00f4le militaire des \u00c9tats-Unis dans le monde, notamment en retirant des soldats d\u2019Europe et en r\u00e9duisant les d\u00e9penses de l\u2019OTAN.<\/p>\n<p>Bien que cela soit le signe d\u2019une possible diminution de la d\u00e9pendance \u00e0 l\u2019\u00e9gard des \u00c9tats-Unis, von der Leyen elle-m\u00eame a d\u00e9clar\u00e9 en f\u00e9vrier que les Europ\u00e9ens devraient augmenter leurs importations de gaz en provenance des \u00c9tats-Unis pour compenser leur d\u00e9pendance r\u00e9siduelle \u00e0 l\u2019\u00e9gard de la Russie. Mais le plus important est que la militarisation de l\u2019Europe viendrait pr\u00e9cis\u00e9ment du complexe militaro-industriel \u00e9tats-unien, car les Europ\u00e9ens sont incapables de produire le mat\u00e9riel dont ils ont besoin, pr\u00e9cis\u00e9ment en raison de leur soumission \u00e0 Washington depuis le Plan Marshall.<\/p>\n<p><strong>L\u2019\u00e9lection de Trump a port\u00e9 un coup au complexe militaro-industriel am\u00e9ricain<\/strong> \u2013 \u00e9galement connu sous le nom d\u2019\u00c9tat profond (avec les agences de renseignement). Comme il a longtemps \u00e9t\u00e9 contr\u00f4l\u00e9 par le capital financier, on peut dire qu\u2019il est le pilier du syst\u00e8me imp\u00e9rialiste de l\u2019apr\u00e8s-Seconde Guerre mondiale. Ce secteur fondamental du pouvoir imp\u00e9rialiste tente m\u00eame d\u2019influencer les d\u00e9cisions du nouveau gouvernement des \u00c9tats-Unis, mais d\u2019autres acteurs du grand capital s\u2019y opposent, du moins en partie. Il ne reste plus qu\u2019\u00e0 utiliser ses \u00e9l\u00e9ments de l\u2019autre c\u00f4t\u00e9 de l\u2019Atlantique, tout en les contr\u00f4lant sans trop de difficult\u00e9s.<\/p>\n<p>Un habile penseur de l\u2019establishment am\u00e9ricain a sugg\u00e9r\u00e9 dans un magazine prestigieux que les pays europ\u00e9ens ach\u00e8tent davantage de gaz aux \u00c9tats-Unis et r\u00e9duisent les droits de douane sur les produits chimiques et pharmaceutiques en provenance des \u00c9tats-Unis afin de garantir l\u2019investissement dans la d\u00e9fense europ\u00e9enne, ainsi que de renforcer le contr\u00f4le de la libert\u00e9 d\u2019expression sur les r\u00e9seaux sociaux. Apr\u00e8s tout, il sait d\u00e9j\u00e0 qu\u2019avec l\u2019augmentation des d\u00e9penses militaires, les banques exigeront des coupes dans les d\u00e9penses sociales, ce qui provoquera une vague de m\u00e9contentement. L\u2019opposition devra \u00eatre r\u00e9prim\u00e9e.<\/p>\n<p>L\u2019Europe est confront\u00e9e \u00e0 une d\u00e9sindustrialisation historique (acc\u00e9l\u00e9r\u00e9e par les sanctions contre la Russie et les repr\u00e9sailles de Moscou). En outre, l\u2019inflation est \u00e9lev\u00e9e depuis l\u2019intervention russe en Ukraine \u2013 avec un petit coup de pouce des Houthis avec leur blocus de la mer Rouge \u2013 ainsi que le taux de faillite des entreprises, le ch\u00f4mage, les taux de pauvret\u00e9 et les mouvements de protestation, notamment de la part des paysans.<\/p>\n<p>La r\u00e9industrialisation que r\u00e9clament les industriels allemands en particulier passera pr\u00e9cis\u00e9ment par la production militaire, comme ce fut le cas lors de la Seconde Guerre mondiale. C\u2019est ce qui a sauv\u00e9 le capitalisme mondial et permis aux \u00c9tats-Unis de rester la premi\u00e8re puissance mondiale jusqu\u2019\u00e0 aujourd\u2019hui. Le sc\u00e9nario peut plaire aux Grecs comme aux Troyens : les grands capitalistes \u00e9tats-uniens profitent de la vente d\u2019armes et d\u2019\u00e9quipements \u00e0 l\u2019Europe et les grands capitalistes europ\u00e9ens profitent de la r\u00e9industrialisation et de l\u2019aust\u00e9rit\u00e9 sociale qui en d\u00e9coulent.<\/p>\n<p>Une telle politique a de quoi r\u00e9jouir l\u2019extr\u00eame droite europ\u00e9enne. Elle surfe depuis longtemps sur la vague de l\u2019intense m\u00e9contentement populaire \u00e0 l\u2019\u00e9gard de la doctrine n\u00e9olib\u00e9rale. Elle a acc\u00e9d\u00e9 au gouvernement ou \u00e0 des positions de n\u00e9gociation importantes au Parlement europ\u00e9en et dans les principaux pays du continent en trompant les \u00e9lecteurs des classes moyennes et populaires par sa d\u00e9magogie, mais surtout en recevant un soutien croissant de la part des milieux d\u2019affaires nationaux.<\/p>\n<p>Bien qu\u2019en France et en Allemagne elle soit officiellement contre la guerre contre la Russie, elle soutient la renaissance des grandes puissances et est soutenue par les industriels. Marine Le Pen et Alice Weidel ne cachent pas leur volont\u00e9 de former une coalition avec les partis de la droite traditionnelle, comme la base de Macron ou la CDU. Le cordon sanitaire a d\u00e9j\u00e0 commenc\u00e9 \u00e0 se rompre en Allemagne. La politique de militarisation et de durcissement des lois (que ce soit contre l\u2019immigration ou la libert\u00e9 d\u2019expression) men\u00e9e par le gouvernement actuel lui-m\u00eame pr\u00e9pare le terrain pour l\u2019installation de l\u2019extr\u00eame droite au pouvoir.<\/p>\n<p>Nombreux sont ceux qui comparent la situation actuelle \u00e0 la p\u00e9riode qui a imm\u00e9diatement pr\u00e9c\u00e9d\u00e9 la Premi\u00e8re et la Seconde Guerre mondiale. C\u2019\u00e9tait une p\u00e9riode d\u2019industrialisation, de militarisation et de concurrence accrue entre les puissances pour les march\u00e9s mondiaux. L\u2019Europe a \u00e9t\u00e9 un protagoniste des deux guerres, en particulier l\u2019Allemagne. Les Allemands sont arriv\u00e9s tardivement dans la comp\u00e9tition d\u2019avant la Premi\u00e8re Guerre mondiale, ont \u00e9t\u00e9 humili\u00e9s par Versailles avant la Seconde Guerre mondiale et ont \u00e9t\u00e9 pratiquement colonis\u00e9s par les \u00c9tats-Unis apr\u00e8s 1945. Ils constituent le maillon faible de l\u2019axe imp\u00e9rialiste et sont les plus vuln\u00e9rables au fascisme. La reprise d\u2019une croissance \u00e9conomique ind\u00e9pendante, accompagn\u00e9e d\u2019un r\u00e9armement massif, conduirait n\u00e9cessairement \u00e0 l\u2019expansion de l\u2019Allemagne. Ce besoin, comme nous l\u2019avons vu, n\u2019a pu \u00eatre satisfait la derni\u00e8re fois que par un r\u00e9gime fasciste. Il ne devrait pas en \u00eatre autrement cette fois-ci.<\/p>\n<p>source : <a target=\"_blank\" href=\"https:\/\/www.mondialisation.ca\/jusquou-ira-la-militarisation-de-leurope\/5696703?doing_wp_cron=1741322853.8090839385986328125000\" target=\"_blank\" rel=\"noopener\" title=\"\">Mondialisation<\/a><\/p>\n<div class=\"sharedaddy sd-block sd-like jetpack-likes-widget-wrapper jetpack-likes-widget-unloaded\" id=\"like-post-wrapper-237719536-446597-67cb608c673c7\" data-src=\"https:\/\/widgets.wp.com\/likes\/?ver=14.2.1#blog_id=237719536&amp;post_id=446597&amp;origin=reseauinternational.net&amp;obj_id=237719536-446597-67cb608c673c7&amp;n=1\" data-name=\"like-post-frame-237719536-446597-67cb608c673c7\" data-title=\"Aimer ou rebloguer\">\n<h3 class=\"sd-title\">J\u2019aime \u00e7a\u00a0:<\/h3>\n<p><span class=\"button\"><span>J\u2019aime<\/span><\/span> <span class=\"loading\">chargement\u2026<\/span><\/p>\n<p><span class=\"sd-text-color\"\/><a target=\"_blank\" class=\"sd-link-color\"\/><\/div>\n<p><meta itemscope=\"\" itemprop=\"mainEntityOfPage\" itemtype=\"https:\/\/schema.org\/WebPage\" itemid=\"https:\/\/reseauinternational.net\/jusquou-ira-la-militarisation-de-leurope\/\"\/><meta itemprop=\"headline\" content=\"Jusqu\u2019o\u00f9 ira la militarisation de l\u2019Europe ?\"\/><span style=\"display: none;\" itemprop=\"author\" itemscope=\"\" itemtype=\"https:\/\/schema.org\/Person\"><meta itemprop=\"name\" content=\"R\u00e9seau International\"\/><\/span><span style=\"display: none;\" itemprop=\"image\" itemscope=\"\" itemtype=\"https:\/\/schema.org\/ImageObject\"><meta itemprop=\"url\" content=\"https:\/\/i0.wp.com\/reseauinternational.net\/wp-content\/uploads\/2025\/03\/Sans-titre-21-4.png?fit=800%2C467&amp;quality=100&amp;ssl=1\"\/><meta itemprop=\"width\" content=\"800\"\/><meta itemprop=\"height\" content=\"467\"\/><\/span><span style=\"display: none;\" itemprop=\"publisher\" itemscope=\"\" itemtype=\"https:\/\/schema.org\/Organization\"><span style=\"display: none;\" itemprop=\"logo\" itemscope=\"\" itemtype=\"https:\/\/schema.org\/ImageObject\"><meta itemprop=\"url\" content=\"https:\/\/reseauinternational.net\/wp-content\/uploads\/2022\/06\/Capture-de\u0301cran-2022-06-14-a\u0300-16.51.07.png\"\/><\/span><meta itemprop=\"name\" content=\"R\u00e9seau International\"\/><\/span><meta itemprop=\"datePublished\" content=\"2025-03-07T12:43:57+00:00\"\/><meta itemprop=\"dateModified\" content=\"2025-03-07T12:45:02+00:00\"\/><\/div>\n<p><br \/>\n<br \/><a href=\"https:\/\/reseauinternational.net\/jusquou-ira-la-militarisation-de-leurope\/\" target=\"_blank\"\">Source link <\/a><\/p>\n","protected":false},"excerpt":{"rendered":"<p>par Eduardo Vasco Les humiliations publiques fr\u00e9quentes et croissantes impos\u00e9es par Trump \u00e0 Zelensky montrent que le r\u00f4le des \u00c9tats-Unis dans la guerre par procuration contre la Russie a tendance&hellip; <\/p>\n","protected":false},"author":1,"featured_media":3984,"comment_status":"open","ping_status":"open","sticky":false,"template":"","format":"standard","meta":{"footnotes":""},"categories":[1],"tags":[],"class_list":["post-3983","post","type-post","status-publish","format-standard","has-post-thumbnail","hentry","category-non-classe"],"_links":{"self":[{"href":"https:\/\/monde25.info\/index.php\/wp-json\/wp\/v2\/posts\/3983","targetHints":{"allow":["GET"]}}],"collection":[{"href":"https:\/\/monde25.info\/index.php\/wp-json\/wp\/v2\/posts"}],"about":[{"href":"https:\/\/monde25.info\/index.php\/wp-json\/wp\/v2\/types\/post"}],"author":[{"embeddable":true,"href":"https:\/\/monde25.info\/index.php\/wp-json\/wp\/v2\/users\/1"}],"replies":[{"embeddable":true,"href":"https:\/\/monde25.info\/index.php\/wp-json\/wp\/v2\/comments?post=3983"}],"version-history":[{"count":0,"href":"https:\/\/monde25.info\/index.php\/wp-json\/wp\/v2\/posts\/3983\/revisions"}],"wp:featuredmedia":[{"embeddable":true,"href":"https:\/\/monde25.info\/index.php\/wp-json\/wp\/v2\/media\/3984"}],"wp:attachment":[{"href":"https:\/\/monde25.info\/index.php\/wp-json\/wp\/v2\/media?parent=3983"}],"wp:term":[{"taxonomy":"category","embeddable":true,"href":"https:\/\/monde25.info\/index.php\/wp-json\/wp\/v2\/categories?post=3983"},{"taxonomy":"post_tag","embeddable":true,"href":"https:\/\/monde25.info\/index.php\/wp-json\/wp\/v2\/tags?post=3983"}],"curies":[{"name":"wp","href":"https:\/\/api.w.org\/{rel}","templated":true}]}}