{"id":3985,"date":"2025-03-07T23:39:57","date_gmt":"2025-03-07T22:39:57","guid":{"rendered":"https:\/\/monde25.info\/index.php\/2025\/03\/07\/le-president-macron-se-dit-ouvert-a-une-dissuasion-nucleaire-europeenne-tranchant-avec-des-decennies-dindependance-francaise-sur-le-sujet\/"},"modified":"2025-03-07T23:39:57","modified_gmt":"2025-03-07T22:39:57","slug":"le-president-macron-se-dit-ouvert-a-une-dissuasion-nucleaire-europeenne-tranchant-avec-des-decennies-dindependance-francaise-sur-le-sujet","status":"publish","type":"post","link":"https:\/\/monde25.info\/index.php\/2025\/03\/07\/le-president-macron-se-dit-ouvert-a-une-dissuasion-nucleaire-europeenne-tranchant-avec-des-decennies-dindependance-francaise-sur-le-sujet\/","title":{"rendered":"Le Pr\u00e9sident Macron se dit ouvert \u00e0 une dissuasion nucl\u00e9aire europ\u00e9enne tranchant avec des d\u00e9cennies d&rsquo;ind\u00e9pendance fran\u00e7aise sur le sujet."},"content":{"rendered":"<p> <br \/>\n<\/p>\n<div>\n<p><strong>TRIBUNE du Colonel Hogard Colonel Corvez et Amiral Gaucherand <\/strong>: \u00a0Le Pr\u00e9sident Macron se dit ouvert \u00e0 une dissuasion nucl\u00e9aire europ\u00e9enne tranchant avec des d\u00e9cennies d&rsquo;ind\u00e9pendance fran\u00e7aise sur le sujet.<\/p>\n<p>L\u2019arme nucl\u00e9aire n\u2019est pas une arme plus puissante que les autres, elle est l\u2019arme ultime de d\u00e9fense d\u2019une nation dont la seule existence, en dehors de tout corps de bataille classique, doit dissuader un quelconque ennemi potentiel de l\u2019attaquer de peur des repr\u00e9sailles terribles, insupportables, qu\u2019elles entra\u00eeneraient pour l\u2019attaquant.<\/p>\n<p>C\u2019est le principe fondamental de la dissuasion nucl\u00e9aire, con\u00e7u par les strat\u00e8ges fran\u00e7ais &#8211; les g\u00e9n\u00e9raux Gallois, Ailleret et quelques autres &#8211; que le g\u00e9n\u00e9ral de Gaulle avait envisag\u00e9 d\u00e8s la fin de la Deuxi\u00e8me Guerre mondiale, pr\u00e9parant le pays \u00e0 y acc\u00e9der en organisant les recherches et cr\u00e9ant le Commissariat \u00e0 l\u2019Energie Atomique en 1945, et qu\u2019il a mis en \u0153uvre pour la France d\u00e8s son retour au pouvoir en 1958.<\/p>\n<p>C\u2019est l\u2019arme qui rend \u00ab invuln\u00e9rable\u00a0\u00bb, avait-il dit, et doit pr\u00e9server la paix par la peur de l\u2019emploi.<\/p>\n<p>\u00a0\u00ab <em>Nous n\u2019en avons pas fini avec la bombe atomique. Le plus puissant moyen de guerre a commenc\u00e9 par apporter la paix. Une paix \u00e9trange, la paix tout de m\u00eame. Attendez la suite.<\/em> \u00bb\u00a0<\/p>\n<p>\u00ab <em>La force de frappe fran\u00e7aise n\u2019est pas faite pour frapper mais pour ne pas \u00eatre frapp\u00e9<\/em> \u00bb, avait-il expliqu\u00e9 \u00e0 Alain Peyrefitte.<\/p>\n<p>Peu de responsables politiques ont assimil\u00e9 ce concept au cours du temps, et notamment pas les dirigeants actuels.<\/p>\n<p>La dissuasion nucl\u00e9aire est, par essence, l\u2019expression d\u2019une volont\u00e9 nationale et ne peut \u00eatre partag\u00e9e. Toute sa force r\u00e9side dans la l\u00e9gitimit\u00e9 du Pr\u00e9sident de la R\u00e9publique, \u00e9lu par la nation au suffrage universel, seul \u00e0 pouvoir d\u00e9cider en dernier recours du d\u00e9clenchement du feu nucl\u00e9aire.<\/p>\n<p>Au milieu de tant d&rsquo;affaiblissements, la France dispose encore d&rsquo;une protection ultime, cr\u00e9dible, de sa souverainet\u00e9. Brader notre dissuasion est inacceptable.\u00a0<\/p>\n<p>Nous appelons \u00e0 marquer une opposition ferme et compl\u00e8te au projet \u00e9voqu\u00e9 par le Pr\u00e9sident Macron.<\/p>\n<p>L&rsquo;Union europ\u00e9enne est un conglom\u00e9rat d&rsquo;entit\u00e9s diverses, elle n&rsquo;est pas une nation.<\/p>\n<p>La dissuasion nucl\u00e9aire ne se partage pas.<\/p>\n<p>\u00a0<\/p>\n<p>\u00a0<\/p>\n<p><strong>Premiers signataires, <\/strong>\u00e0 la date du 6 mars 2025\u00a0:<\/p>\n<p>Philippe d\u2019AUTUME, officier sup\u00e9rieur Marine (er)<\/p>\n<p>Jean-Marie BECKER, m\u00e9decin-g\u00e9n\u00e9ral (cr)<\/p>\n<p>Yannick BLEVIN, officier sup\u00e9rieur Terre (er)<\/p>\n<p>Jean-Marc CALAIS, officier g\u00e9n\u00e9ral Marine (cr)<\/p>\n<p>Denis CARTON, officier sup\u00e9rieur Terre (er)<\/p>\n<p>Francis CASALIS, officier sup\u00e9rieur Terre (er)<\/p>\n<p>Alain de CHANTERAC, officier sup\u00e9rieur Terre (er)<\/p>\n<p>Jacques CHEMINADE, pr\u00e9sident de Solidarit\u00e9 &amp; Progr\u00e8s<\/p>\n<p>Patrick CLAUDE, officier sup\u00e9rieur Terre (er)<\/p>\n<p>Bernard COCHIN, officier g\u00e9n\u00e9ral Terre (cr)<\/p>\n<p>Alain CORVEZ, officier sup\u00e9rieur Terre (er)<\/p>\n<p>Christian DARLOT, universitaire<\/p>\n<p>Eric DENECE, directeur du CF2R<\/p>\n<p>Bernard DUFOUR, officier sup\u00e9rieur Terre (er)<\/p>\n<p>JB de FONTENILLES, officier sup\u00e9rieur Terre (er)<\/p>\n<p>Claude GAUCHERAND, officier g\u00e9n\u00e9ral Marine (cr)<\/p>\n<p>Jean-Marc GENTIL, administrateur civil, (er)<\/p>\n<p>Henri de GROSSOUVRE, dirigeant de soci\u00e9t\u00e9, administrateur du Cercle Colbert<\/p>\n<p>Edouard HUSSON, universitaire<\/p>\n<p>Jacques HOGARD, officier sup\u00e9rieur Terre (er)<\/p>\n<p>Alexandre LALANNE-BERDOUTICQ, officier g\u00e9n\u00e9ral (cr)<\/p>\n<p>Jacques LANCRY, officier sup\u00e9rieur Terre (er)<\/p>\n<p>Franck LEROY, officier sup\u00e9rieur Terre (er)<\/p>\n<p>Jacques MAILLARD, universitaire<\/p>\n<p>Camille MEGEL, officier sup\u00e9rieur Terre (er)<\/p>\n<p>Fr\u00e9d\u00e9ric PINCE officier sup\u00e9rieur Terre (er)<\/p>\n<p>Marc PAITIER, officier g\u00e9n\u00e9ral Terre (cr)<\/p>\n<p>Paul PELLIZZARI, officier g\u00e9n\u00e9ral Terre (cr)<\/p>\n<p>Philippe RIDEAU, officier sup\u00e9rieur Terre (er)<\/p>\n<p>Bertrand de SAINT-ANDRE, officier sup\u00e9rieur Terre (er)<\/p>\n<p>Franck SZENIC, ex commissaire de justice<\/p>\n<p>Patricia SZENIC, ex DRH<\/p>\n<p>Henri TEMPLE, universitaire<\/p>\n<p>Fr\u00e9d\u00e9ric TENAIRI, officier sup\u00e9rieur GEND (er)<\/p>\n<p>Michel THEODOLY-LANNES, officier g\u00e9n\u00e9ral Terre, (cr)<\/p>\n<p>Jean-Paul VALLIN, officier sup\u00e9rieur Terre (er)<\/p>\n<p>Philippe VIGNEAU, officier sup\u00e9rieur Terre (er)<\/p>\n<\/div>\n<p><script>(function(d, s, id) {  var js, fjs = d.getElementsByTagName(s)[0];  if (d.getElementById(id)) return;  js = d.createElement(s); js.id = id;  js.src = \"\/\/connect.facebook.net\/fr_FR\/sdk.js#xfbml=1&version=v2.3\";  fjs.parentNode.insertBefore(js, fjs);}(document, \"script\", \"facebook-jssdk\"));<\/script><br \/>\n<br \/><br \/>\n<br \/><a href=\"https:\/\/www.francesoir.fr\/opinions-tribunes\/le-president-macron-se-dit-ouvert-une-dissuasion-nucleaire-europeenne-tranchant\" target=\"_blank\"\">Source link <\/a><\/p>\n","protected":false},"excerpt":{"rendered":"<p>TRIBUNE du Colonel Hogard Colonel Corvez et Amiral Gaucherand : \u00a0Le Pr\u00e9sident Macron se dit ouvert \u00e0 une dissuasion nucl\u00e9aire europ\u00e9enne tranchant avec des d\u00e9cennies d&rsquo;ind\u00e9pendance fran\u00e7aise sur le sujet.&hellip; <\/p>\n","protected":false},"author":1,"featured_media":3986,"comment_status":"open","ping_status":"open","sticky":false,"template":"","format":"standard","meta":{"footnotes":""},"categories":[1],"tags":[],"class_list":["post-3985","post","type-post","status-publish","format-standard","has-post-thumbnail","hentry","category-non-classe"],"_links":{"self":[{"href":"https:\/\/monde25.info\/index.php\/wp-json\/wp\/v2\/posts\/3985","targetHints":{"allow":["GET"]}}],"collection":[{"href":"https:\/\/monde25.info\/index.php\/wp-json\/wp\/v2\/posts"}],"about":[{"href":"https:\/\/monde25.info\/index.php\/wp-json\/wp\/v2\/types\/post"}],"author":[{"embeddable":true,"href":"https:\/\/monde25.info\/index.php\/wp-json\/wp\/v2\/users\/1"}],"replies":[{"embeddable":true,"href":"https:\/\/monde25.info\/index.php\/wp-json\/wp\/v2\/comments?post=3985"}],"version-history":[{"count":0,"href":"https:\/\/monde25.info\/index.php\/wp-json\/wp\/v2\/posts\/3985\/revisions"}],"wp:featuredmedia":[{"embeddable":true,"href":"https:\/\/monde25.info\/index.php\/wp-json\/wp\/v2\/media\/3986"}],"wp:attachment":[{"href":"https:\/\/monde25.info\/index.php\/wp-json\/wp\/v2\/media?parent=3985"}],"wp:term":[{"taxonomy":"category","embeddable":true,"href":"https:\/\/monde25.info\/index.php\/wp-json\/wp\/v2\/categories?post=3985"},{"taxonomy":"post_tag","embeddable":true,"href":"https:\/\/monde25.info\/index.php\/wp-json\/wp\/v2\/tags?post=3985"}],"curies":[{"name":"wp","href":"https:\/\/api.w.org\/{rel}","templated":true}]}}