{"id":3994,"date":"2025-03-08T03:01:20","date_gmt":"2025-03-08T02:01:20","guid":{"rendered":"https:\/\/monde25.info\/index.php\/2025\/03\/08\/les-vendeurs-de-guerre-enfant-de-la-societe-sott-net\/"},"modified":"2025-03-08T03:01:20","modified_gmt":"2025-03-08T02:01:20","slug":"les-vendeurs-de-guerre-enfant-de-la-societe-sott-net","status":"publish","type":"post","link":"https:\/\/monde25.info\/index.php\/2025\/03\/08\/les-vendeurs-de-guerre-enfant-de-la-societe-sott-net\/","title":{"rendered":"les vendeurs de guerre \u2014 Enfant de la Soci\u00e9t\u00e9 \u2014 Sott.net"},"content":{"rendered":"<p> <br \/>\n<\/p>\n<div id=\"article-44259\">\n<div class=\"article-header\">\n<div class=\"article-icon\">\n        <img decoding=\"async\" src=\"https:\/\/fr.sott.net\/images\/icons\/pocketknife.png\" title=\"Pocket Knife\" alt=\"Pocket Knife\"\/>\n      <\/div>\n<div class=\"article-info\">\n<div class=\"m-bar\">Jean-Dominique Michel<br \/><em><a target=\"_blank\" href=\"https:\/\/www.youtube.com\/watch?v=uNrVp_Kmhqk&amp;t=542s\" target=\"_blank\">YouTube<\/a><\/em><br \/>ven., 07 mar. 2025 22:55 UTC<\/div>\n<\/p><\/div>\n<\/p><\/div>\n<div class=\"article-body\">\n      L&rsquo;Europe au bord du gouffre ? Rendez-vous pour mettre en perspectives le d\u00e9ferlement de propagande et les intentions des vendeurs de mort \u00e0 la t\u00eate de nos pays&#8230;<\/p>\n<div class=\"article-image-super to-center\"><a target=\"_blank\" href=\"https:\/\/fr.sott.net\/image\/s36\/724344\/full\/i_19_.jpg\" target=\"_blank\"><img decoding=\"async\" src=\"https:\/\/fr.sott.net\/image\/s36\/724344\/super\/i_19_.jpg\" alt=\"ghjk\" title=\"Cliquer pour agrandir\"\/><\/a><\/div>\n<p><iframe loading=\"lazy\" title=\"Direct 6 mars 2025 - Union Europ\u00e9enne : les vendeurs de guerre\" width=\"1110\" height=\"624\" src=\"https:\/\/www.youtube.com\/embed\/uNrVp_Kmhqk?feature=oembed\" frameborder=\"0\" allow=\"accelerometer; autoplay; clipboard-write; encrypted-media; gyroscope; picture-in-picture; web-share\" referrerpolicy=\"strict-origin-when-cross-origin\" allowfullscreen><\/iframe><\/p>\n<\/p><\/div>\n<\/p><\/div>\n<p><br \/>\n<br \/><a href=\"https:\/\/fr.sott.net\/article\/44259-Union-europeenne-les-vendeurs-de-guerre\" target=\"_blank\"\">Source link <\/a><\/p>\n","protected":false},"excerpt":{"rendered":"<p>Jean-Dominique MichelYouTubeven., 07 mar. 2025 22:55 UTC L&rsquo;Europe au bord du gouffre ? Rendez-vous pour mettre en perspectives le d\u00e9ferlement de propagande et les intentions des vendeurs de mort \u00e0&hellip; <\/p>\n","protected":false},"author":1,"featured_media":3995,"comment_status":"open","ping_status":"open","sticky":false,"template":"","format":"standard","meta":{"footnotes":""},"categories":[1],"tags":[],"class_list":["post-3994","post","type-post","status-publish","format-standard","has-post-thumbnail","hentry","category-non-classe"],"_links":{"self":[{"href":"https:\/\/monde25.info\/index.php\/wp-json\/wp\/v2\/posts\/3994","targetHints":{"allow":["GET"]}}],"collection":[{"href":"https:\/\/monde25.info\/index.php\/wp-json\/wp\/v2\/posts"}],"about":[{"href":"https:\/\/monde25.info\/index.php\/wp-json\/wp\/v2\/types\/post"}],"author":[{"embeddable":true,"href":"https:\/\/monde25.info\/index.php\/wp-json\/wp\/v2\/users\/1"}],"replies":[{"embeddable":true,"href":"https:\/\/monde25.info\/index.php\/wp-json\/wp\/v2\/comments?post=3994"}],"version-history":[{"count":0,"href":"https:\/\/monde25.info\/index.php\/wp-json\/wp\/v2\/posts\/3994\/revisions"}],"wp:featuredmedia":[{"embeddable":true,"href":"https:\/\/monde25.info\/index.php\/wp-json\/wp\/v2\/media\/3995"}],"wp:attachment":[{"href":"https:\/\/monde25.info\/index.php\/wp-json\/wp\/v2\/media?parent=3994"}],"wp:term":[{"taxonomy":"category","embeddable":true,"href":"https:\/\/monde25.info\/index.php\/wp-json\/wp\/v2\/categories?post=3994"},{"taxonomy":"post_tag","embeddable":true,"href":"https:\/\/monde25.info\/index.php\/wp-json\/wp\/v2\/tags?post=3994"}],"curies":[{"name":"wp","href":"https:\/\/api.w.org\/{rel}","templated":true}]}}